
{"id":3975,"date":"2018-10-25T17:22:25","date_gmt":"2018-10-25T21:22:25","guid":{"rendered":"http:\/\/cebem.org\/?p=3975"},"modified":"2021-11-22T17:59:52","modified_gmt":"2021-11-22T21:59:52","slug":"curso-virtual-introduccion-al-ordenamiento-territorial-para-la-planificacion-territorial","status":"publish","type":"post","link":"https:\/\/cebem.org\/?p=3975","title":{"rendered":"Curso Virtual: Introducci\u00f3n al Ordenamiento Territorial para la Planificaci\u00f3n Territorial"},"content":{"rendered":"<p style=\"text-align: justify;\">El curso est\u00e1 dentro del marco de implementaci\u00f3n del <a href=\"http:\/\/cvis3.cebem.org\" target=\"_blank\" rel=\"noopener\"><strong>Centro Virtual de Excelencia<\/strong><\/a> con el prop\u00f3sito de recoger y procesar las experiencias locales, y apoyar el intercambio de conocimiento regional y global.<\/p>\n<h4 style=\"text-align: center;\"><a href=\"https:\/\/i0.wp.com\/cebem.org\/wp-content\/uploads\/2018\/10\/ordenamiento-territorial-face.jpg\"><img data-recalc-dims=\"1\" fetchpriority=\"high\" decoding=\"async\" class=\"aligncenter wp-image-3982\" src=\"https:\/\/i0.wp.com\/cebem.org\/wp-content\/uploads\/2018\/10\/ordenamiento-territorial-face-1024x536.jpg?resize=600%2C314\" alt=\"\" width=\"600\" height=\"314\" srcset=\"https:\/\/i0.wp.com\/cebem.org\/wp-content\/uploads\/2018\/10\/ordenamiento-territorial-face.jpg?resize=1024%2C536&amp;ssl=1 1024w, https:\/\/i0.wp.com\/cebem.org\/wp-content\/uploads\/2018\/10\/ordenamiento-territorial-face.jpg?resize=300%2C157&amp;ssl=1 300w, https:\/\/i0.wp.com\/cebem.org\/wp-content\/uploads\/2018\/10\/ordenamiento-territorial-face.jpg?resize=768%2C402&amp;ssl=1 768w, https:\/\/i0.wp.com\/cebem.org\/wp-content\/uploads\/2018\/10\/ordenamiento-territorial-face.jpg?resize=600%2C314&amp;ssl=1 600w, https:\/\/i0.wp.com\/cebem.org\/wp-content\/uploads\/2018\/10\/ordenamiento-territorial-face.jpg?w=1200&amp;ssl=1 1200w\" sizes=\"(max-width: 600px) 100vw, 600px\" \/><\/a><\/h4>\n<h4 style=\"text-align: center;\">Del 11 de Marzo al 14 de Abril de 2019<\/h4>\n<p><strong><span style=\"color: #5c3a97;\">1. SOBRE EL CURSO<\/span><\/strong><\/p>\n<p style=\"text-align: justify;\">Desde hace una d\u00e9cada se vienen cuestionando los procedimientos de la planificaci\u00f3n tradicional en relaci\u00f3n con su falta de operatividad, representatividad, flexibilidad y con su desfase temporal frente a una realidad urbana y rural en permanente cambio. A pesar de estas cr\u00edticas, se observa una recuperaci\u00f3n de la confianza en los instrumentos de planificaci\u00f3n territorial revalorizando sus cualidades e incorporando novedosos aportes de la planificaci\u00f3n estrat\u00e9gica como por ejemplo: la participaci\u00f3n de todos los actores sociales, la integralidad de su planteamiento y la utilizaci\u00f3n eficiente de los recursos.<\/p>\n<p style=\"text-align: justify;\">El Ordenamiento Territorial incorporado en los instrumentos de gesti\u00f3n del territorio y en la planificaci\u00f3n ha venido siendo desde hace algo m\u00e1s de una d\u00e9cada, objeto de atenci\u00f3n de investigadores, instituciones y gobiernos, lo que le ha ganado posicionamiento como instrumento de importancia en el concierto de posibilidades de transformaci\u00f3n de estructuras socioecon\u00f3micas y pol\u00edticas de los pa\u00edses de Am\u00e9rica Latina, en particular en lo que hace referencia al sector rural y recientemente en lo urbano.<\/p>\n<p style=\"text-align: justify;\">Observando lo acontecido con otras pol\u00edticas en la regi\u00f3n, surge la expectativa de si tal como est\u00e1 concebido, tal como est\u00e1 siendo aplicado en estos pa\u00edses, es una moda m\u00e1s, como lo han sido otras pol\u00edticas e instrumentos de planificaci\u00f3n cuyos resultados no han permitido generar cambios en las estructuras socio territoriales hacia la equitatividad, eficiencia, pr\u00e1ctica democr\u00e1tica y participativa, la resoluci\u00f3n de problemas de orden social y econ\u00f3mico de estas sociedades y particularmente de los pobladores rurales.<\/p>\n<p style=\"text-align: justify;\">Las tendencias dominantes en las regiones como han sido por ejemplo la reforma agraria, el aumento de la concentraci\u00f3n de la propiedad y el poder en pocas manos excluyendo cada vez m\u00e1s al productor rural de los medios de producci\u00f3n, el acceso a servicios y oportunidades de crecimiento econ\u00f3mico y calidad de vida, en un marco de uso sostenible de los recursos naturales y la conservaci\u00f3n del medio ambiente, no han sido revertidos y resueltos en la actualidad.<\/p>\n<p style=\"text-align: justify;\">Con las nuevas pol\u00edticas de vigencia actual, el desarrollo se sigue sacrificando a favor del crecimiento como lo prueba la pol\u00edtica sobre cadenas productivas, que si bien genera nuevos dinamismos en el proceso productivo\u2013comercial, privilegia la competitividad sobre la equidad sin considerar en su planteamiento los aspectos medio ambientales y de uso sostenible de los recursos naturales.<\/p>\n<p style=\"text-align: justify;\">La identificaci\u00f3n de las diferentes necesidades de las regiones, para poder formular programas con formas y ritmos diferentes, que sean efectivos en la b\u00fasqueda de respuestas acordes con los problemas de cada territorio, valorizando y movilizando los recursos end\u00f3genos &#8211; sociales, econ\u00f3micos, naturales y culturales, en funci\u00f3n del potencial espec\u00edfico de cada regi\u00f3n o zona territorial; donde la tecnolog\u00eda y el cambio tecnol\u00f3gico como los motores principales en los cambios, en el patr\u00f3n territorial del desarrollo econ\u00f3mico, dependen en gran medida, de las capacidades territoriales identificadas para tipos espec\u00edficos de innovaci\u00f3n.<\/p>\n<p style=\"text-align: justify;\">Hoy tenemos el ordenamiento territorial como una opci\u00f3n, como una posibilidad que evidentemente recoge nuevas ventajas de inter\u00e9s a considerar en relaci\u00f3n a esas pol\u00edticas de desarrollo territorial, pero que tambi\u00e9n presenta grandes retos, como producto de la globalizaci\u00f3n y los nuevos procesos de descentralizaci\u00f3n o auton\u00f3micos, los mismos retos a los cuales siempre ha estado abocado el peque\u00f1o productor rural.<\/p>\n<p><strong><span style=\"color: #5c3a97;\">2. OBJETIVO<\/span><\/strong><\/p>\n<p style=\"text-align: justify;\">Conocer los diferentes enfoques te\u00f3ricos del desarrollo, el proceso y las bases conceptuales del Ordenamiento Territorial en Latinoam\u00e9rica y el Caribe e introducir a los participantes en las principales discusiones te\u00f3ricas en torno a comprender y entender la importancia de la planificaci\u00f3n y particularmente del Ordenamiento Territorial como un nuevo instrumento estrat\u00e9gico de planificaci\u00f3n frente a los desaf\u00edos del desarrollo local y regional dentro contextos particulares como la globalizaci\u00f3n, la descentralizaci\u00f3n y procesos auton\u00f3micos.<\/p>\n<p><strong><span style=\"color: #5c3a97;\">3. DESTINATARIOS<\/span><\/strong><\/p>\n<p style=\"text-align: justify;\">El curso est\u00e1 orientado a Profesionales de Instituciones P\u00fablicas, Organizaciones No Gubernamentales (ONGs), Asociaciones, Fundaciones, Cooperaci\u00f3n Internacional, Organizaciones Sociales o Privadas, entre otros de quienes pretendemos recoger e intercambiar experiencias, expectativas y logros alcanzados en los distintos pa\u00edses para que en un pr\u00f3ximo m\u00f3dulo sobre Planificaci\u00f3n Territorial a partir del Ordenamiento Territorial se desarrollen espec\u00edficamente los instrumentos aplicados, sus aspectos t\u00e9cnico-metodol\u00f3gicos, su formulaci\u00f3n y su implementaci\u00f3n en el marco de los sistemas de planificaci\u00f3n del desarrollo de cada pa\u00eds.<\/p>\n\t\t\t\t\t\t<style>\r\n\t\t\t\t\r\n\t\t\t\t\t#tab_container_3976 {\r\n\toverflow:hidden;\r\n\tdisplay:block;\r\n\twidth:100%;\r\n\tborder:0px solid #ddd;\r\n\tmargin-bottom:30px;\r\n\t}\r\n\r\n#tab_container_3976 .tab-content{\r\n\tpadding:20px;\r\n\tborder: 1px solid #e6e6e6 !important;\r\n\tmargin-top: 0px;\r\n\tbackground-color:#ffffff !important;\r\n\tcolor: #000000 !important;\r\n\tfont-size:15px !important;\r\n\tfont-family: Arial !important;\r\n\t\r\n\t\tborder: 1px solid #e6e6e6 !important;\r\n\t}\r\n#tab_container_3976 .wpsm_nav-tabs {\r\n    border-bottom: 0px solid #ddd;\r\n}\r\n#tab_container_3976 .wpsm_nav-tabs > li.active > a, #tab_container_3976 .wpsm_nav-tabs > li.active > a:hover, #tab_container_3976 .wpsm_nav-tabs > li.active > a:focus {\r\n\tcolor: #000000 !important;\r\n\tcursor: default;\r\n\tbackground-color: #ffffff !important;\r\n\tborder: 1px solid #e6e6e6 !important;\r\n}\r\n\r\n#tab_container_3976 .wpsm_nav-tabs > li > a {\r\n    margin-right: 0px !important; \r\n    line-height: 1.42857143 !important;\r\n    border: 1px solid #80acb9 !important;\r\n    border-radius: 0px 0px 0 0 !important; \r\n\tbackground-color: #93bfcc !important;\r\n\tcolor: #000000 !important;\r\n\tpadding: 15px 18px 15px 18px !important;\r\n\ttext-decoration: none !important;\r\n\tfont-size: 16px !important;\r\n\ttext-align:center !important;\r\n\tfont-family: Arial !important;\r\n}\r\n#tab_container_3976 .wpsm_nav-tabs > li > a:focus {\r\noutline: 0px !important;\r\n}\r\n\r\n#tab_container_3976 .wpsm_nav-tabs > li > a:before {\r\n\tdisplay:none !important;\r\n}\r\n#tab_container_3976 .wpsm_nav-tabs > li > a:after {\r\n\tdisplay:none !important ;\r\n}\r\n#tab_container_3976 .wpsm_nav-tabs > li{\r\npadding:0px !important ;\r\nmargin:0px;\r\n}\r\n\r\n#tab_container_3976 .wpsm_nav-tabs > li > a:hover , #tab_container_3976 .wpsm_nav-tabs > li > a:focus {\r\n    color: #000000 !important;\r\n    background-color: #93bfcc !important;\r\n\tborder: 1px solid #80acb9 !important;\r\n\t\r\n}\r\n#tab_container_3976 .wpsm_nav-tabs > li > a .fa{\r\n\r\nmargin-right:5px !important;\r\n\r\nmargin-left:5px !important;\r\n\r\n\r\n}\r\n\r\n\t\t#tab_container_3976 .wpsm_nav-tabs a{\r\n\t\t\tbackground-image: url(https:\/\/cebem.org\/wp-content\/plugins\/tabs-responsive\/assets\/images\/style-soft.png);\r\n\t\t\tbackground-position: 0 0;\r\n\t\t\tbackground-repeat: repeat-x;\r\n\t\t}\r\n\t\t\t\r\n\r\n\r\n#tab_container_3976 .wpsm_nav-tabs > li {\r\n    float: left;\r\n    margin-bottom: -1px !important;\r\n\tmargin-right:0px !important; \r\n}\r\n\r\n\r\n#tab_container_3976 .tab-content{\r\noverflow:hidden !important;\r\n}\r\n\r\n\r\n@media (min-width: 769px) {\r\n\r\n\t#tab_container_3976 .wpsm_nav-tabs > li{\r\n\t\tfloat:left !important ;\r\n\t\t\t\tmargin-right:-1px !important;\r\n\t\t\t\t\t}\r\n\t#tab_container_3976 .wpsm_nav-tabs{\r\n\t\tfloat:none !important;\r\n\t\tmargin:0px !important;\r\n\t}\r\n\r\n\t#tab_container_3976 .wpsm_nav-tabs > li {\r\n\t\t\t\t\r\n\t}\r\n\t#tab_container_3976 .wpsm_nav{\r\n\t\t\t}\r\n\r\n}\r\n\r\n\r\n\r\n@media (max-width: 768px) {\r\n\t#tab_container_3976 .wpsm_nav-tabs > li {\r\n\t\t\t\t\r\n\t}\r\n\t#tab_container_3976 .wpsm_nav{\r\n\t\t\t}\r\n}\r\n\r\n\r\n\t.wpsm_nav-tabs li:before{\r\n\t\tdisplay:none !important;\r\n\t}\r\n\r\n\t@media (max-width: 768px) {\r\n\t\t\t\t\r\n\t\t\t\t.wpsm_nav-tabs{\r\n\t\t\tmargin-left:0px !important;\r\n\t\t\tmargin-right:0px !important; \r\n\t\t\t\r\n\t\t}\r\n\t\t\t\t#tab_container_3976 .wpsm_nav-tabs > li{\r\n\t\t\tfloat:none !important;\r\n\t\t}\r\n\t\t\t\r\n\t}\t\t\t\t<\/style>\r\n\t\t\t\t<div id=\"tab_container_3976\" >\r\n\t \r\n\t\t\t\t\t<ul class=\"wpsm_nav wpsm_nav-tabs\" role=\"tablist\" id=\"myTab_3976\">\r\n\t\t\t\t\t\t\t\r\n\t\t\t\t\t\t\t<li role=\"presentation\"  class=\"active\"  onclick=\"do_resize()\">\r\n\t\t\t\t\t\t\t\t<a href=\"#tabs_desc_3976_1\" aria-controls=\"tabs_desc_3976_1\" role=\"tab\" data-toggle=\"tab\">\r\n\t\t\t\t\t\t\t\t\t\r\n\t\t\t\t\t\t\t\t\t\t\t\t\t\t\t\t\t\t\t\t\t\t\t\t\t\t\t\t\t\t\t<i class=\"fa fa-align-justify\"><\/i> \t\t\t\t\t\t\t\t\t\t\t\t\t\t\t\t\t\t\t\r\n\t\t\t\t\t\t\t\t\t\t\t\t\t\t\t\t\t\t\r\n\t\t\t\t\t\t\t\t\t<span>Contenido<\/span>\r\n\t\t\t\t\t\t\t\t\t\r\n\t\t\t\t\t\t\t\t\t\t\t\t\t\t\t\t\t\t\r\n\t\t\t\t\t\t\t\t\t\t\t\t\t\t\t\t\t\t\t\t\r\n\t\t\t\t\t\t\t\t\t\r\n\t\t\t\t\t\t\t\t<\/a>\r\n\t\t\t\t\t\t\t<\/li>\r\n\t\t\t\t\t\t\t\r\n\t\t\t\t\t\t\t<li role=\"presentation\"  onclick=\"do_resize()\">\r\n\t\t\t\t\t\t\t\t<a href=\"#tabs_desc_3976_2\" aria-controls=\"tabs_desc_3976_2\" role=\"tab\" data-toggle=\"tab\">\r\n\t\t\t\t\t\t\t\t\t\r\n\t\t\t\t\t\t\t\t\t\t\t\t\t\t\t\t\t\t\t\t\t\t\t\t\t\t\t\t\t\t\t<i class=\"fa fa-cog\"><\/i> \t\t\t\t\t\t\t\t\t\t\t\t\t\t\t\t\t\t\t\r\n\t\t\t\t\t\t\t\t\t\t\t\t\t\t\t\t\t\t\r\n\t\t\t\t\t\t\t\t\t<span>Metodolog\u00eda<\/span>\r\n\t\t\t\t\t\t\t\t\t\r\n\t\t\t\t\t\t\t\t\t\t\t\t\t\t\t\t\t\t\r\n\t\t\t\t\t\t\t\t\t\t\t\t\t\t\t\t\t\t\t\t\r\n\t\t\t\t\t\t\t\t\t\r\n\t\t\t\t\t\t\t\t<\/a>\r\n\t\t\t\t\t\t\t<\/li>\r\n\t\t\t\t\t\t\t\r\n\t\t\t\t\t\t\t<li role=\"presentation\"  onclick=\"do_resize()\">\r\n\t\t\t\t\t\t\t\t<a href=\"#tabs_desc_3976_3\" aria-controls=\"tabs_desc_3976_3\" role=\"tab\" data-toggle=\"tab\">\r\n\t\t\t\t\t\t\t\t\t\r\n\t\t\t\t\t\t\t\t\t\t\t\t\t\t\t\t\t\t\t\t\t\t\t\t\t\t\t\t\t\t\t<i class=\"fa fa-calendar\"><\/i> \t\t\t\t\t\t\t\t\t\t\t\t\t\t\t\t\t\t\t\r\n\t\t\t\t\t\t\t\t\t\t\t\t\t\t\t\t\t\t\r\n\t\t\t\t\t\t\t\t\t<span>Duraci\u00f3n<\/span>\r\n\t\t\t\t\t\t\t\t\t\r\n\t\t\t\t\t\t\t\t\t\t\t\t\t\t\t\t\t\t\r\n\t\t\t\t\t\t\t\t\t\t\t\t\t\t\t\t\t\t\t\t\r\n\t\t\t\t\t\t\t\t\t\r\n\t\t\t\t\t\t\t\t<\/a>\r\n\t\t\t\t\t\t\t<\/li>\r\n\t\t\t\t\t\t\t\r\n\t\t\t\t\t\t\t<li role=\"presentation\"  onclick=\"do_resize()\">\r\n\t\t\t\t\t\t\t\t<a href=\"#tabs_desc_3976_4\" aria-controls=\"tabs_desc_3976_4\" role=\"tab\" data-toggle=\"tab\">\r\n\t\t\t\t\t\t\t\t\t\r\n\t\t\t\t\t\t\t\t\t\t\t\t\t\t\t\t\t\t\t\t\t\t\t\t\t\t\t\t\t\t\t<i class=\"fa fa-male\"><\/i> \t\t\t\t\t\t\t\t\t\t\t\t\t\t\t\t\t\t\t\r\n\t\t\t\t\t\t\t\t\t\t\t\t\t\t\t\t\t\t\r\n\t\t\t\t\t\t\t\t\t<span>Facilitador<\/span>\r\n\t\t\t\t\t\t\t\t\t\r\n\t\t\t\t\t\t\t\t\t\t\t\t\t\t\t\t\t\t\r\n\t\t\t\t\t\t\t\t\t\t\t\t\t\t\t\t\t\t\t\t\r\n\t\t\t\t\t\t\t\t\t\r\n\t\t\t\t\t\t\t\t<\/a>\r\n\t\t\t\t\t\t\t<\/li>\r\n\t\t\t\t\t\t\t\r\n\t\t\t\t\t\t\t<li role=\"presentation\"  onclick=\"do_resize()\">\r\n\t\t\t\t\t\t\t\t<a href=\"#tabs_desc_3976_5\" aria-controls=\"tabs_desc_3976_5\" role=\"tab\" data-toggle=\"tab\">\r\n\t\t\t\t\t\t\t\t\t\r\n\t\t\t\t\t\t\t\t\t\t\t\t\t\t\t\t\t\t\t\t\t\t\t\t\t\t\t\t\t\t\t<i class=\"fa fa-dollar\"><\/i> \t\t\t\t\t\t\t\t\t\t\t\t\t\t\t\t\t\t\t\r\n\t\t\t\t\t\t\t\t\t\t\t\t\t\t\t\t\t\t\r\n\t\t\t\t\t\t\t\t\t<span>Inversi\u00f3n<\/span>\r\n\t\t\t\t\t\t\t\t\t\r\n\t\t\t\t\t\t\t\t\t\t\t\t\t\t\t\t\t\t\r\n\t\t\t\t\t\t\t\t\t\t\t\t\t\t\t\t\t\t\t\t\r\n\t\t\t\t\t\t\t\t\t\r\n\t\t\t\t\t\t\t\t<\/a>\r\n\t\t\t\t\t\t\t<\/li>\r\n\t\t\t\t\t\t\t\t\t\t\t <\/ul>\r\n\r\n\t\t\t\t\t  <!-- Tab panes -->\r\n\t\t\t\t\t  <div class=\"tab-content\" id=\"tab-content_3976\">\r\n\t\t\t\t\t\t\t\t\t\t\t\t <div role=\"tabpanel\" class=\"tab-pane  in active \" id=\"tabs_desc_3976_1\">\r\n\t\t\t\t\t\t\t\tLos contenidos modulares centrales del curso son:<br>\r\n\r\n<strong>MODULO 1<\/strong> - Introducci\u00f3n: Familiariz\u00e1ndonos con el curso, recursos did\u00e1cticos, accesos y manejo del campus.<br><br>\r\n\r\n<strong>MODULO 2<\/strong> \u2013 Desarrollo y Planificaci\u00f3n del Territorio: Te\u00f3ricas del desarrollo y bases conceptuales.<br><br>\r\n\r\n<strong>MODULO 3<\/strong> \u2013 Origen del Ordenamiento Territorial. Estado actual\u00a0 y necesidades.<br><br>\r\n\r\n<strong>MODULO 4<\/strong> \u2013 Elementos conceptuales de Ordenamiento Territorial.<br><br>\r\n\r\n<strong>MODULO 5<\/strong> \u2013 Estudio de caso. El Ordenamiento Territorial en Bolivia.\t\t\t\t\t\t <\/div>\r\n\t\t\t\t\t\t\t\t\t\t\t\t <div role=\"tabpanel\" class=\"tab-pane \" id=\"tabs_desc_3976_2\">\r\n\t\t\t\t\t\t\t\t<p style=\"text-align: justify;\">Nuestro inter\u00e9s fundamental es<strong> generar productos al final del curso<\/strong> que represente aprendizajes para los participantes y motiven el an\u00e1lisis del contexto propio de cada pa\u00eds <strong>sobre Desarrollo, Planificaci\u00f3n Territorial para el Ordenamiento Territorial.<\/strong><\/p>\r\n<p style=\"text-align: justify;\">En el curso se utilizar\u00e1n las siguientes actividades did\u00e1cticas:<\/p>\r\n\r\n<ol>\r\n \t<li style=\"text-align: justify;\">Control de Lectura de cada m\u00f3dulo.<\/li>\r\n \t<li style=\"text-align: justify;\">Foros tem\u00e1ticos: que permitir\u00e1n brindar a los participantes un espacio para la deliberaci\u00f3n colectiva de sus experiencias, conocimiento y opiniones sobre cada tema, la moderaci\u00f3n estar\u00e1 a cargo del facilitador del curso.<\/li>\r\n \t<li style=\"text-align: justify;\">Ensayo personal, sobre los temas: que permitir\u00e1 preparar una breve caracterizaci\u00f3n de contexto sobre cada tema modular.<\/li>\r\n<\/ol>\t\t\t\t\t\t <\/div>\r\n\t\t\t\t\t\t\t\t\t\t\t\t <div role=\"tabpanel\" class=\"tab-pane \" id=\"tabs_desc_3976_3\">\r\n\t\t\t\t\t\t\t\t<p style=\"text-align: justify;\">El curso est\u00e1 dise\u00f1ado para ser realizado en 5 semanas (incluido el modulo introductorio).\r\n<\/p>\r\n<strong><em>Fecha estimada de inicio del curso: Del 11 de Marzo al 14 de Abril de 2019 <\/em><\/strong>\t\t\t\t\t\t <\/div>\r\n\t\t\t\t\t\t\t\t\t\t\t\t <div role=\"tabpanel\" class=\"tab-pane \" id=\"tabs_desc_3976_4\">\r\n\t\t\t\t\t\t\t\t<p style=\"text-align: justify;\"><a href=\"https:\/\/i0.wp.com\/cebem.org\/wp-content\/uploads\/2018\/10\/perfil-david-fernandez.jpg\"><img data-recalc-dims=\"1\" decoding=\"async\" class=\"alignleft wp-image-3979 size-thumbnail\" src=\"https:\/\/i0.wp.com\/cebem.org\/wp-content\/uploads\/2018\/10\/perfil-david-fernandez-150x150.jpg?resize=150%2C150\" alt=\"\" width=\"150\" height=\"150\" srcset=\"https:\/\/i0.wp.com\/cebem.org\/wp-content\/uploads\/2018\/10\/perfil-david-fernandez.jpg?resize=150%2C150&amp;ssl=1 150w, https:\/\/i0.wp.com\/cebem.org\/wp-content\/uploads\/2018\/10\/perfil-david-fernandez.jpg?zoom=2&amp;resize=150%2C150&amp;ssl=1 300w\" sizes=\"(max-width: 150px) 100vw, 150px\" \/><\/a>Soy David Fern\u00e1ndez Candia, docente de este curso. Soy Ingeniero Agr\u00f3nomo, Master of Science en Geoinformaci\u00f3n para el manejo sostenible del Recurso Suelo en el ITC de Holanda con el tema de tesis <em>\"Levantamiento de Suelos Pr\u00e1ctico para la Clasificaci\u00f3n de Tierras y Planificaci\u00f3n del Uso de la Tierra en Bolivia\"<\/em>. Especialista en Sistemas de Gesti\u00f3n Ambiental ISO 14.000, Gesti\u00f3n y Evaluaci\u00f3n de Impacto Ambiental de Proyectos de Inversi\u00f3n, Especialista en proyectos de Desarrollo Alternativo\/Integral. Actualmente me encuentro prestando mis servicios en la Oficina de Naciones Unidades contra la Droga y el Delito en su Programa de Desarrollo Alternativo como Coordinador de Proyectos.<\/p>\r\n<p style=\"text-align: justify;\">Espero poder contribuir y despertar inter\u00e9s en ustedes para incursionar inicialmente sobre las teor\u00edas del Desarrollo Territorial aplicadas en los pa\u00edses, el ordenamiento territorial, su origen, importancia e implementaci\u00f3n en Latinoam\u00e9rica y el Caribe, particularmente en Bolivia, despu\u00e9s en principio establecer el marco te\u00f3rico y conceptual que orientan la \u00a0aplicaci\u00f3n y formulaci\u00f3n de instrumentos en de planificaci\u00f3n de alcance nacional, departamental, municipal en \u00e1reas rurales y urbanas.<\/p>\r\n<p style=\"text-align: justify;\">Este primer curso pretende inicialmente conocer el proceso de ordenamiento en Latinoam\u00e9rica y el Caribe. Por otro lado, hacer comprender y entender la importancia y los desaf\u00edos que se presentan en los territorios y regiones de los pa\u00edses latinoamericanos al plantear el ordenamiento territorial como el instrumento integral, flexible para el dise\u00f1o de pol\u00edticas p\u00fablicas de desarrollo econ\u00f3mico, social, ambiental, urban\u00edstico y territorial, orientadas en el uso adecuado de los recursos naturales y la ocupaci\u00f3n del territorio de forma sostenible y ambientalmente amigable, dentro de los contextos socio estructurales propios de cada pa\u00eds.<\/p>\t\t\t\t\t\t <\/div>\r\n\t\t\t\t\t\t\t\t\t\t\t\t <div role=\"tabpanel\" class=\"tab-pane \" id=\"tabs_desc_3976_5\">\r\n\t\t\t\t\t\t\t\t<span style=\"color: #5c3a97;\"><strong>LA INVERSI\u00d3N LE DA DERECHO A:<\/strong><\/span>\r\n<ul>\r\n \t<li>Curso introductorio para el manejo del Campus Virtual CEBEM que orienta al participante sobre el estudio dentro el modelo pedag\u00f3gico virtual.<\/li>\r\n \t<li>Todo el material did\u00e1ctico (obligatorio y adicional) ofrecido en forma electr\u00f3nica (para descargar) a trav\u00e9s del Campus Virtual.<\/li>\r\n \t<li>Tutor\u00eda permanente con un alto nivel acad\u00e9mico durante la duraci\u00f3n del curso.<\/li>\r\n \t<li>Un certificado que acredita que aprob\u00f3 o participo en el curso.<\/li>\r\n<\/ul>\r\n<p style=\"text-align: justify;\"><span style=\"color: #5c3a97;\"><strong>INVERSI\u00d3N:<\/strong><\/span>\r\n900 Bolivianos o su equivalente en d\u00f3lares (130 $us.)<\/p>\r\nExiste un descuento de 200 Bs. o su equivalente en d\u00f3lares por pago al contado hasta el viernes 16 de noviembre pagando al contado.\r\n<p style=\"text-align: justify;\"><span style=\"color: #5c3a97;\"><strong>FORMAS DE PAGO:<\/strong><\/span><\/p>\r\n<strong>SI VIVE EN BOLIVIA<\/strong>\r\n<ol>\r\n \t<li><strong>Dep\u00f3sito bancario<\/strong><br>\r\nInstituci\u00f3n: Banco BISA<br>\r\nCuenta corriente: 130861-206-2<br>\r\nTitular de la cuenta: Cebem<\/li>\r\n \t<li><strong>Pago en efectivo\r\n<\/strong><br>Direcci\u00f3n: Calle Capit\u00e1n Ravelo No. 2077, entre Calles Goitia y Montevideo frente a la Caja de la Banca Privada, La Paz, Bolivia<br>\r\nTel\u00e9fono y\/o Fax: +591 (2) 2441497 \u2013 2441916<\/li>\r\n \t<li><strong>Prodem (para el interior del pa\u00eds)<\/strong><br>\r\nDestinatario: Cinda Beatriz Herrera Rodr\u00edguez<br>\r\nCI: 2234285 LP<\/li>\r\n \t<li><strong>FIE (para el interior del pa\u00eds)<br>\r\n<\/strong>Destinatario: Cinda Beatriz Herrera Rodr\u00edguez<br>\r\nCI: 2234285 LP<\/li>\r\n<\/ol>\r\n \r\n\r\n<strong>SI VIVE EN EL EXTERIOR<\/strong>\r\n<ol>\r\n \t<li><strong>Western Union\r\n<\/strong><br>Destinatario: Cinda Beatriz Herrera Rodr\u00edguez<br>\r\nCI: 2234285 LP<br>\r\nLocalidad: La Paz, Bolivia<\/li>\r\n \t<li><strong>Transferencia bancaria\r\n<\/strong><br>Si opta por esta forma, favor comunicarse con <a href=\"mailto:beatriz@cebem.org\">beatriz@cebem.org<\/a> para que le env\u00ede los datos y disposiciones de nuestro banco para realizar la transferencia.<\/li>\r\n<\/ol>\t\t\t\t\t\t <\/div>\r\n\t\t\t\t\t\t\t\r\n\t\t\t\t\t <\/div>\r\n\t\t\t\t\t \r\n\t\t\t\t <\/div>\r\n <script>\r\n\t\tjQuery(function () {\r\n\t\t\tjQuery('#myTab_3976 a:first').tab('show')\r\n\t\t});\r\n\t\t\r\n\t\t\t\tjQuery(function(){\r\n\t\t\tvar b=\"fadeIn\";\r\n\t\t\tvar c;\r\n\t\t\tvar a;\r\n\t\t\td(jQuery(\"#myTab_3976 a\"),jQuery(\"#tab-content_3976\"));function d(e,f,g){\r\n\t\t\t\te.click(function(i){\r\n\t\t\t\t\ti.preventDefault();\r\n\t\t\t\t\tjQuery(this).tab(\"show\");\r\n\t\t\t\t\tvar h=jQuery(this).data(\"easein\");\r\n\t\t\t\t\tif(c){c.removeClass(a);}\r\n\t\t\t\t\tif(h){f.find(\"div.active\").addClass(\"animated \"+h);a=h;}\r\n\t\t\t\t\telse{if(g){f.find(\"div.active\").addClass(\"animated \"+g);a=g;}else{f.find(\"div.active\").addClass(\"animated \"+b);a=b;}}c=f.find(\"div.active\");\r\n\t\t\t\t});\r\n\t\t\t}\r\n\t\t});\r\n\t\t\r\n\r\n\t\tfunction do_resize(){\r\n\r\n\t\t\tvar width=jQuery( '.tab-content .tab-pane iframe' ).width();\r\n\t\t\tvar height=jQuery( '.tab-content .tab-pane iframe' ).height();\r\n\r\n\t\t\tvar toggleSize = true;\r\n\t\t\tjQuery('iframe').animate({\r\n\t\t\t    width: toggleSize ? width : 640,\r\n\t\t\t    height: toggleSize ? height : 360\r\n\t\t\t  }, 250);\r\n\r\n\t\t\t  toggleSize = !toggleSize;\r\n\t\t}\r\n\r\n\r\n\t<\/script>\r\n\t\t\t\t\r\n\t\t\t\n<h3 style=\"text-align: center;\">Si te interesa el curso&#8230;<\/h3>\n<p style=\"text-align: center;\"><a href=\"https:\/\/goo.gl\/forms\/nSjOaaCqPDVypGcv2\" target=\"_blank\" rel=\"noopener\"><input type=\"submit\" value=\"Preinscr\u00edbete AQU\u00cd\"><\/a><\/p>\n<p><strong>Contacto:<\/strong> Beatriz Herrera <strong><a href=\"mailto:beatriz@cebem.org\">beatriz@cebem.org<\/a><\/strong><\/p>\n","protected":false},"excerpt":{"rendered":"<p>El curso est\u00e1 dentro del marco de implementaci\u00f3n del Centro Virtual de Excelencia con el prop\u00f3sito de recoger y procesar las experiencias locales, y apoyar el intercambio de conocimiento regional y global. Del 11 de Marzo al 14 de Abril de 2019 1. SOBRE EL CURSO Desde hace una d\u00e9cada se vienen cuestionando los procedimientos &hellip; <\/p>\n<p><a class=\"more-link btn\" href=\"https:\/\/cebem.org\/?p=3976\">Seguir leyendo<\/a><\/p>\n","protected":false},"author":2,"featured_media":3982,"comment_status":"open","ping_status":"closed","sticky":false,"template":"","format":"standard","meta":{"_jetpack_memberships_contains_paid_content":false,"footnotes":"","jetpack_publicize_message":"#Curso Virtual: Introducci\u00f3n al Ordenamiento #Territorial para la #Planificaci\u00f3n Territorial\r\n\r\nINICIO 12 de noviembre","jetpack_publicize_feature_enabled":true,"jetpack_social_post_already_shared":true,"jetpack_social_options":{"image_generator_settings":{"template":"highway","default_image_id":0,"font":"","enabled":false},"version":2}},"categories":[4],"tags":[169,179,38],"class_list":["post-3975","post","type-post","status-publish","format-standard","has-post-thumbnail","hentry","category-cursos-culminados-cebem","tag-boletin-7-2018","tag-boletin-8-2018","tag-curso","nodate","item-wrap"],"jetpack_publicize_connections":[],"jetpack_featured_media_url":"https:\/\/i0.wp.com\/cebem.org\/wp-content\/uploads\/2018\/10\/ordenamiento-territorial-face.jpg?fit=1200%2C628&ssl=1","jetpack_sharing_enabled":true,"_links":{"self":[{"href":"https:\/\/cebem.org\/index.php?rest_route=\/wp\/v2\/posts\/3975","targetHints":{"allow":["GET"]}}],"collection":[{"href":"https:\/\/cebem.org\/index.php?rest_route=\/wp\/v2\/posts"}],"about":[{"href":"https:\/\/cebem.org\/index.php?rest_route=\/wp\/v2\/types\/post"}],"author":[{"embeddable":true,"href":"https:\/\/cebem.org\/index.php?rest_route=\/wp\/v2\/users\/2"}],"replies":[{"embeddable":true,"href":"https:\/\/cebem.org\/index.php?rest_route=%2Fwp%2Fv2%2Fcomments&post=3975"}],"version-history":[{"count":10,"href":"https:\/\/cebem.org\/index.php?rest_route=\/wp\/v2\/posts\/3975\/revisions"}],"predecessor-version":[{"id":9330,"href":"https:\/\/cebem.org\/index.php?rest_route=\/wp\/v2\/posts\/3975\/revisions\/9330"}],"wp:featuredmedia":[{"embeddable":true,"href":"https:\/\/cebem.org\/index.php?rest_route=\/wp\/v2\/media\/3982"}],"wp:attachment":[{"href":"https:\/\/cebem.org\/index.php?rest_route=%2Fwp%2Fv2%2Fmedia&parent=3975"}],"wp:term":[{"taxonomy":"category","embeddable":true,"href":"https:\/\/cebem.org\/index.php?rest_route=%2Fwp%2Fv2%2Fcategories&post=3975"},{"taxonomy":"post_tag","embeddable":true,"href":"https:\/\/cebem.org\/index.php?rest_route=%2Fwp%2Fv2%2Ftags&post=3975"}],"curies":[{"name":"wp","href":"https:\/\/api.w.org\/{rel}","templated":true}]}}