
{"id":3961,"date":"2018-10-19T23:32:40","date_gmt":"2018-10-20T03:32:40","guid":{"rendered":"http:\/\/cebem.org\/?p=3961"},"modified":"2018-11-05T10:26:11","modified_gmt":"2018-11-05T14:26:11","slug":"curso-virtual-gestion-para-resultados-2da-version","status":"publish","type":"post","link":"https:\/\/cebem.org\/?p=3961","title":{"rendered":"Curso Virtual: Gesti\u00f3n para resultados (2da Versi\u00f3n)"},"content":{"rendered":"<p>El curso est\u00e1 dentro del marco de implementaci\u00f3n del <a href=\"http:\/\/cvis3.cebem.org\" target=\"_blank\" rel=\"noopener\"><strong>Centro Virtual de Excelencia<\/strong><\/a> con el prop\u00f3sito de recoger y procesar las experiencias locales, y apoyar el intercambio de conocimiento regional y global.<\/p>\n<p style=\"text-align: justify;\"><strong>Nueva fecha de inicio: Del 12 de noviembre al 19 de diciembre de 2018<\/strong><br \/>\n<a href=\"https:\/\/i0.wp.com\/cebem.org\/wp-content\/uploads\/2018\/04\/gestion-resultados.jpg\"><img data-recalc-dims=\"1\" fetchpriority=\"high\" decoding=\"async\" class=\"alignleft wp-image-3393 size-medium\" src=\"https:\/\/i0.wp.com\/cebem.org\/wp-content\/uploads\/2018\/04\/gestion-resultados-300x293.jpg?resize=300%2C293\" alt=\"\" width=\"300\" height=\"293\" srcset=\"https:\/\/i0.wp.com\/cebem.org\/wp-content\/uploads\/2018\/04\/gestion-resultados.jpg?resize=300%2C293&amp;ssl=1 300w, https:\/\/i0.wp.com\/cebem.org\/wp-content\/uploads\/2018\/04\/gestion-resultados.jpg?resize=600%2C585&amp;ssl=1 600w, https:\/\/i0.wp.com\/cebem.org\/wp-content\/uploads\/2018\/04\/gestion-resultados.jpg?w=693&amp;ssl=1 693w\" sizes=\"(max-width: 300px) 100vw, 300px\" \/><\/a><br \/>\nEste curso es parte del <a href=\"http:\/\/cebem.org\/?p=3339\" target=\"_blank\" rel=\"noopener\"><u>Programa de Desarrollo de Competencias Profesionales Especializadas.<\/u><\/a><\/p>\n<p style=\"text-align: justify;\"><span style=\"color: #5c3a97;\"><strong><em>RELEVANCIA DEL CURSO \u00bfCU\u00c1L ES? <\/em><\/strong><\/span><\/p>\n<p style=\"text-align: justify;\"><em><u>La trampa del activismo atrapa<\/u><\/em> <em><u>a los directivos, gerentes, profesionales,<\/u><\/em> as\u00ed como a las organizaciones sean p\u00fablicas, privadas y\/o de car\u00e1cter social, <em><u>los atrapa en actividades operativas<\/u> <u>haci\u00e9ndoles olvidar los resultados, impactos o efectos que pretenden alcanzar,<\/u><\/em> as\u00ed como la implementaci\u00f3n exitosa de estrategias para alcanzar los resultados.<\/p>\n<p style=\"text-align: justify;\">\u00bfC\u00f3mo reorientar su gesti\u00f3n hacia una gesti\u00f3n para resultados?, \u00bfCu\u00e1les son los principales componentes de una gesti\u00f3n para resultados? \u00bfCu\u00e1l es la vinculaci\u00f3n entre la planificaci\u00f3n y la gesti\u00f3n para resultados? \u00bfQu\u00e9 mecanismos, instrumentos, t\u00e9cnicas pueden apoyar la gesti\u00f3n para resultados?, ser\u00e1n algunas de las preguntas centrales que el curso ayudara a resolver mediante el desarrollo de competencias en esta \u00e1rea.<\/p>\n<p><span style=\"color: #5c3a97;\"><strong><em>OBJETIVO CENTRAL DEL CURSO <\/em><\/strong><\/span><\/p>\n<p style=\"text-align: justify;\"><em><u>Desarrollar y fortalecer competencias profesionales especializadas en la gesti\u00f3n para resultados<\/u><\/em> que permita a los profesionales reorientar la gesti\u00f3n institucional, reorientar el alcance de sus \u00e1reas, departamentos, o unidades funcionales, establecer estrategias y planes, mejorar la eficiencia y eficacia y alcanzar mejor las metas organizacionales.<\/p>\n<p><span style=\"color: #5c3a97;\"><strong><em>COMPETENCIAS CENTRALES A SER DESARROLLADAS<\/em><\/strong><\/span><\/p>\n<ul style=\"text-align: justify;\">\n<li>Los profesionales comprender\u00e1n de manera clara el significado de la gesti\u00f3n para resultados y sus principales componentes.<\/li>\n<li>Contaran con los elementos necesarios te\u00f3ricos y pr\u00e1cticos para reorientar la gesti\u00f3n, las estrategias y planes de sus organizaciones, empresas, \u00e1reas, departamentos, o unidades funcionales, hacia resultados que les permitan mejorar la eficiencia y eficacia y por tanto ser m\u00e1s efectivos en el alcance de sus metas organizacionales orientados a la satisfacci\u00f3n de sus clientes y\/o publico meta.<\/li>\n<li>Podr\u00e1n aplicar <u>diversos instrumentos, t\u00e9cnicas y metodolog\u00edas<\/u> para el desarrollo e implementaci\u00f3n de la GpR.<\/li>\n<li>Contaran con las competencias necesarias para reorientar y\/o plantear orientaciones a la gesti\u00f3n para resultados en sus organizaciones, \u00e1reas o departamentos e incluso a nivel personal y\/o profesional.<\/li>\n<\/ul>\n<p><span style=\"color: #5c3a97;\"><strong><em>DESCRIPCI\u00d3N DEL CURSO<\/em><\/strong><\/span><\/p>\n<p style=\"text-align: justify;\"><strong><em>En este curso conocer\u00e1s en profundidad la gesti\u00f3n para resultados, sus principales caracter\u00edsticas, componentes, y herramientas que facilitan su desarrollo, implementaci\u00f3n, seguimiento y evaluaci\u00f3n. <\/em><\/strong><\/p>\n<p style=\"text-align: justify;\">El curso se compone de 5 m\u00f3dulos de desarrollo de contenidos, m\u00e1s 1 modulo orientado a familiarizarse con el mismo, entender acerca de los recursos did\u00e1cticos y accesos a la plataforma.<\/p>\n<p style=\"text-align: justify;\">Para recibir el certificado de aprobaci\u00f3n del curso deber\u00e1s realizar al menos el 75% de los ejercicios o pr\u00e1cticas aplicadas y concluir con los contenidos modulares.<\/p>\n<p><span style=\"color: #5c3a97;\"><strong><em>DESTINATARIOS:<\/em><\/strong><\/span><\/p>\n<p style=\"text-align: justify;\">El curso est\u00e1 orientado a Profesionales de Organizaciones No Gubernamentales (ONGs), Asociaciones, Fundaciones, Cooperaci\u00f3n Internacional, Organizaciones Sociales o Privadas que:<\/p>\n<ul>\n<li style=\"text-align: justify;\">Tengan responsabilidad en asegurar el cumplimiento de resultados (Directivos, responsables, gerentes, o mandos con colaboradores a su cargo).<\/li>\n<li style=\"text-align: justify;\">Profesionales vinculados a las \u00e1reas de planificaci\u00f3n y\/o programaci\u00f3n.<\/li>\n<li style=\"text-align: justify;\">Profesionales en general que quieran fortalecer capacidades y competencias en la gesti\u00f3n para resultados, o busquen mejorar la misma a nivel institucional o profesional.<\/li>\n<\/ul>\n\t\t\t\t\t\t<style>\r\n\t\t\t\t\r\n\t\t\t\t\t#tab_container_3962 {\r\n\toverflow:hidden;\r\n\tdisplay:block;\r\n\twidth:100%;\r\n\tborder:0px solid #ddd;\r\n\tmargin-bottom:30px;\r\n\t}\r\n\r\n#tab_container_3962 .tab-content{\r\n\tpadding:20px;\r\n\tborder: 1px solid #e6e6e6 !important;\r\n\tmargin-top: 0px;\r\n\tbackground-color:#ffffff !important;\r\n\tcolor: #000000 !important;\r\n\tfont-size:15px !important;\r\n\tfont-family: Arial !important;\r\n\t\r\n\t\tborder: 1px solid #e6e6e6 !important;\r\n\t}\r\n#tab_container_3962 .wpsm_nav-tabs {\r\n    border-bottom: 0px solid #ddd;\r\n}\r\n#tab_container_3962 .wpsm_nav-tabs > li.active > a, #tab_container_3962 .wpsm_nav-tabs > li.active > a:hover, #tab_container_3962 .wpsm_nav-tabs > li.active > a:focus {\r\n\tcolor: #000000 !important;\r\n\tcursor: default;\r\n\tbackground-color: #ffffff !important;\r\n\tborder: 1px solid #e6e6e6 !important;\r\n}\r\n\r\n#tab_container_3962 .wpsm_nav-tabs > li > a {\r\n    margin-right: 0px !important; \r\n    line-height: 1.42857143 !important;\r\n    border: 1px solid #80acb9 !important;\r\n    border-radius: 0px 0px 0 0 !important; \r\n\tbackground-color: #93bfcc !important;\r\n\tcolor: #000000 !important;\r\n\tpadding: 15px 18px 15px 18px !important;\r\n\ttext-decoration: none !important;\r\n\tfont-size: 16px !important;\r\n\ttext-align:center !important;\r\n\tfont-family: Arial !important;\r\n}\r\n#tab_container_3962 .wpsm_nav-tabs > li > a:focus {\r\noutline: 0px !important;\r\n}\r\n\r\n#tab_container_3962 .wpsm_nav-tabs > li > a:before {\r\n\tdisplay:none !important;\r\n}\r\n#tab_container_3962 .wpsm_nav-tabs > li > a:after {\r\n\tdisplay:none !important ;\r\n}\r\n#tab_container_3962 .wpsm_nav-tabs > li{\r\npadding:0px !important ;\r\nmargin:0px;\r\n}\r\n\r\n#tab_container_3962 .wpsm_nav-tabs > li > a:hover , #tab_container_3962 .wpsm_nav-tabs > li > a:focus {\r\n    color: #000000 !important;\r\n    background-color: #93bfcc !important;\r\n\tborder: 1px solid #80acb9 !important;\r\n\t\r\n}\r\n#tab_container_3962 .wpsm_nav-tabs > li > a .fa{\r\n\r\nmargin-right:5px !important;\r\n\r\nmargin-left:5px !important;\r\n\r\n\r\n}\r\n\r\n\t\t#tab_container_3962 .wpsm_nav-tabs a{\r\n\t\t\tbackground-image: url(https:\/\/cebem.org\/wp-content\/plugins\/tabs-responsive\/assets\/images\/style-soft.png);\r\n\t\t\tbackground-position: 0 0;\r\n\t\t\tbackground-repeat: repeat-x;\r\n\t\t}\r\n\t\t\t\r\n\r\n\r\n#tab_container_3962 .wpsm_nav-tabs > li {\r\n    float: left;\r\n    margin-bottom: -1px !important;\r\n\tmargin-right:0px !important; \r\n}\r\n\r\n\r\n#tab_container_3962 .tab-content{\r\noverflow:hidden !important;\r\n}\r\n\r\n\r\n@media (min-width: 769px) {\r\n\r\n\t#tab_container_3962 .wpsm_nav-tabs > li{\r\n\t\tfloat:left !important ;\r\n\t\t\t\tmargin-right:-1px !important;\r\n\t\t\t\t\t}\r\n\t#tab_container_3962 .wpsm_nav-tabs{\r\n\t\tfloat:none !important;\r\n\t\tmargin:0px !important;\r\n\t}\r\n\r\n\t#tab_container_3962 .wpsm_nav-tabs > li {\r\n\t\t\t\t\r\n\t}\r\n\t#tab_container_3962 .wpsm_nav{\r\n\t\t\t}\r\n\r\n}\r\n\r\n\r\n\r\n@media (max-width: 768px) {\r\n\t#tab_container_3962 .wpsm_nav-tabs > li {\r\n\t\t\t\t\r\n\t}\r\n\t#tab_container_3962 .wpsm_nav{\r\n\t\t\t}\r\n}\r\n\r\n\r\n\t.wpsm_nav-tabs li:before{\r\n\t\tdisplay:none !important;\r\n\t}\r\n\r\n\t@media (max-width: 768px) {\r\n\t\t\t\t\r\n\t\t\t\t\t\r\n\t\t\t#tab_container_3962 .wpsm_nav-tabs  li  a  i{\r\n\t\t\t\tdisplay: none !important;\r\n\t\t\t}\r\n\t\t\t\r\n\t\t\t\t.wpsm_nav-tabs{\r\n\t\t\tmargin-left:0px !important;\r\n\t\t\tmargin-right:0px !important; \r\n\t\t\t\r\n\t\t}\r\n\t\t\t\t#tab_container_3962 .wpsm_nav-tabs > li{\r\n\t\t\tfloat:none !important;\r\n\t\t}\r\n\t\t\t\r\n\t}\t\t\t\t<\/style>\r\n\t\t\t\t<div id=\"tab_container_3962\" >\r\n\t \r\n\t\t\t\t\t<ul class=\"wpsm_nav wpsm_nav-tabs\" role=\"tablist\" id=\"myTab_3962\">\r\n\t\t\t\t\t\t\t\r\n\t\t\t\t\t\t\t<li role=\"presentation\"  class=\"active\"  onclick=\"do_resize()\">\r\n\t\t\t\t\t\t\t\t<a href=\"#tabs_desc_3962_1\" aria-controls=\"tabs_desc_3962_1\" role=\"tab\" data-toggle=\"tab\">\r\n\t\t\t\t\t\t\t\t\t\r\n\t\t\t\t\t\t\t\t\t\t\t\t\t\t\t\t\t\t\t\t\t\t\t\t\t\t\t\t\t\t\t<i class=\"fa fa-align-justify\"><\/i> \t\t\t\t\t\t\t\t\t\t\t\t\t\t\t\t\t\t\t\r\n\t\t\t\t\t\t\t\t\t\t\t\t\t\t\t\t\t\t\r\n\t\t\t\t\t\t\t\t\t<span>Contenido<\/span>\r\n\t\t\t\t\t\t\t\t\t\r\n\t\t\t\t\t\t\t\t\t\t\t\t\t\t\t\t\t\t\r\n\t\t\t\t\t\t\t\t\t\t\t\t\t\t\t\t\t\t\t\t\r\n\t\t\t\t\t\t\t\t\t\r\n\t\t\t\t\t\t\t\t<\/a>\r\n\t\t\t\t\t\t\t<\/li>\r\n\t\t\t\t\t\t\t\r\n\t\t\t\t\t\t\t<li role=\"presentation\"  onclick=\"do_resize()\">\r\n\t\t\t\t\t\t\t\t<a href=\"#tabs_desc_3962_2\" aria-controls=\"tabs_desc_3962_2\" role=\"tab\" data-toggle=\"tab\">\r\n\t\t\t\t\t\t\t\t\t\r\n\t\t\t\t\t\t\t\t\t\t\t\t\t\t\t\t\t\t\t\t\t\t\t\t\t\t\t\t\t\t\t<i class=\"fa fa-asterisk\"><\/i> \t\t\t\t\t\t\t\t\t\t\t\t\t\t\t\t\t\t\t\r\n\t\t\t\t\t\t\t\t\t\t\t\t\t\t\t\t\t\t\r\n\t\t\t\t\t\t\t\t\t<span>Metodolog\u00eda<\/span>\r\n\t\t\t\t\t\t\t\t\t\r\n\t\t\t\t\t\t\t\t\t\t\t\t\t\t\t\t\t\t\r\n\t\t\t\t\t\t\t\t\t\t\t\t\t\t\t\t\t\t\t\t\r\n\t\t\t\t\t\t\t\t\t\r\n\t\t\t\t\t\t\t\t<\/a>\r\n\t\t\t\t\t\t\t<\/li>\r\n\t\t\t\t\t\t\t\r\n\t\t\t\t\t\t\t<li role=\"presentation\"  onclick=\"do_resize()\">\r\n\t\t\t\t\t\t\t\t<a href=\"#tabs_desc_3962_3\" aria-controls=\"tabs_desc_3962_3\" role=\"tab\" data-toggle=\"tab\">\r\n\t\t\t\t\t\t\t\t\t\r\n\t\t\t\t\t\t\t\t\t\t\t\t\t\t\t\t\t\t\t\t\t\t\t\t\t\t\t\t\t\t\t<i class=\"fa fa-calendar\"><\/i> \t\t\t\t\t\t\t\t\t\t\t\t\t\t\t\t\t\t\t\r\n\t\t\t\t\t\t\t\t\t\t\t\t\t\t\t\t\t\t\r\n\t\t\t\t\t\t\t\t\t<span>Duraci\u00f3n<\/span>\r\n\t\t\t\t\t\t\t\t\t\r\n\t\t\t\t\t\t\t\t\t\t\t\t\t\t\t\t\t\t\r\n\t\t\t\t\t\t\t\t\t\t\t\t\t\t\t\t\t\t\t\t\r\n\t\t\t\t\t\t\t\t\t\r\n\t\t\t\t\t\t\t\t<\/a>\r\n\t\t\t\t\t\t\t<\/li>\r\n\t\t\t\t\t\t\t\r\n\t\t\t\t\t\t\t<li role=\"presentation\"  onclick=\"do_resize()\">\r\n\t\t\t\t\t\t\t\t<a href=\"#tabs_desc_3962_4\" aria-controls=\"tabs_desc_3962_4\" role=\"tab\" data-toggle=\"tab\">\r\n\t\t\t\t\t\t\t\t\t\r\n\t\t\t\t\t\t\t\t\t\t\t\t\t\t\t\t\t\t\t\t\t\t\t\t\t\t\t\t\t\t\t<i class=\"fa fa-female\"><\/i> \t\t\t\t\t\t\t\t\t\t\t\t\t\t\t\t\t\t\t\r\n\t\t\t\t\t\t\t\t\t\t\t\t\t\t\t\t\t\t\r\n\t\t\t\t\t\t\t\t\t<span>Facilitadora<\/span>\r\n\t\t\t\t\t\t\t\t\t\r\n\t\t\t\t\t\t\t\t\t\t\t\t\t\t\t\t\t\t\r\n\t\t\t\t\t\t\t\t\t\t\t\t\t\t\t\t\t\t\t\t\r\n\t\t\t\t\t\t\t\t\t\r\n\t\t\t\t\t\t\t\t<\/a>\r\n\t\t\t\t\t\t\t<\/li>\r\n\t\t\t\t\t\t\t\r\n\t\t\t\t\t\t\t<li role=\"presentation\"  onclick=\"do_resize()\">\r\n\t\t\t\t\t\t\t\t<a href=\"#tabs_desc_3962_5\" aria-controls=\"tabs_desc_3962_5\" role=\"tab\" data-toggle=\"tab\">\r\n\t\t\t\t\t\t\t\t\t\r\n\t\t\t\t\t\t\t\t\t\t\t\t\t\t\t\t\t\t\t\t\t\t\t\t\t\t\t\t\t\t\t<i class=\"fa fa-dollar\"><\/i> \t\t\t\t\t\t\t\t\t\t\t\t\t\t\t\t\t\t\t\r\n\t\t\t\t\t\t\t\t\t\t\t\t\t\t\t\t\t\t\r\n\t\t\t\t\t\t\t\t\t<span>Inversi\u00f3n<\/span>\r\n\t\t\t\t\t\t\t\t\t\r\n\t\t\t\t\t\t\t\t\t\t\t\t\t\t\t\t\t\t\r\n\t\t\t\t\t\t\t\t\t\t\t\t\t\t\t\t\t\t\t\t\r\n\t\t\t\t\t\t\t\t\t\r\n\t\t\t\t\t\t\t\t<\/a>\r\n\t\t\t\t\t\t\t<\/li>\r\n\t\t\t\t\t\t\t\t\t\t\t <\/ul>\r\n\r\n\t\t\t\t\t  <!-- Tab panes -->\r\n\t\t\t\t\t  <div class=\"tab-content\" id=\"tab-content_3962\">\r\n\t\t\t\t\t\t\t\t\t\t\t\t <div role=\"tabpanel\" class=\"tab-pane  in active \" id=\"tabs_desc_3962_1\">\r\n\t\t\t\t\t\t\t\t<p style=\"text-align: left;\">Los contenidos modulares centrales del curso son:<\/p>\r\n<p style=\"text-align: justify;\"><span style=\"color: #5c3a97;\"><strong>MODULO 1<\/strong><\/span> - Introducci\u00f3n: Familiariz\u00e1ndonos con el curso, recursos did\u00e1cticos, accesos y manejo del campus.<\/p>\r\n<p style=\"text-align: justify;\"><span style=\"color: #5c3a97;\"><strong>MODULO 2<\/strong><\/span> - Panorama general: bases conceptuales y te\u00f3ricas de la gesti\u00f3n para resultados. Cambio de cultura organizacional, \u00bfpor qu\u00e9 necesitamos gestionar pensando en resultados?<\/p>\r\n<p style=\"text-align: justify;\"><span style=\"color: #5c3a97;\"><strong>MODULO 3<\/strong><\/span> - Principios y componentes de la gesti\u00f3n para resultados (GpR)<\/p>\r\n<p style=\"text-align: justify;\"><span style=\"color: #5c3a97;\"><strong>MODULO 4<\/strong><\/span> - Planificaci\u00f3n: su vinculaci\u00f3n y relevancia para la gesti\u00f3n para resultados.<\/p>\r\n<p style=\"text-align: justify;\"><span style=\"color: #5c3a97;\"><strong>MODULO 5<\/strong><\/span> - Niveles de implementaci\u00f3n de la gesti\u00f3n para resultados: instrumentos, metodolog\u00edas, objetivos e indicadores.<\/p>\r\n<p style=\"text-align: justify;\"><span style=\"color: #5c3a97;\"><strong>MODULO 6<\/strong><\/span> - Seguimiento y evaluaci\u00f3n para una gesti\u00f3n para resultados efectiva.<\/p>\t\t\t\t\t\t <\/div>\r\n\t\t\t\t\t\t\t\t\t\t\t\t <div role=\"tabpanel\" class=\"tab-pane \" id=\"tabs_desc_3962_2\">\r\n\t\t\t\t\t\t\t\tEl curso esta metodol\u00f3gicamente dise\u00f1ado para lograr desarrollar competencias, para lo cual basa su enfoque principalmente en el aprendizaje aplicado por medio de:\r\n\r\n<ul>\r\n \t<li>Revisi\u00f3n comprensiva, anal\u00edtica y reflexiva de contenidos de cada contenido modular.<\/li>\r\n \t<li>Ejercicios de implementaci\u00f3n y an\u00e1lisis.<\/li>\r\n \t<li>Escenarios simulados para favorecer la inserci\u00f3n de los profesionales en escenarios reales simulados.<\/li>\r\n \t<li>Estudios de casos de an\u00e1lisis.<\/li>\r\n \t<li>Foros<\/li>\r\n \t<li>Autoevaluaciones de aprendizaje.<\/li>\r\n<\/ul>\t\t\t\t\t\t <\/div>\r\n\t\t\t\t\t\t\t\t\t\t\t\t <div role=\"tabpanel\" class=\"tab-pane \" id=\"tabs_desc_3962_3\">\r\n\t\t\t\t\t\t\t\t<p style=\"text-align: justify;\">El curso est\u00e1 dise\u00f1ado para ser realizado en 6 semanas (incluido el modulo introductorio), con una dedicaci\u00f3n de 3 a 4 horas por semana en un tiempo auto administrado por el profesional.\r\n<\/p>\r\n<strong><em>Fecha estimada de inicio del curso: Del 12 de noviembre al 19 de diciembre de 2018. <\/em><\/strong>\t\t\t\t\t\t <\/div>\r\n\t\t\t\t\t\t\t\t\t\t\t\t <div role=\"tabpanel\" class=\"tab-pane \" id=\"tabs_desc_3962_4\">\r\n\t\t\t\t\t\t\t\t<p style=\"text-align: justify;\"><a href=\"https:\/\/i0.wp.com\/cebem.org\/wp-content\/uploads\/2018\/04\/Evelin-troche.jpg\"><img data-recalc-dims=\"1\" decoding=\"async\" class=\"alignleft wp-image-3374 size-thumbnail\" src=\"https:\/\/i0.wp.com\/cebem.org\/wp-content\/uploads\/2018\/04\/Evelin-troche-150x150.jpg?resize=150%2C150\" alt=\"\" width=\"150\" height=\"150\" srcset=\"https:\/\/i0.wp.com\/cebem.org\/wp-content\/uploads\/2018\/04\/Evelin-troche.jpg?resize=150%2C150&amp;ssl=1 150w, https:\/\/i0.wp.com\/cebem.org\/wp-content\/uploads\/2018\/04\/Evelin-troche.jpg?zoom=2&amp;resize=150%2C150&amp;ssl=1 300w\" sizes=\"(max-width: 150px) 100vw, 150px\" \/><\/a><em><strong>Evelin Troche Araujo<\/strong>, Economista de profesi\u00f3n, cuenta con alrededor 20 a\u00f1os de experiencia en el sector del desarrollo socio econ\u00f3mico, liderando y gerenciando procesos, programas y proyectos de desarrollo socio econ\u00f3mico en organizaciones sociales y privadas en las \u00e1reas de planificaci\u00f3n y direcci\u00f3n estrat\u00e9gica, operaciones, dise\u00f1o (planeaci\u00f3n), monitoreo y evaluaci\u00f3n, gerencia por resultados, gerencia de programas y proyectos, gerenciamiento de procesos estrat\u00e9gicos institucionales, gesti\u00f3n de la calidad e innovaci\u00f3n, liderazgo organizacional, entre otros campos. Cuenta adem\u00e1s con amplia experiencia en el manejo del ciclo de gesti\u00f3n del aprendizaje, desarrollo de capacidades y competencias, y  metodolog\u00edas relacionadas. Se ha desempe\u00f1ado como docente y facilitadora en el desarrollo de capacidades y competencias.<\/em><\/p>\r\n<p style=\"text-align: justify;\"><em><strong>Evelin Troche<\/strong> ha realizado estudios de Postgrado en varios campos multidisciplinarios, destacando entre ellos, Liderazgo Organizacional en Instituto Tecnol\u00f3gico y de Estudios Superiores de Monterrey (ITSEM, M\u00e9xico); Educaci\u00f3n Superior, Universidad Del Valle; Certificada en Project Management for Development Professionals - PMD Pro, APMG Group International, entre otros.<\/em><\/p>\t\t\t\t\t\t <\/div>\r\n\t\t\t\t\t\t\t\t\t\t\t\t <div role=\"tabpanel\" class=\"tab-pane \" id=\"tabs_desc_3962_5\">\r\n\t\t\t\t\t\t\t\t<span style=\"color: #5c3a97;\"><strong>LA INVERSI\u00d3N LE DA DERECHO A:<\/strong><\/span>\r\n<ul>\r\n \t<li>Curso introductorio para el manejo del Campus Virtual CEBEM que orienta al participante sobre el estudio dentro el modelo pedag\u00f3gico virtual.<\/li>\r\n \t<li>Todo el material did\u00e1ctico (obligatorio y adicional) ofrecido en forma electr\u00f3nica (para descargar) a trav\u00e9s del Campus Virtual.<\/li>\r\n \t<li>Tutor\u00eda permanente con un alto nivel acad\u00e9mico durante la duraci\u00f3n del curso.<\/li>\r\n \t<li>Un certificado que acredita que aprob\u00f3 o participo en el curso.<\/li>\r\n<\/ul>\r\n<p style=\"text-align: justify;\"><span style=\"color: #5c3a97;\"><strong>INVERSI\u00d3N:<\/strong><\/span>\r\n900 Bolivianos o su equivalente en d\u00f3lares (130 $us.)<\/p>\r\nExiste un descuento de 200 Bs. o su equivalente en d\u00f3lares por pago al contado hasta el <strong>miercoles 7 de noviembre<\/strong> pagando al contado.\r\n<p style=\"text-align: justify;\"><span style=\"color: #5c3a97;\"><strong>FORMAS DE PAGO:<\/strong><\/span><\/p>\r\n<strong>SI VIVE EN BOLIVIA<\/strong>\r\n<ol>\r\n \t<li><strong>Dep\u00f3sito bancario<\/strong><br>\r\nInstituci\u00f3n: Banco BISA<br>\r\nCuenta corriente: 130861-206-2<br>\r\nTitular de la cuenta: Cebem<\/li>\r\n \t<li><strong>Pago en efectivo\r\n<\/strong><br>Direcci\u00f3n: Calle Capit\u00e1n Ravelo No. 2077, entre Calles Goitia y Montevideo frente a la Caja de la Banca Privada, La Paz, Bolivia<br>\r\nTel\u00e9fono y\/o Fax: +591 (2) 2441497 \u2013 2441916<\/li>\r\n \t<li><strong>Prodem (para el interior del pa\u00eds)<\/strong><br>\r\nDestinatario: Cinda Beatriz Herrera Rodr\u00edguez<br>\r\nCI: 2234285 LP<\/li>\r\n \t<li><strong>FIE (para el interior del pa\u00eds)<br>\r\n<\/strong>Destinatario: Cinda Beatriz Herrera Rodr\u00edguez<br>\r\nCI: 2234285 LP<\/li>\r\n<\/ol>\r\n \r\n\r\n<strong>SI VIVE EN EL EXTERIOR<\/strong>\r\n<ol>\r\n \t<li><strong>Western Union\r\n<\/strong><br>Destinatario: Cinda Beatriz Herrera Rodr\u00edguez<br>\r\nCI: 2234285 LP<br>\r\nLocalidad: La Paz, Bolivia<\/li>\r\n \t<li><strong>Transferencia bancaria\r\n<\/strong><br>Si opta por esta forma, favor comunicarse con <a href=\"mailto:beatriz@cebem.org\">beatriz@cebem.org<\/a> para que le env\u00ede los datos y disposiciones de nuestro banco para realizar la transferencia.<\/li>\r\n<\/ol>\t\t\t\t\t\t <\/div>\r\n\t\t\t\t\t\t\t\r\n\t\t\t\t\t <\/div>\r\n\t\t\t\t\t \r\n\t\t\t\t <\/div>\r\n <script>\r\n\t\tjQuery(function () {\r\n\t\t\tjQuery('#myTab_3962 a:first').tab('show')\r\n\t\t});\r\n\t\t\r\n\t\t\t\tjQuery(function(){\r\n\t\t\tvar b=\"fadeIn\";\r\n\t\t\tvar c;\r\n\t\t\tvar a;\r\n\t\t\td(jQuery(\"#myTab_3962 a\"),jQuery(\"#tab-content_3962\"));function d(e,f,g){\r\n\t\t\t\te.click(function(i){\r\n\t\t\t\t\ti.preventDefault();\r\n\t\t\t\t\tjQuery(this).tab(\"show\");\r\n\t\t\t\t\tvar h=jQuery(this).data(\"easein\");\r\n\t\t\t\t\tif(c){c.removeClass(a);}\r\n\t\t\t\t\tif(h){f.find(\"div.active\").addClass(\"animated \"+h);a=h;}\r\n\t\t\t\t\telse{if(g){f.find(\"div.active\").addClass(\"animated \"+g);a=g;}else{f.find(\"div.active\").addClass(\"animated \"+b);a=b;}}c=f.find(\"div.active\");\r\n\t\t\t\t});\r\n\t\t\t}\r\n\t\t});\r\n\t\t\r\n\r\n\t\tfunction do_resize(){\r\n\r\n\t\t\tvar width=jQuery( '.tab-content .tab-pane iframe' ).width();\r\n\t\t\tvar height=jQuery( '.tab-content .tab-pane iframe' ).height();\r\n\r\n\t\t\tvar toggleSize = true;\r\n\t\t\tjQuery('iframe').animate({\r\n\t\t\t    width: toggleSize ? width : 640,\r\n\t\t\t    height: toggleSize ? height : 360\r\n\t\t\t  }, 250);\r\n\r\n\t\t\t  toggleSize = !toggleSize;\r\n\t\t}\r\n\r\n\r\n\t<\/script>\r\n\t\t\t\t\r\n\t\t\t\n<p><span style=\"color: #5c3a97;\"><strong><em>ANEXO<\/em><\/strong><\/span><\/p>\n<p><a href=\"http:\/\/cebem.org\/wp-content\/uploads\/2018\/04\/Virtual-Gestion_Resultados-contenido_modular.pdf\" target=\"_blank\" rel=\"noopener\">Descargar en PDF: Contenido modular y tem\u00e1tico en detalle<\/a><\/p>\n<h3 style=\"text-align: center;\">Si te interesa el curso&#8230;<\/h3>\n<p style=\"text-align: center;\"><a href=\"https:\/\/goo.gl\/forms\/rXTFZjcjIU9Zr9522\" target=\"_blank\" rel=\"noopener\"><input type=\"submit\" value=\"Preinscr\u00edbete AQU\u00cd\" \/><\/a><\/p>\n<p><strong>Contacto:<\/strong> Beatriz Herrera <strong><a href=\"mailto:beatriz@cebem.org\">beatriz@cebem.org<\/a><\/strong><\/p>\n","protected":false},"excerpt":{"rendered":"<p>El curso est\u00e1 dentro del marco de implementaci\u00f3n del Centro Virtual de Excelencia con el prop\u00f3sito de recoger y procesar las experiencias locales, y apoyar el intercambio de conocimiento regional y global. Nueva fecha de inicio: Del 12 de noviembre al 19 de diciembre de 2018 Este curso es parte del Programa de Desarrollo de &hellip; <\/p>\n<p><a class=\"more-link btn\" href=\"https:\/\/cebem.org\/?p=3962\">Seguir leyendo<\/a><\/p>\n","protected":false},"author":2,"featured_media":3393,"comment_status":"open","ping_status":"closed","sticky":false,"template":"","format":"standard","meta":{"_jetpack_memberships_contains_paid_content":false,"footnotes":"","jetpack_publicize_message":"#Curso Virtual: Gesti\u00f3n para resultados (2da Versi\u00f3n)\r\n\r\nINICIO 5 de noviembre de 2018","jetpack_publicize_feature_enabled":true,"jetpack_social_post_already_shared":true,"jetpack_social_options":{"image_generator_settings":{"template":"highway","default_image_id":0,"font":"","enabled":false},"version":2}},"categories":[4,9],"tags":[169,38],"class_list":["post-3961","post","type-post","status-publish","format-standard","has-post-thumbnail","hentry","category-cursos-culminados-cebem","category-destacados","tag-boletin-7-2018","tag-curso","nodate","item-wrap"],"jetpack_publicize_connections":[],"jetpack_featured_media_url":"https:\/\/i0.wp.com\/cebem.org\/wp-content\/uploads\/2018\/04\/gestion-resultados.jpg?fit=693%2C676&ssl=1","jetpack_sharing_enabled":true,"_links":{"self":[{"href":"https:\/\/cebem.org\/index.php?rest_route=\/wp\/v2\/posts\/3961","targetHints":{"allow":["GET"]}}],"collection":[{"href":"https:\/\/cebem.org\/index.php?rest_route=\/wp\/v2\/posts"}],"about":[{"href":"https:\/\/cebem.org\/index.php?rest_route=\/wp\/v2\/types\/post"}],"author":[{"embeddable":true,"href":"https:\/\/cebem.org\/index.php?rest_route=\/wp\/v2\/users\/2"}],"replies":[{"embeddable":true,"href":"https:\/\/cebem.org\/index.php?rest_route=%2Fwp%2Fv2%2Fcomments&post=3961"}],"version-history":[{"count":3,"href":"https:\/\/cebem.org\/index.php?rest_route=\/wp\/v2\/posts\/3961\/revisions"}],"predecessor-version":[{"id":4055,"href":"https:\/\/cebem.org\/index.php?rest_route=\/wp\/v2\/posts\/3961\/revisions\/4055"}],"wp:featuredmedia":[{"embeddable":true,"href":"https:\/\/cebem.org\/index.php?rest_route=\/wp\/v2\/media\/3393"}],"wp:attachment":[{"href":"https:\/\/cebem.org\/index.php?rest_route=%2Fwp%2Fv2%2Fmedia&parent=3961"}],"wp:term":[{"taxonomy":"category","embeddable":true,"href":"https:\/\/cebem.org\/index.php?rest_route=%2Fwp%2Fv2%2Fcategories&post=3961"},{"taxonomy":"post_tag","embeddable":true,"href":"https:\/\/cebem.org\/index.php?rest_route=%2Fwp%2Fv2%2Ftags&post=3961"}],"curies":[{"name":"wp","href":"https:\/\/api.w.org\/{rel}","templated":true}]}}