
{"id":3927,"date":"2018-09-29T21:00:48","date_gmt":"2018-09-30T01:00:48","guid":{"rendered":"http:\/\/cebem.org\/?p=3927"},"modified":"2018-09-29T21:00:48","modified_gmt":"2018-09-30T01:00:48","slug":"aviso-necrologico","status":"publish","type":"post","link":"https:\/\/cebem.org\/?p=3927","title":{"rendered":"AVISO NECROLOGICO"},"content":{"rendered":"<p style=\"text-align: center;\"><a href=\"https:\/\/i0.wp.com\/cebem.org\/wp-content\/uploads\/2018\/09\/rozon-negro.jpg\"><img data-recalc-dims=\"1\" decoding=\"async\" class=\"aligncenter size-thumbnail wp-image-3928\" src=\"https:\/\/i0.wp.com\/cebem.org\/wp-content\/uploads\/2018\/09\/rozon-negro-150x150.jpg?resize=150%2C150\" alt=\"\" width=\"150\" height=\"150\" srcset=\"https:\/\/i0.wp.com\/cebem.org\/wp-content\/uploads\/2018\/09\/rozon-negro.jpg?resize=150%2C150&amp;ssl=1 150w, https:\/\/i0.wp.com\/cebem.org\/wp-content\/uploads\/2018\/09\/rozon-negro.jpg?resize=300%2C300&amp;ssl=1 300w, https:\/\/i0.wp.com\/cebem.org\/wp-content\/uploads\/2018\/09\/rozon-negro.jpg?resize=768%2C768&amp;ssl=1 768w, https:\/\/i0.wp.com\/cebem.org\/wp-content\/uploads\/2018\/09\/rozon-negro.jpg?resize=600%2C600&amp;ssl=1 600w, https:\/\/i0.wp.com\/cebem.org\/wp-content\/uploads\/2018\/09\/rozon-negro.jpg?w=900&amp;ssl=1 900w\" sizes=\"(max-width: 150px) 100vw, 150px\" \/><\/a><strong>CONDOLENCIAS<\/strong><\/p>\n<p>Todo el personal del Centro Boliviano de Estudios Multidisciplinarios (CEBEM) acompa\u00f1amos a nuestro amigo y compa\u00f1ero Mario Galindo Soza por el lamentable fallecimiento de su se\u00f1ora madre.<\/p>\n<p style=\"text-align: center;\"><strong>MELLY SOZA DE GALINDO<br \/>\n<\/strong><strong>Q.E.P.D<\/strong><\/p>\n<p>Deceso acaecido el 28 de septiembre en la ciudad de Cochabamba.<\/p>\n<p>Dese\u00e1ndole un eterno descanso, enviamos nuestras condolencias a toda su familia.<\/p>\n","protected":false},"excerpt":{"rendered":"<p>CONDOLENCIAS Todo el personal del Centro Boliviano de Estudios Multidisciplinarios (CEBEM) acompa\u00f1amos a nuestro amigo y compa\u00f1ero Mario Galindo Soza por el lamentable fallecimiento de su se\u00f1ora madre. MELLY SOZA DE GALINDO Q.E.P.D Deceso acaecido el 28 de septiembre en la ciudad de Cochabamba. Dese\u00e1ndole un eterno descanso, enviamos nuestras condolencias a toda su familia.<\/p>\n","protected":false},"author":13,"featured_media":3928,"comment_status":"closed","ping_status":"closed","sticky":false,"template":"","format":"standard","meta":{"_jetpack_memberships_contains_paid_content":false,"footnotes":"","jetpack_publicize_message":"AVISO NECROLOGICO","jetpack_publicize_feature_enabled":true,"jetpack_social_post_already_shared":true,"jetpack_social_options":{"image_generator_settings":{"template":"highway","default_image_id":0,"font":"","enabled":false},"version":2}},"categories":[1],"tags":[],"class_list":["post-3927","post","type-post","status-publish","format-standard","has-post-thumbnail","hentry","category-noticias","item-wrap"],"jetpack_publicize_connections":[],"jetpack_featured_media_url":"https:\/\/i0.wp.com\/cebem.org\/wp-content\/uploads\/2018\/09\/rozon-negro.jpg?fit=900%2C900&ssl=1","jetpack_sharing_enabled":true,"_links":{"self":[{"href":"https:\/\/cebem.org\/index.php?rest_route=\/wp\/v2\/posts\/3927","targetHints":{"allow":["GET"]}}],"collection":[{"href":"https:\/\/cebem.org\/index.php?rest_route=\/wp\/v2\/posts"}],"about":[{"href":"https:\/\/cebem.org\/index.php?rest_route=\/wp\/v2\/types\/post"}],"author":[{"embeddable":true,"href":"https:\/\/cebem.org\/index.php?rest_route=\/wp\/v2\/users\/13"}],"replies":[{"embeddable":true,"href":"https:\/\/cebem.org\/index.php?rest_route=%2Fwp%2Fv2%2Fcomments&post=3927"}],"version-history":[{"count":1,"href":"https:\/\/cebem.org\/index.php?rest_route=\/wp\/v2\/posts\/3927\/revisions"}],"predecessor-version":[{"id":3930,"href":"https:\/\/cebem.org\/index.php?rest_route=\/wp\/v2\/posts\/3927\/revisions\/3930"}],"wp:featuredmedia":[{"embeddable":true,"href":"https:\/\/cebem.org\/index.php?rest_route=\/wp\/v2\/media\/3928"}],"wp:attachment":[{"href":"https:\/\/cebem.org\/index.php?rest_route=%2Fwp%2Fv2%2Fmedia&parent=3927"}],"wp:term":[{"taxonomy":"category","embeddable":true,"href":"https:\/\/cebem.org\/index.php?rest_route=%2Fwp%2Fv2%2Fcategories&post=3927"},{"taxonomy":"post_tag","embeddable":true,"href":"https:\/\/cebem.org\/index.php?rest_route=%2Fwp%2Fv2%2Ftags&post=3927"}],"curies":[{"name":"wp","href":"https:\/\/api.w.org\/{rel}","templated":true}]}}