
{"id":3891,"date":"2018-09-15T16:55:10","date_gmt":"2018-09-15T20:55:10","guid":{"rendered":"http:\/\/cebem.org\/?p=3891"},"modified":"2018-09-15T16:55:10","modified_gmt":"2018-09-15T20:55:10","slug":"el-proyecto-intelectual-hacia-la-reconstruccion-de-un-programa-teorico-para-las-ciencias-sociales-en-america-latina","status":"publish","type":"post","link":"https:\/\/cebem.org\/?p=3891","title":{"rendered":"El Proyecto Intelectual: Hacia la Reconstrucci\u00f3n de un Programa Te\u00f3rico para las Ciencias Sociales en Am\u00e9rica Latina"},"content":{"rendered":"<p><strong><a href=\"https:\/\/i0.wp.com\/cebem.org\/wp-content\/uploads\/2018\/09\/cuadernos-pensamientos48.jpg\"><img data-recalc-dims=\"1\" fetchpriority=\"high\" decoding=\"async\" class=\"aligncenter wp-image-3892\" src=\"https:\/\/i0.wp.com\/cebem.org\/wp-content\/uploads\/2018\/09\/cuadernos-pensamientos48.jpg?resize=601%2C329\" alt=\"\" width=\"601\" height=\"329\" srcset=\"https:\/\/i0.wp.com\/cebem.org\/wp-content\/uploads\/2018\/09\/cuadernos-pensamientos48.jpg?w=800&amp;ssl=1 800w, https:\/\/i0.wp.com\/cebem.org\/wp-content\/uploads\/2018\/09\/cuadernos-pensamientos48.jpg?resize=300%2C164&amp;ssl=1 300w, https:\/\/i0.wp.com\/cebem.org\/wp-content\/uploads\/2018\/09\/cuadernos-pensamientos48.jpg?resize=768%2C420&amp;ssl=1 768w, https:\/\/i0.wp.com\/cebem.org\/wp-content\/uploads\/2018\/09\/cuadernos-pensamientos48.jpg?resize=600%2C329&amp;ssl=1 600w\" sizes=\"(max-width: 601px) 100vw, 601px\" \/><\/a>Por:<\/strong> Esteban Torres<\/p>\n<p>El gran desaf\u00edo que hoy tenemos por delante pasa por la necesidad de volver a orientar la investigaci\u00f3n cient\u00edfico-social a partir de un proyecto intelectual. Entiendo que no falla el sentido com\u00fan cuando se considera que un proyecto intelectual tiene que ver con una pol\u00edtica o una politicidad del saber. Hasta donde conozco, la idea de proyecto intelectual, que anida en la mayor\u00eda de los grandes te\u00f3ricos, no adquiere entidad conceptual en ninguno de ellos. Incluso en autores como Max Weber, Jos\u00e9 Medina Echavarr\u00eda o Pierre Bourdieu, que se distinguen por el volumen de introspecci\u00f3n socio-anal\u00edtica y metodol\u00f3gica que inyectan en sus trabajos, el empleo de la noci\u00f3n de proyecto intelectual no pasa de ser un registro pre-categorial. El objetivo del presente texto consiste en introducir algunos elementos centrales del concepto de proyecto intelectual, que anticipadamente definir\u00e9 como un modo de compromiso con los grandes problemas de nuestro espacio-y-tiempo. Este concepto no planea en abstracto sobre la realidad acad\u00e9mica y general de Am\u00e9rica Latina, sino que hunden sus ra\u00edces en los movimientos contempor\u00e1neos centrales de nuestra regi\u00f3n. Al apelar a la noci\u00f3n de proyecto intelectual pretendo contribuir a la dificultosa reconstrucci\u00f3n de un programa p\u00fablico y com\u00fan de investigaci\u00f3n para las ciencias sociales regionales, a partir de la cual se pueda reconsiderar desde un necesario registro de unidad el v\u00ednculo entre la construcci\u00f3n de los objetos de investigaci\u00f3n, los diferentes compromisos te\u00f3rico-pol\u00edticos que fueron avanzando y retrocediendo en las \u00faltimas d\u00e9cadas, y las grandes problem\u00e1ticas socio-hist\u00f3ricas que marcaron el devenir de nuestro continente.<\/p>\n<h4><a href=\"http:\/\/cebem.org\/wp-content\/uploads\/2018\/09\/Torres-Programa-Te\u00f3rico-para-CCSS-de-AL.pdf\" target=\"_blank\" rel=\"noopener\">Descargar Art\u00edculo<\/a><\/h4>\n","protected":false},"excerpt":{"rendered":"<p>Por: Esteban Torres El gran desaf\u00edo que hoy tenemos por delante pasa por la necesidad de volver a orientar la investigaci\u00f3n cient\u00edfico-social a partir de un proyecto intelectual. Entiendo que no falla el sentido com\u00fan cuando se considera que un proyecto intelectual tiene que ver con una pol\u00edtica o una politicidad del saber. Hasta donde &hellip; <\/p>\n<p><a class=\"more-link btn\" href=\"https:\/\/cebem.org\/?p=3891\">Seguir leyendo<\/a><\/p>\n","protected":false},"author":2,"featured_media":3892,"comment_status":"closed","ping_status":"closed","sticky":false,"template":"","format":"standard","meta":{"_jetpack_memberships_contains_paid_content":false,"footnotes":"","jetpack_publicize_message":"#LecturaRecomendada\r\nEl Proyecto Intelectual: Hacia la Reconstrucci\u00f3n de un Programa Te\u00f3rico para las Ciencias Sociales en #Am\u00e9ricaLatina","jetpack_publicize_feature_enabled":true,"jetpack_social_post_already_shared":true,"jetpack_social_options":{"image_generator_settings":{"template":"highway","default_image_id":0,"font":"","enabled":false},"version":2}},"categories":[7],"tags":[29,164],"class_list":["post-3891","post","type-post","status-publish","format-standard","has-post-thumbnail","hentry","category-otras-publicaciones","tag-articulo","tag-boletin-6-2018","item-wrap"],"jetpack_publicize_connections":[],"jetpack_featured_media_url":"https:\/\/i0.wp.com\/cebem.org\/wp-content\/uploads\/2018\/09\/cuadernos-pensamientos48.jpg?fit=800%2C438&ssl=1","jetpack_sharing_enabled":true,"_links":{"self":[{"href":"https:\/\/cebem.org\/index.php?rest_route=\/wp\/v2\/posts\/3891","targetHints":{"allow":["GET"]}}],"collection":[{"href":"https:\/\/cebem.org\/index.php?rest_route=\/wp\/v2\/posts"}],"about":[{"href":"https:\/\/cebem.org\/index.php?rest_route=\/wp\/v2\/types\/post"}],"author":[{"embeddable":true,"href":"https:\/\/cebem.org\/index.php?rest_route=\/wp\/v2\/users\/2"}],"replies":[{"embeddable":true,"href":"https:\/\/cebem.org\/index.php?rest_route=%2Fwp%2Fv2%2Fcomments&post=3891"}],"version-history":[{"count":1,"href":"https:\/\/cebem.org\/index.php?rest_route=\/wp\/v2\/posts\/3891\/revisions"}],"predecessor-version":[{"id":3894,"href":"https:\/\/cebem.org\/index.php?rest_route=\/wp\/v2\/posts\/3891\/revisions\/3894"}],"wp:featuredmedia":[{"embeddable":true,"href":"https:\/\/cebem.org\/index.php?rest_route=\/wp\/v2\/media\/3892"}],"wp:attachment":[{"href":"https:\/\/cebem.org\/index.php?rest_route=%2Fwp%2Fv2%2Fmedia&parent=3891"}],"wp:term":[{"taxonomy":"category","embeddable":true,"href":"https:\/\/cebem.org\/index.php?rest_route=%2Fwp%2Fv2%2Fcategories&post=3891"},{"taxonomy":"post_tag","embeddable":true,"href":"https:\/\/cebem.org\/index.php?rest_route=%2Fwp%2Fv2%2Ftags&post=3891"}],"curies":[{"name":"wp","href":"https:\/\/api.w.org\/{rel}","templated":true}]}}