
{"id":3863,"date":"2018-09-04T20:38:10","date_gmt":"2018-09-05T00:38:10","guid":{"rendered":"http:\/\/cebem.org\/?p=3863"},"modified":"2018-10-19T23:37:39","modified_gmt":"2018-10-20T03:37:39","slug":"curso-presencial-tecnicas-y-herramientas-participativas-para-la-incidencia-en-politicas-publicas-y-la-toma-de-decisiones-3ra-version","status":"publish","type":"post","link":"https:\/\/cebem.org\/?p=3863","title":{"rendered":"Curso Presencial: T\u00e9cnicas y herramientas participativas para la incidencia en pol\u00edticas p\u00fablicas y la toma de decisiones (3ra Versi\u00f3n)"},"content":{"rendered":"<p>Gracias al \u00e9xito de anteriores versiones y el pedido de personas, lanzamos la tercera versi\u00f3n del curso en la siguiente fecha:<\/p>\n<h4><strong><a href=\"https:\/\/i0.wp.com\/cebem.org\/wp-content\/uploads\/2017\/10\/desiciones.jpg\"><img data-recalc-dims=\"1\" fetchpriority=\"high\" decoding=\"async\" class=\"alignleft size-medium wp-image-2722\" src=\"https:\/\/i0.wp.com\/cebem.org\/wp-content\/uploads\/2017\/10\/desiciones-300x300.jpg?resize=300%2C300\" alt=\"\" width=\"300\" height=\"300\" srcset=\"https:\/\/i0.wp.com\/cebem.org\/wp-content\/uploads\/2017\/10\/desiciones.jpg?resize=300%2C300&amp;ssl=1 300w, https:\/\/i0.wp.com\/cebem.org\/wp-content\/uploads\/2017\/10\/desiciones.jpg?resize=150%2C150&amp;ssl=1 150w, https:\/\/i0.wp.com\/cebem.org\/wp-content\/uploads\/2017\/10\/desiciones.jpg?resize=768%2C768&amp;ssl=1 768w, https:\/\/i0.wp.com\/cebem.org\/wp-content\/uploads\/2017\/10\/desiciones.jpg?resize=600%2C600&amp;ssl=1 600w, https:\/\/i0.wp.com\/cebem.org\/wp-content\/uploads\/2017\/10\/desiciones.jpg?w=1024&amp;ssl=1 1024w\" sizes=\"(max-width: 300px) 100vw, 300px\" \/><\/a>4 y 5 de octubre de 2018<\/strong><strong><br \/>\n<\/strong><\/h4>\n<p>&nbsp;<\/p>\n<p><strong>P\u00daBLICO META<\/strong><\/p>\n<p>Un curso importante para profesionales que trabajan en organismos sin fines de lucro, cooperaci\u00f3n internacional, funcionarios de gobierno central y subnacionales, activistas sociales, estudiantes universitarios de \u00faltimos a\u00f1os de carreras sociales y egresados ya que aprender\u00e1n a usar herramientas participativas dentro de las metodolog\u00edas cualitativas destinadas a los procesos de incidencia social para el dise\u00f1o de pol\u00edticas p\u00fablicas.<\/p>\n<p>El dise\u00f1o m\u00e1s exitoso de pol\u00edticas p\u00fablicas es aquel que responde a verdaderas necesidades sociales. Poder identificar estas necesidades y las particularidades del contexto explorando los valores, juicios y posiciones de diferentes grupos sociales es un aspecto central en el trabajo de diversas instituciones tanto publicas y privadas cuyo trabajo busca plasmarse en pol\u00edticas que regulen, reglamenten o mejoren el funcionamiento social.<\/p>\n<p><strong>OBJETIVOS<\/strong><\/p>\n<ol>\n<li>Llegar a comprender las bases conceptuales del por qu\u00e9 y el para qu\u00e9 se realiza un proceso de incidencia pol\u00edtica comprendiendo el ciclo de vida la pol\u00edtica p\u00fablica.<\/li>\n<li>Aprender a manejar y concretar los distintos pasos metodol\u00f3gicos del proceso de construcci\u00f3n de una estrategia de incidencia con el uso de herramientas participativas.<\/li>\n<\/ol>\n<p>&nbsp;<\/p>\n<p><strong>CONTENIDOS CENTRALES DE TRABAJO EN EL TALLER<\/strong><\/p>\n<ul>\n<li>Definiciones de Gesti\u00f3n de Pol\u00edticas P\u00fablicas<\/li>\n<li>\u00bfQu\u00e9 es la incidencia y cuando hacerla?<\/li>\n<li>Herramientas de an\u00e1lisis de problemas<\/li>\n<li>Herramientas de an\u00e1lisis de mapeo de actores y perfiles de acuerdo a niveles de poder, legitimidad e inter\u00e9s<\/li>\n<li>An\u00e1lisis de problemas, y escenarios de soluciones<\/li>\n<li>Plan de acci\u00f3n y estrategia de incidencia<\/li>\n<li>Seguimiento y evaluaci\u00f3n continua<\/li>\n<\/ul>\n<p>&nbsp;<\/p>\n<p><strong>MODALIDAD DE TRABAJO EN EL TALLER<\/strong><\/p>\n<p>El taller tiene un dise\u00f1o que se basa en \u201caprender haciendo\u201d, lo cual implica que el curso ser\u00e1 90% pr\u00e1ctico con un 10% de esclarecimiento y profundizaci\u00f3n de conceptos.<\/p>\n<p>&nbsp;<\/p>\n<p><strong>DURACI\u00d3N Y MODALIDAD<\/strong><\/p>\n<p>El taller es presencial y tiene una duraci\u00f3n de 14 horas-aula, repartidas en 2 d\u00edas en los que se trabajar\u00e1 en jornada completa. La asistencia a todas las sesiones es obligatoria para la obtenci\u00f3n del certificado de participaci\u00f3n.<\/p>\n<p>&nbsp;<\/p>\n<p><strong>FACILITADOR<\/strong><\/p>\n<p><strong>Edgar Antonio Pab\u00f3n Balderas<\/strong>, economista con amplia experiencia en temas de desarrollo, planificaci\u00f3n, evaluaci\u00f3n de proyectos y procesos cualitativos de investigaci\u00f3n social.<\/p>\n<p>&nbsp;<\/p>\n<p><strong>HORARIO <\/strong><br \/>\nMa\u00f1anas: 8:30 a 12:30<br \/>\nTardes: 15:00 a 18:00<\/p>\n<p>&nbsp;<\/p>\n<p><strong>INVERSI\u00d3N<\/strong><\/p>\n<p>700 bolivianos que incluye materiales de estudio y certificados de participaci\u00f3n.<\/p>\n<p>&nbsp;<\/p>\n<p><strong>Participantes de la segunda versi\u00f3n:<\/strong><\/p>\n<p class=\"jetpack-slideshow-noscript robots-nocontent\">El pase de diapositivas requiere JavaScript.<\/p><div id=\"gallery-3863-1-slideshow\" class=\"jetpack-slideshow-window jetpack-slideshow jetpack-slideshow-black\" data-trans=\"fade\" data-autostart=\"1\" data-gallery=\"[{&quot;src&quot;:&quot;https:\\\/\\\/i0.wp.com\\\/cebem.org\\\/wp-content\\\/uploads\\\/2018\\\/09\\\/cp-tec_herra-2v-3.jpg?fit=750%2C563\\u0026ssl=1&quot;,&quot;id&quot;:&quot;3864&quot;,&quot;title&quot;:&quot;Participantes del curso&quot;,&quot;alt&quot;:&quot;&quot;,&quot;caption&quot;:&quot;&quot;,&quot;itemprop&quot;:&quot;image&quot;},{&quot;src&quot;:&quot;https:\\\/\\\/i0.wp.com\\\/cebem.org\\\/wp-content\\\/uploads\\\/2018\\\/09\\\/cp-tec_herra-2v-2.jpg?fit=750%2C422\\u0026ssl=1&quot;,&quot;id&quot;:&quot;3865&quot;,&quot;title&quot;:&quot;cp-tec_herra-2v-2&quot;,&quot;alt&quot;:&quot;&quot;,&quot;caption&quot;:&quot;&quot;,&quot;itemprop&quot;:&quot;image&quot;},{&quot;src&quot;:&quot;https:\\\/\\\/i0.wp.com\\\/cebem.org\\\/wp-content\\\/uploads\\\/2018\\\/09\\\/cp-tec_herra-2v-1.jpg?fit=750%2C422\\u0026ssl=1&quot;,&quot;id&quot;:&quot;3866&quot;,&quot;title&quot;:&quot;cp-tec_herra-2v-1&quot;,&quot;alt&quot;:&quot;&quot;,&quot;caption&quot;:&quot;&quot;,&quot;itemprop&quot;:&quot;image&quot;}]\" itemscope itemtype=\"https:\/\/schema.org\/ImageGallery\"><\/div>\n<p><strong>INSCRIPCIONES<\/strong><\/p>\n<p>Consultas e inscripciones en el Centro Boliviano de Estudios Multidisciplinarios (CEBEM)<br \/>\nCalle Capit\u00e1n Ravelo No. 2077 frente a la Caja de la Banca Privada La Paz &#8211; Bolivia<br \/>\nTel\u00e9fono y\/o Fax: +591 (2) 2441497 &#8211; 2441916<\/p>\n<h3 style=\"text-align: center;\">Si te interesa el curso&#8230;<\/h3>\n<p style=\"text-align: center;\"><a href=\"https:\/\/goo.gl\/forms\/AJIWvnu9xmFY5PaF2\" target=\"_blank\" rel=\"noopener\"><input type=\"submit\" value=\"Preinscr\u00edbete AQU\u00cd\" \/><\/a><\/p>\n<h4><strong>Contacto:<\/strong> <a href=\"mailto:beatriz@cebem.org\" target=\"_blank\" rel=\"noopener\"><strong>Beatriz Herrera\u00a0beatriz@cebem.org<\/strong><\/a><\/h4>\n","protected":false},"excerpt":{"rendered":"<p>Gracias al \u00e9xito de anteriores versiones y el pedido de personas, lanzamos la tercera versi\u00f3n del curso en la siguiente fecha: 4 y 5 de octubre de 2018 &nbsp; P\u00daBLICO META Un curso importante para profesionales que trabajan en organismos sin fines de lucro, cooperaci\u00f3n internacional, funcionarios de gobierno central y subnacionales, activistas sociales, estudiantes &hellip; <\/p>\n<p><a class=\"more-link btn\" href=\"https:\/\/cebem.org\/?p=3863\">Seguir leyendo<\/a><\/p>\n","protected":false},"author":2,"featured_media":2722,"comment_status":"closed","ping_status":"closed","sticky":false,"template":"","format":"standard","meta":{"_jetpack_memberships_contains_paid_content":false,"footnotes":"","jetpack_publicize_message":"#Curso Presencial: T\u00e9cnicas y herramientas participativas para la incidencia en pol\u00edticas p\u00fablicas y la toma de decisiones (3ra Versi\u00f3n)","jetpack_publicize_feature_enabled":true,"jetpack_social_post_already_shared":true,"jetpack_social_options":{"image_generator_settings":{"template":"highway","default_image_id":0,"font":"","enabled":false},"version":2}},"categories":[4],"tags":[164,38],"class_list":["post-3863","post","type-post","status-publish","format-standard","has-post-thumbnail","hentry","category-cursos-culminados-cebem","tag-boletin-6-2018","tag-curso","item-wrap"],"jetpack_publicize_connections":[],"jetpack_featured_media_url":"https:\/\/i0.wp.com\/cebem.org\/wp-content\/uploads\/2017\/10\/desiciones.jpg?fit=1024%2C1024&ssl=1","jetpack_sharing_enabled":true,"_links":{"self":[{"href":"https:\/\/cebem.org\/index.php?rest_route=\/wp\/v2\/posts\/3863","targetHints":{"allow":["GET"]}}],"collection":[{"href":"https:\/\/cebem.org\/index.php?rest_route=\/wp\/v2\/posts"}],"about":[{"href":"https:\/\/cebem.org\/index.php?rest_route=\/wp\/v2\/types\/post"}],"author":[{"embeddable":true,"href":"https:\/\/cebem.org\/index.php?rest_route=\/wp\/v2\/users\/2"}],"replies":[{"embeddable":true,"href":"https:\/\/cebem.org\/index.php?rest_route=%2Fwp%2Fv2%2Fcomments&post=3863"}],"version-history":[{"count":6,"href":"https:\/\/cebem.org\/index.php?rest_route=\/wp\/v2\/posts\/3863\/revisions"}],"predecessor-version":[{"id":3873,"href":"https:\/\/cebem.org\/index.php?rest_route=\/wp\/v2\/posts\/3863\/revisions\/3873"}],"wp:featuredmedia":[{"embeddable":true,"href":"https:\/\/cebem.org\/index.php?rest_route=\/wp\/v2\/media\/2722"}],"wp:attachment":[{"href":"https:\/\/cebem.org\/index.php?rest_route=%2Fwp%2Fv2%2Fmedia&parent=3863"}],"wp:term":[{"taxonomy":"category","embeddable":true,"href":"https:\/\/cebem.org\/index.php?rest_route=%2Fwp%2Fv2%2Fcategories&post=3863"},{"taxonomy":"post_tag","embeddable":true,"href":"https:\/\/cebem.org\/index.php?rest_route=%2Fwp%2Fv2%2Ftags&post=3863"}],"curies":[{"name":"wp","href":"https:\/\/api.w.org\/{rel}","templated":true}]}}