
{"id":3848,"date":"2018-08-29T17:34:57","date_gmt":"2018-08-29T21:34:57","guid":{"rendered":"http:\/\/cebem.org\/?p=3848"},"modified":"2018-08-29T17:34:57","modified_gmt":"2018-08-29T21:34:57","slug":"concurso-periodismo-ambiental","status":"publish","type":"post","link":"https:\/\/cebem.org\/?p=3848","title":{"rendered":"Concurso Periodismo Ambiental"},"content":{"rendered":"<section class=\"wrapper pv3 ms-rteFontSize-3\"><span class=\"ms-rteForeColor-6\"><strong><img data-recalc-dims=\"1\" fetchpriority=\"high\" decoding=\"async\" class=\"aligncenter wp-image-3849\" src=\"https:\/\/i0.wp.com\/cebem.org\/wp-content\/uploads\/2018\/08\/periodismo.jpg?resize=600%2C351\" alt=\"\" width=\"600\" height=\"351\" srcset=\"https:\/\/i0.wp.com\/cebem.org\/wp-content\/uploads\/2018\/08\/periodismo.jpg?w=956&amp;ssl=1 956w, https:\/\/i0.wp.com\/cebem.org\/wp-content\/uploads\/2018\/08\/periodismo.jpg?resize=300%2C176&amp;ssl=1 300w, https:\/\/i0.wp.com\/cebem.org\/wp-content\/uploads\/2018\/08\/periodismo.jpg?resize=768%2C450&amp;ssl=1 768w, https:\/\/i0.wp.com\/cebem.org\/wp-content\/uploads\/2018\/08\/periodismo.jpg?resize=600%2C351&amp;ssl=1 600w\" sizes=\"(max-width: 600px) 100vw, 600px\" \/>El objetivo del Concurso es reconocer el trabajo de los periodistas, su esfuerzo y su excelencia profesional; motivar la producci\u00f3n de informaci\u00f3n que coadyuve a fortalecer a las sociedades para el cuidado responsable y sostenible de la naturaleza y la biodiversidad global, para el bienestar de la \u200bhumanidad y fomentar la apertura de espacios para temas ambientales en los medios.<\/strong><\/span>\u200b<\/p>\n<p>Cuenta con el apoyo de la Fundaci\u00f3n Est\u00e1s Vivo y el respaldo de la Asociaci\u00f3n de Periodistas de La Paz.<\/p>\n<p>Para la gesti\u00f3n 2018, Conservaci\u00f3n Internacional Bolivia abre las inscripciones para este Premio y convoca a todos los periodistas del pa\u00eds a participar.<\/p>\n<section class=\"wrapper\"><span class=\"ms-rteForeColor-8 ms-rteFontFace-12\"><strong>BASES PARA PARTICIPAR<\/strong><\/span><\/p>\n<\/section>\n<section class=\"wrapper\"><b class=\"ms-rteFontSize-4 ms-rteFontFace-12\"><span style=\"color: #009000;\">CONCURSO DE PERIODISMO AMBIENTAL 2018<\/span><\/b><\/p>\n<\/section>\n<section class=\"wrapper\"><span class=\"ms-rteFontFace-12\"><strong>L<\/strong><strong>os temas<\/strong><\/span><\/p>\n<\/section>\n<section class=\"wrapper\"><span class=\"ms-rteFontFace-12\">Los temas que deben abordar los art\u00edculos participantes son:<\/span><\/p>\n<\/section>\n<section class=\"wrapper\"><span class=\"ms-rteFontFace-12\">\u2022 Conservaci\u00f3n de la biodiversidad boliviana<br \/>\n\u2022 Beneficios de la naturaleza y su contribuci\u00f3n al bienestar de los bolivianos<br \/>\n\u2022 Cuidado de especies amenazadas<br \/>\n\u2022 Amenazas al patrimonio natural del pa\u00eds<br \/>\n\u2022 Industria minera, petrolera y otras formas de explotaci\u00f3n de recursos naturales<br \/>\n\u2022 Cambio clim\u00e1tico<br \/>\n\u2022 Agua<br \/>\n\u2022 Fen\u00f3menos sociales que impactan el medio ambiente<br \/>\n\u2022 Producci\u00f3n de cacao de origen silvestre y otros productos de biocomercio<\/span><\/p>\n<\/section>\n<section class=\"wrapper\">\n<h4><a href=\"https:\/\/www.conservation.org\/global\/bolivia\/pages\/prb-2017.aspx\" target=\"_blank\" rel=\"noopener\">M\u00e1s Informaci\u00f3n<\/a><span class=\"ms-rteFontFace-12\" style=\"color: #000000; font-size: medium;\"><br \/>\n<\/span><\/h4>\n<\/section>\n<section class=\"wrapper\"><\/section>\n<\/section>\n","protected":false},"excerpt":{"rendered":"<p>El objetivo del Concurso es reconocer el trabajo de los periodistas, su esfuerzo y su excelencia profesional; motivar la producci\u00f3n de informaci\u00f3n que coadyuve a fortalecer a las sociedades para el cuidado responsable y sostenible de la naturaleza y la biodiversidad global, para el bienestar de la \u200bhumanidad y fomentar la apertura de espacios para &hellip; <\/p>\n<p><a class=\"more-link btn\" href=\"https:\/\/cebem.org\/?p=3848\">Seguir leyendo<\/a><\/p>\n","protected":false},"author":3,"featured_media":3849,"comment_status":"closed","ping_status":"closed","sticky":false,"template":"","format":"standard","meta":{"_jetpack_memberships_contains_paid_content":false,"footnotes":"","jetpack_publicize_message":"#Concurso Periodismo #Ambiental\r\n\r\nHasta el 30 de septiembre de 2018","jetpack_publicize_feature_enabled":true,"jetpack_social_post_already_shared":true,"jetpack_social_options":{"image_generator_settings":{"template":"highway","default_image_id":0,"font":"","enabled":false},"version":2}},"categories":[8],"tags":[54,169,36],"class_list":["post-3848","post","type-post","status-publish","format-standard","has-post-thumbnail","hentry","category-convocatorias","tag-ambiental","tag-boletin-7-2018","tag-concurso","item-wrap"],"jetpack_publicize_connections":[],"jetpack_featured_media_url":"https:\/\/i0.wp.com\/cebem.org\/wp-content\/uploads\/2018\/08\/periodismo.jpg?fit=956%2C560&ssl=1","jetpack_sharing_enabled":true,"_links":{"self":[{"href":"https:\/\/cebem.org\/index.php?rest_route=\/wp\/v2\/posts\/3848","targetHints":{"allow":["GET"]}}],"collection":[{"href":"https:\/\/cebem.org\/index.php?rest_route=\/wp\/v2\/posts"}],"about":[{"href":"https:\/\/cebem.org\/index.php?rest_route=\/wp\/v2\/types\/post"}],"author":[{"embeddable":true,"href":"https:\/\/cebem.org\/index.php?rest_route=\/wp\/v2\/users\/3"}],"replies":[{"embeddable":true,"href":"https:\/\/cebem.org\/index.php?rest_route=%2Fwp%2Fv2%2Fcomments&post=3848"}],"version-history":[{"count":1,"href":"https:\/\/cebem.org\/index.php?rest_route=\/wp\/v2\/posts\/3848\/revisions"}],"predecessor-version":[{"id":3850,"href":"https:\/\/cebem.org\/index.php?rest_route=\/wp\/v2\/posts\/3848\/revisions\/3850"}],"wp:featuredmedia":[{"embeddable":true,"href":"https:\/\/cebem.org\/index.php?rest_route=\/wp\/v2\/media\/3849"}],"wp:attachment":[{"href":"https:\/\/cebem.org\/index.php?rest_route=%2Fwp%2Fv2%2Fmedia&parent=3848"}],"wp:term":[{"taxonomy":"category","embeddable":true,"href":"https:\/\/cebem.org\/index.php?rest_route=%2Fwp%2Fv2%2Fcategories&post=3848"},{"taxonomy":"post_tag","embeddable":true,"href":"https:\/\/cebem.org\/index.php?rest_route=%2Fwp%2Fv2%2Ftags&post=3848"}],"curies":[{"name":"wp","href":"https:\/\/api.w.org\/{rel}","templated":true}]}}