
{"id":3745,"date":"2018-07-30T11:58:15","date_gmt":"2018-07-30T15:58:15","guid":{"rendered":"http:\/\/cebem.org\/?p=3745"},"modified":"2018-07-30T11:58:15","modified_gmt":"2018-07-30T15:58:15","slug":"informe-de-gestion-2017-de-la-fundacion-para-la-conservacion-del-bosque-chiquitano-fcbc","status":"publish","type":"post","link":"https:\/\/cebem.org\/?p=3745","title":{"rendered":"Informe de Gesti\u00f3n 2017 de la Fundaci\u00f3n para la Conservaci\u00f3n del Bosque Chiquitano &#8211; FCBC"},"content":{"rendered":"<p><a href=\"https:\/\/i0.wp.com\/cebem.org\/wp-content\/uploads\/2018\/07\/portadaInforme2017.jpg\"><img data-recalc-dims=\"1\" fetchpriority=\"high\" decoding=\"async\" class=\"aligncenter wp-image-3746\" src=\"https:\/\/i0.wp.com\/cebem.org\/wp-content\/uploads\/2018\/07\/portadaInforme2017-788x1024.jpg?resize=400%2C520\" alt=\"\" width=\"400\" height=\"520\" srcset=\"https:\/\/i0.wp.com\/cebem.org\/wp-content\/uploads\/2018\/07\/portadaInforme2017.jpg?resize=788%2C1024&amp;ssl=1 788w, https:\/\/i0.wp.com\/cebem.org\/wp-content\/uploads\/2018\/07\/portadaInforme2017.jpg?resize=231%2C300&amp;ssl=1 231w, https:\/\/i0.wp.com\/cebem.org\/wp-content\/uploads\/2018\/07\/portadaInforme2017.jpg?resize=768%2C998&amp;ssl=1 768w, https:\/\/i0.wp.com\/cebem.org\/wp-content\/uploads\/2018\/07\/portadaInforme2017.jpg?resize=600%2C780&amp;ssl=1 600w, https:\/\/i0.wp.com\/cebem.org\/wp-content\/uploads\/2018\/07\/portadaInforme2017.jpg?w=831&amp;ssl=1 831w\" sizes=\"(max-width: 400px) 100vw, 400px\" \/><\/a>La<strong>\u00a0Fundaci\u00f3n para la Conservaci\u00f3n del Bosque Chiquitano (FCBC)\u00a0<\/strong>es una organizaci\u00f3n sin fines de lucro con sede en Santa Cruz de la Sierra, cuyo \u00e1mbito geogr\u00e1fico de acci\u00f3n incluye todo el departamento de Santa Cruz y se centra en los ecosistemas de mayor vulnerabilidad ambiental, especialmente el Bosque Seco Chiquitano, el Cerrado y el Chaco. \u00a0Desde\u00a0<strong>1999<\/strong>\u00a0viene desarrollando sus actividades en diferentes campos de la conservaci\u00f3n de la biodiversidad y el desarrollo sostenible, que han generado un importante impacto en lo\u00a0<strong>socio-econ\u00f3mico y ambiental. \u00a0<\/strong><\/p>\n<p>En estos a\u00f1os de trabajo ha promovido el dise\u00f1o e implementaci\u00f3n de alrededor de\u00a0<strong>500<\/strong>\u00a0proyectos e iniciativas a diferentes escalas, especialmente en la regi\u00f3n de la Chiquitania, tanto con el sector p\u00fablico como privado y en estrecha colaboraci\u00f3n con los actores sociales y autoridades de la regi\u00f3n y con diferentes organizaciones aliadas tanto locales como nacionales e internacionales. Con recursos propios y con la complementariedad de financiamiento, ha invertido en estos proyectos una suma superior a los\u00a0<strong>10 millones de d\u00f3lares<\/strong>\u00a0americanos. M\u00e1s de\u00a0<strong>60 mil beneficiarios directos y alrededor de 100 mil<\/strong>\u00a0indirectos han sido parte de los proyectos e iniciativas canalizadas por la FCBC.<\/p>\n<p>En esta oportunidad presentan el informe de su gesti\u00f3n 2017.<\/p>\n<h4><a href=\"http:\/\/fcbc.org.bo\/project\/fcbc-informe-de-gestion-2017\/\" target=\"_blank\" rel=\"noopener\">Descargar Informe<\/a><\/h4>\n","protected":false},"excerpt":{"rendered":"<p>La\u00a0Fundaci\u00f3n para la Conservaci\u00f3n del Bosque Chiquitano (FCBC)\u00a0es una organizaci\u00f3n sin fines de lucro con sede en Santa Cruz de la Sierra, cuyo \u00e1mbito geogr\u00e1fico de acci\u00f3n incluye todo el departamento de Santa Cruz y se centra en los ecosistemas de mayor vulnerabilidad ambiental, especialmente el Bosque Seco Chiquitano, el Cerrado y el Chaco. \u00a0Desde\u00a01999\u00a0viene &hellip; <\/p>\n<p><a class=\"more-link btn\" href=\"https:\/\/cebem.org\/?p=3745\">Seguir leyendo<\/a><\/p>\n","protected":false},"author":2,"featured_media":3746,"comment_status":"closed","ping_status":"closed","sticky":false,"template":"","format":"standard","meta":{"_jetpack_memberships_contains_paid_content":false,"footnotes":"","jetpack_publicize_message":"#Informe de Gesti\u00f3n 2017 de la Fundaci\u00f3n para la Conservaci\u00f3n del #Bosque #Chiquitano - FCBC","jetpack_publicize_feature_enabled":true,"jetpack_social_post_already_shared":true,"jetpack_social_options":{"image_generator_settings":{"template":"highway","default_image_id":0,"font":"","enabled":false},"version":2}},"categories":[7],"tags":[164,91],"class_list":["post-3745","post","type-post","status-publish","format-standard","has-post-thumbnail","hentry","category-otras-publicaciones","tag-boletin-6-2018","tag-informe","item-wrap"],"jetpack_publicize_connections":[],"jetpack_featured_media_url":"https:\/\/i0.wp.com\/cebem.org\/wp-content\/uploads\/2018\/07\/portadaInforme2017.jpg?fit=831%2C1080&ssl=1","jetpack_sharing_enabled":true,"_links":{"self":[{"href":"https:\/\/cebem.org\/index.php?rest_route=\/wp\/v2\/posts\/3745","targetHints":{"allow":["GET"]}}],"collection":[{"href":"https:\/\/cebem.org\/index.php?rest_route=\/wp\/v2\/posts"}],"about":[{"href":"https:\/\/cebem.org\/index.php?rest_route=\/wp\/v2\/types\/post"}],"author":[{"embeddable":true,"href":"https:\/\/cebem.org\/index.php?rest_route=\/wp\/v2\/users\/2"}],"replies":[{"embeddable":true,"href":"https:\/\/cebem.org\/index.php?rest_route=%2Fwp%2Fv2%2Fcomments&post=3745"}],"version-history":[{"count":1,"href":"https:\/\/cebem.org\/index.php?rest_route=\/wp\/v2\/posts\/3745\/revisions"}],"predecessor-version":[{"id":3747,"href":"https:\/\/cebem.org\/index.php?rest_route=\/wp\/v2\/posts\/3745\/revisions\/3747"}],"wp:featuredmedia":[{"embeddable":true,"href":"https:\/\/cebem.org\/index.php?rest_route=\/wp\/v2\/media\/3746"}],"wp:attachment":[{"href":"https:\/\/cebem.org\/index.php?rest_route=%2Fwp%2Fv2%2Fmedia&parent=3745"}],"wp:term":[{"taxonomy":"category","embeddable":true,"href":"https:\/\/cebem.org\/index.php?rest_route=%2Fwp%2Fv2%2Fcategories&post=3745"},{"taxonomy":"post_tag","embeddable":true,"href":"https:\/\/cebem.org\/index.php?rest_route=%2Fwp%2Fv2%2Ftags&post=3745"}],"curies":[{"name":"wp","href":"https:\/\/api.w.org\/{rel}","templated":true}]}}