
{"id":3695,"date":"2018-07-13T17:21:01","date_gmt":"2018-07-13T21:21:01","guid":{"rendered":"http:\/\/cebem.org\/?p=3695"},"modified":"2018-07-13T17:21:01","modified_gmt":"2018-07-13T21:21:01","slug":"diplomado-en-politicas-publicas-y-sociales-para-el-siglo-xxi","status":"publish","type":"post","link":"https:\/\/cebem.org\/?p=3695","title":{"rendered":"Diplomado en Pol\u00edticas P\u00fablicas y Sociales para el Siglo XXI"},"content":{"rendered":"<p><a href=\"https:\/\/i0.wp.com\/cebem.org\/wp-content\/uploads\/2018\/07\/diplomado-politicas-pu-socia.jpg\"><img data-recalc-dims=\"1\" fetchpriority=\"high\" decoding=\"async\" class=\"aligncenter wp-image-3696\" src=\"https:\/\/i0.wp.com\/cebem.org\/wp-content\/uploads\/2018\/07\/diplomado-politicas-pu-socia.jpg?resize=600%2C600\" alt=\"\" width=\"600\" height=\"600\" srcset=\"https:\/\/i0.wp.com\/cebem.org\/wp-content\/uploads\/2018\/07\/diplomado-politicas-pu-socia.jpg?w=800&amp;ssl=1 800w, https:\/\/i0.wp.com\/cebem.org\/wp-content\/uploads\/2018\/07\/diplomado-politicas-pu-socia.jpg?resize=150%2C150&amp;ssl=1 150w, https:\/\/i0.wp.com\/cebem.org\/wp-content\/uploads\/2018\/07\/diplomado-politicas-pu-socia.jpg?resize=300%2C300&amp;ssl=1 300w, https:\/\/i0.wp.com\/cebem.org\/wp-content\/uploads\/2018\/07\/diplomado-politicas-pu-socia.jpg?resize=768%2C768&amp;ssl=1 768w, https:\/\/i0.wp.com\/cebem.org\/wp-content\/uploads\/2018\/07\/diplomado-politicas-pu-socia.jpg?resize=600%2C600&amp;ssl=1 600w\" sizes=\"(max-width: 600px) 100vw, 600px\" \/><\/a>La nueva cuesti\u00f3n social plantea un panorama complejo, donde emergen nuevas desigualdades sociales e inequidades que persisten y se constituyen en verdaderas situaciones de injusticia y vulneraci\u00f3n de derechos humanos que se traducen entre otros aspectos, en problemas de empleo, salud y violencia expresada de m\u00faltiples formas. De esta manera las pol\u00edticas p\u00fablicas, asumen un sentido protag\u00f3nico en la agenda p\u00fablica de todos los pa\u00edses de la regi\u00f3n, por lo que existe la necesidad de repensar las pol\u00edticas p\u00fablicas desde nuevos enfoques y perspectivas cr\u00edticas y propositivas.<\/p>\n<p><strong>Objetivo<\/strong><\/p>\n<ul>\n<li>Analizar el proceso de transformaci\u00f3n del rol del Estado, los desaf\u00edos y desigualdades emergentes y la pertinencia de nuevos paradigmas en la construcci\u00f3n de pol\u00edticas p\u00fablicas sociales, desde un enfoque de derechos humanos, justicia social\u00a0 y colonialidad del poder.<\/li>\n<\/ul>\n<p><strong>M\u00f3dulos:<\/strong><\/p>\n<table width=\"93%\">\n<tbody>\n<tr>\n<td width=\"17%\">M\u00f3dulo 1<\/td>\n<td width=\"82%\">Estado y pol\u00edticas p\u00fablicas: abordaje conceptual<\/td>\n<\/tr>\n<tr>\n<td width=\"17%\">M\u00f3dulo 2<\/td>\n<td width=\"82%\">La intervenci\u00f3n estatal y la pol\u00edtica p\u00fablica reciente<\/td>\n<\/tr>\n<tr>\n<td width=\"17%\">M\u00f3dulo 3<\/td>\n<td width=\"82%\">Pol\u00edticas p\u00fablicas y an\u00e1lisis de la desigualdad, diversidad y cuesti\u00f3n social<\/td>\n<\/tr>\n<tr>\n<td width=\"17%\">M\u00f3dulo 4<\/td>\n<td width=\"82%\">Propuestas alternativas hacia la descolonizaci\u00f3n de las pol\u00edticas p\u00fablicas<\/td>\n<\/tr>\n<tr>\n<td width=\"17%\">M\u00f3dulo 5<\/td>\n<td width=\"82%\">Nuevos enfoques para la gesti\u00f3n y evaluaci\u00f3n de las pol\u00edticas p\u00fablicas<\/td>\n<\/tr>\n<\/tbody>\n<\/table>\n<p><strong>Docentes<\/strong>: nacionales e internacionales<\/p>\n<p><strong>\u00a0<\/strong><strong>Lugar:<\/strong> Instituto de Investigaci\u00f3n, Interacci\u00f3n Social y Posgrado de la carrera de Trabajo Social. Edificio Ren\u00e9 Zabaleta Mercado, Piso 7, Monoblock Central de la UMSA, Av. Villaz\u00f3n N\u00ba 1995.<\/p>\n<p><strong>Horarios<\/strong>: Lunes,\u00a0mi\u00e9rcoles y\u00a0viernes\u00a0de 19:00 a 22:00<\/p>\n<p><strong>Duraci\u00f3n:<\/strong> De agosto a\u00a0noviembre 2018<\/p>\n<p><strong>Inversi\u00f3n:<\/strong><\/p>\n<ul>\n<li>Matricula: Bs. 420<\/li>\n<li>Colegiatura: Bs. 3.100 (existen planes de pago).<\/li>\n<\/ul>\n<p>Puede realizar su pre-inscripci\u00f3n mediante el siguiente enlace: <strong><a href=\"https:\/\/goo.gl\/forms\/m9NU8ONVCEuOrCTY2\" target=\"_blank\" rel=\"noopener\">https:\/\/goo.gl\/forms\/m9NU8ONVCEuOrCTY2<\/a><\/strong><\/p>\n<h4><strong>Mayores informes e inscripciones:<\/strong><\/h4>\n<h4>Instituto de Investigaci\u00f3n, Interacci\u00f3n Social y Posgrado de la carrera de Trabajo Social<br \/>\nEdificio Ren\u00e9 Zabaleta Mercado, Piso 7<br \/>\nAv. Villaz\u00f3n #1995<br \/>\nCorreo:\u00a0institutoiis.ts@umsa.bo<br \/>\nTel\u00e9fono:\u00a0<a href=\"callto:(591-2)%202612224\">(591-2) 2612224<\/a>\u00a0&#8211; 2612731<br \/>\nLa Paz &#8211; Bolivia<\/h4>\n","protected":false},"excerpt":{"rendered":"<p>La nueva cuesti\u00f3n social plantea un panorama complejo, donde emergen nuevas desigualdades sociales e inequidades que persisten y se constituyen en verdaderas situaciones de injusticia y vulneraci\u00f3n de derechos humanos que se traducen entre otros aspectos, en problemas de empleo, salud y violencia expresada de m\u00faltiples formas. De esta manera las pol\u00edticas p\u00fablicas, asumen un &hellip; <\/p>\n<p><a class=\"more-link btn\" href=\"https:\/\/cebem.org\/?p=3695\">Seguir leyendo<\/a><\/p>\n","protected":false},"author":2,"featured_media":3696,"comment_status":"closed","ping_status":"closed","sticky":false,"template":"","format":"standard","meta":{"_jetpack_memberships_contains_paid_content":false,"footnotes":"","jetpack_publicize_message":"#Diplomado en Pol\u00edticas P\u00fablicas y Sociales para el Siglo XXI\r\n\r\nDe agosto a noviembre 2018","jetpack_publicize_feature_enabled":true,"jetpack_social_post_already_shared":true,"jetpack_social_options":{"image_generator_settings":{"template":"highway","default_image_id":0,"font":"","enabled":false},"version":2}},"categories":[10],"tags":[158,38,121],"class_list":["post-3695","post","type-post","status-publish","format-standard","has-post-thumbnail","hentry","category-otros-cursos","tag-boletin-5-2018","tag-curso","tag-diplomado","item-wrap"],"jetpack_publicize_connections":[],"jetpack_featured_media_url":"https:\/\/i0.wp.com\/cebem.org\/wp-content\/uploads\/2018\/07\/diplomado-politicas-pu-socia.jpg?fit=800%2C800&ssl=1","jetpack_sharing_enabled":true,"_links":{"self":[{"href":"https:\/\/cebem.org\/index.php?rest_route=\/wp\/v2\/posts\/3695","targetHints":{"allow":["GET"]}}],"collection":[{"href":"https:\/\/cebem.org\/index.php?rest_route=\/wp\/v2\/posts"}],"about":[{"href":"https:\/\/cebem.org\/index.php?rest_route=\/wp\/v2\/types\/post"}],"author":[{"embeddable":true,"href":"https:\/\/cebem.org\/index.php?rest_route=\/wp\/v2\/users\/2"}],"replies":[{"embeddable":true,"href":"https:\/\/cebem.org\/index.php?rest_route=%2Fwp%2Fv2%2Fcomments&post=3695"}],"version-history":[{"count":1,"href":"https:\/\/cebem.org\/index.php?rest_route=\/wp\/v2\/posts\/3695\/revisions"}],"predecessor-version":[{"id":3697,"href":"https:\/\/cebem.org\/index.php?rest_route=\/wp\/v2\/posts\/3695\/revisions\/3697"}],"wp:featuredmedia":[{"embeddable":true,"href":"https:\/\/cebem.org\/index.php?rest_route=\/wp\/v2\/media\/3696"}],"wp:attachment":[{"href":"https:\/\/cebem.org\/index.php?rest_route=%2Fwp%2Fv2%2Fmedia&parent=3695"}],"wp:term":[{"taxonomy":"category","embeddable":true,"href":"https:\/\/cebem.org\/index.php?rest_route=%2Fwp%2Fv2%2Fcategories&post=3695"},{"taxonomy":"post_tag","embeddable":true,"href":"https:\/\/cebem.org\/index.php?rest_route=%2Fwp%2Fv2%2Ftags&post=3695"}],"curies":[{"name":"wp","href":"https:\/\/api.w.org\/{rel}","templated":true}]}}