
{"id":3568,"date":"2018-05-23T10:00:54","date_gmt":"2018-05-23T14:00:54","guid":{"rendered":"http:\/\/cebem.org\/?p=3568"},"modified":"2018-05-23T11:40:08","modified_gmt":"2018-05-23T15:40:08","slug":"politicas-y-estrategias-del-medio-ambiente-urbano","status":"publish","type":"post","link":"https:\/\/cebem.org\/?p=3568","title":{"rendered":"Pol\u00edticas y estrategias del Medio Ambiente Urbano"},"content":{"rendered":"<p><strong><a href=\"https:\/\/i0.wp.com\/cebem.org\/wp-content\/uploads\/2018\/05\/politicas-estrategias-medio-ambiente.jpg\"><img data-recalc-dims=\"1\" fetchpriority=\"high\" decoding=\"async\" class=\"alignleft size-medium wp-image-3570\" src=\"https:\/\/i0.wp.com\/cebem.org\/wp-content\/uploads\/2018\/05\/politicas-estrategias-medio-ambiente-191x300.jpg?resize=191%2C300\" alt=\"\" width=\"191\" height=\"300\" srcset=\"https:\/\/i0.wp.com\/cebem.org\/wp-content\/uploads\/2018\/05\/politicas-estrategias-medio-ambiente.jpg?resize=191%2C300&amp;ssl=1 191w, https:\/\/i0.wp.com\/cebem.org\/wp-content\/uploads\/2018\/05\/politicas-estrategias-medio-ambiente.jpg?resize=600%2C943&amp;ssl=1 600w, https:\/\/i0.wp.com\/cebem.org\/wp-content\/uploads\/2018\/05\/politicas-estrategias-medio-ambiente.jpg?w=637&amp;ssl=1 637w\" sizes=\"(max-width: 191px) 100vw, 191px\" \/><\/a><\/strong><\/p>\n<p><strong>Autor:<\/strong> Mario Galindo Soza<\/p>\n<p><strong>Resumen: <\/strong><span class=\"conten_view\">Como en muchos otras pa\u00edses, el tema del medio ambiente urbano lleva bastantes a\u00f1os de retraso con respecto a la tem\u00e1tica general del medio ambiente. Muchas cosas condicionaron que nos preocup\u00e1ramos primero y con mayor intensidad de los bosques, de los desierto, de la flora y la fauna, etc., para despu\u00e9s comenzar a pensar en el aire, en el suelo y las aguas de nuestras ciudades; \u00e9ste es un comportamiento propio de los pa\u00edses en desarrollo.<\/p>\n<p>El presente volumen, pionero de el tema. propone soluciones a problemas de medio ambiente, tanto a nivel institucional como fiscal financiero. el tema de las inversiones. as\u00ed como los problemas legales, ofrecen un buen punto de partida para enfrentar los problemas legales. ofrecen un buen punto de partida para enfrentar los problemas en su verdadera dimensi\u00f3n, as\u00ed como la elaboraci\u00f3n de las normas complementar\u00edas que se requieren. El trabajo elabora una propuesta de objetivos medio ambientales urbanos en Bolivia. Asimismo, el autor presenta una experiencia latinoamericana, la de Venezuela, par\u00e1metro, muy \u00fatil por supuesto, de comprensi\u00f3n de la situaci\u00f3n boliviana.<\/p>\n<p>En el campo institucional, se dise\u00f1a un marco te\u00f3rico para la descentralizaci\u00f3n administrativa de la gesti\u00f3n ambiental. En \u00e9l se dise\u00f1a las competencias para cada uno de los niveles de gobierno y las propuestas de ordenamiento institucional. As\u00ed, a nivel institucional se resalta la importancia de la Municipalidad, como instituci\u00f3n responsable del subsector en lo normativo-operativo y del Municipio, como \u00e1mbito o espacio jurisdiccional para realizar las acciones de preservaci\u00f3n.<\/span><\/p>\n<h4><a href=\"http:\/\/cebem.org\/wp-content\/uploads\/2018\/05\/Politicas_y_estrategias_Mario_Galindo.pdf\">Descargar libro en PDF<\/a><\/h4>\n","protected":false},"excerpt":{"rendered":"<p>Autor: Mario Galindo Soza Resumen: Como en muchos otras pa\u00edses, el tema del medio ambiente urbano lleva bastantes a\u00f1os de retraso con respecto a la tem\u00e1tica general del medio ambiente. Muchas cosas condicionaron que nos preocup\u00e1ramos primero y con mayor intensidad de los bosques, de los desierto, de la flora y la fauna, etc., para &hellip; <\/p>\n<p><a class=\"more-link btn\" href=\"https:\/\/cebem.org\/?p=3568\">Seguir leyendo<\/a><\/p>\n","protected":false},"author":2,"featured_media":3570,"comment_status":"closed","ping_status":"closed","sticky":false,"template":"","format":"standard","meta":{"_jetpack_memberships_contains_paid_content":false,"footnotes":"","jetpack_publicize_message":"#LecturaRecomendada\r\nPol\u00edticas y estrategias del #MedioAmbiente Urbano","jetpack_publicize_feature_enabled":true,"jetpack_social_post_already_shared":true,"jetpack_social_options":{"image_generator_settings":{"template":"highway","default_image_id":0,"font":"","enabled":false},"version":2}},"categories":[22],"tags":[158,74,159,119],"class_list":["post-3568","post","type-post","status-publish","format-standard","has-post-thumbnail","hentry","category-publicaciones-cebem","tag-boletin-5-2018","tag-libro","tag-mario-galindo","tag-medio-ambiente","item-wrap"],"jetpack_publicize_connections":[],"jetpack_featured_media_url":"https:\/\/i0.wp.com\/cebem.org\/wp-content\/uploads\/2018\/05\/politicas-estrategias-medio-ambiente.jpg?fit=637%2C1001&ssl=1","jetpack_sharing_enabled":true,"_links":{"self":[{"href":"https:\/\/cebem.org\/index.php?rest_route=\/wp\/v2\/posts\/3568","targetHints":{"allow":["GET"]}}],"collection":[{"href":"https:\/\/cebem.org\/index.php?rest_route=\/wp\/v2\/posts"}],"about":[{"href":"https:\/\/cebem.org\/index.php?rest_route=\/wp\/v2\/types\/post"}],"author":[{"embeddable":true,"href":"https:\/\/cebem.org\/index.php?rest_route=\/wp\/v2\/users\/2"}],"replies":[{"embeddable":true,"href":"https:\/\/cebem.org\/index.php?rest_route=%2Fwp%2Fv2%2Fcomments&post=3568"}],"version-history":[{"count":1,"href":"https:\/\/cebem.org\/index.php?rest_route=\/wp\/v2\/posts\/3568\/revisions"}],"predecessor-version":[{"id":3571,"href":"https:\/\/cebem.org\/index.php?rest_route=\/wp\/v2\/posts\/3568\/revisions\/3571"}],"wp:featuredmedia":[{"embeddable":true,"href":"https:\/\/cebem.org\/index.php?rest_route=\/wp\/v2\/media\/3570"}],"wp:attachment":[{"href":"https:\/\/cebem.org\/index.php?rest_route=%2Fwp%2Fv2%2Fmedia&parent=3568"}],"wp:term":[{"taxonomy":"category","embeddable":true,"href":"https:\/\/cebem.org\/index.php?rest_route=%2Fwp%2Fv2%2Fcategories&post=3568"},{"taxonomy":"post_tag","embeddable":true,"href":"https:\/\/cebem.org\/index.php?rest_route=%2Fwp%2Fv2%2Ftags&post=3568"}],"curies":[{"name":"wp","href":"https:\/\/api.w.org\/{rel}","templated":true}]}}