
{"id":3563,"date":"2018-05-23T10:54:40","date_gmt":"2018-05-23T14:54:40","guid":{"rendered":"http:\/\/cebem.org\/?p=3563"},"modified":"2018-05-23T11:41:05","modified_gmt":"2018-05-23T15:41:05","slug":"descriptores-del-estado-plurinacional-de-bolivia-2009-2017","status":"publish","type":"post","link":"https:\/\/cebem.org\/?p=3563","title":{"rendered":"Descriptores del Estado Plurinacional de Bolivia (2009-2017)"},"content":{"rendered":"<p><strong><a href=\"https:\/\/i0.wp.com\/cebem.org\/wp-content\/uploads\/2018\/05\/ligro-galindo-descriptores-bolivia.jpg\"><img data-recalc-dims=\"1\" fetchpriority=\"high\" decoding=\"async\" class=\"alignleft size-medium wp-image-3564\" src=\"https:\/\/i0.wp.com\/cebem.org\/wp-content\/uploads\/2018\/05\/ligro-galindo-descriptores-bolivia-222x300.jpg?resize=222%2C300\" alt=\"\" width=\"222\" height=\"300\" srcset=\"https:\/\/i0.wp.com\/cebem.org\/wp-content\/uploads\/2018\/05\/ligro-galindo-descriptores-bolivia.jpg?resize=222%2C300&amp;ssl=1 222w, https:\/\/i0.wp.com\/cebem.org\/wp-content\/uploads\/2018\/05\/ligro-galindo-descriptores-bolivia.jpg?resize=600%2C810&amp;ssl=1 600w, https:\/\/i0.wp.com\/cebem.org\/wp-content\/uploads\/2018\/05\/ligro-galindo-descriptores-bolivia.jpg?w=709&amp;ssl=1 709w\" sizes=\"(max-width: 222px) 100vw, 222px\" \/><\/a>Autor: <\/strong>Mario Galindo Soza<br \/>\n<strong><br \/>\nPresentaci\u00f3n: <\/strong>El texto que se ofrece, es una descripci\u00f3n del estado plurinacional de Bolivia, con un an\u00e1lisis somero, que no profundiza, sino deja las bases para la reflexi\u00f3n y el conocimiento de los sustentos de esta construcci\u00f3n constitucional del a\u00f1o 2009 y su devenir y practica hasta el a\u00f1o 2017.<\/p>\n<p>La intenci\u00f3n del autor, es la de dejar sistematizadas, algunas bases te\u00f3ricas y conceptuales del Estado Plurinacional y trazar algunas l\u00edneas anal\u00edticas, que se desarrollar\u00e1n en otro \u00e1mbito.<\/p>\n<p>Es muy com\u00fan encontrar una serie de an\u00e1lisis sobre el proceso de cambio, sobre el MAS y muchas veces, estos an\u00e1lisis no parten del concepto global, que el del Estado Plurinacional. Este constructo merece una radiograf\u00eda, primero descriptiva y luego podr\u00e1 desarrollarse en t\u00e9rminos sociol\u00f3gicos, jur\u00eddicos o pol\u00edticos.<\/p>\n<p>Por eso esta contribuci\u00f3n, ni tiene una aspiraci\u00f3n de entrar al detalle de los aspectos que se describen, sino en tratar de ver c\u00f3mo se formularon, el dise\u00f1o de los mismos, y un peque\u00f1o avance de c\u00f3mo se desarrollaron en la pr\u00e1ctica, los resultados que ofrecen a la fecha del texto, y las posibles proyecciones o derroteros que ofrecen, en su devenir, tomando en cuenta las condiciones en que se ejecutan estas politizas p\u00fablicas o estas formas organizativas del Estado Plurinacional.<\/p>\n<p>Se parte de analizar, los aspectos de principio o de bases filos\u00f3ficas del Estado Plurinacional, se avanza en una descripci\u00f3n de los actores sociales que lo componen, las bases econ\u00f3micas que lo sustentan, la organizaci0on que le da estructura y las modalidades de gesti\u00f3n que lo movilizan. Estos componentes parecen claves, al momento de visualizar esta nueva construcci\u00f3n. Hay aspectos que reconocen avances y otros que muestran contradicciones y retrocesos desde una perspectiva hist\u00f3rica de Bolivia como Naci\u00f3n y cono Estado.<\/p>\n<p>Esperamos, que este texto, sirva para esclarecer los an\u00e1lisis de nuestro pa\u00eds y de las connotaciones que su historia y desarrollo implican.<\/p>\n<h4><a href=\"http:\/\/cebem.org\/wp-content\/uploads\/2018\/05\/Descriptores-Estado_Plurinacional-Bolivia.pdf\"><strong>Descargar libro en PDF<\/strong><\/a><\/h4>\n","protected":false},"excerpt":{"rendered":"<p>Autor: Mario Galindo Soza Presentaci\u00f3n: El texto que se ofrece, es una descripci\u00f3n del estado plurinacional de Bolivia, con un an\u00e1lisis somero, que no profundiza, sino deja las bases para la reflexi\u00f3n y el conocimiento de los sustentos de esta construcci\u00f3n constitucional del a\u00f1o 2009 y su devenir y practica hasta el a\u00f1o 2017. La &hellip; <\/p>\n<p><a class=\"more-link btn\" href=\"https:\/\/cebem.org\/?p=3563\">Seguir leyendo<\/a><\/p>\n","protected":false},"author":2,"featured_media":3564,"comment_status":"closed","ping_status":"closed","sticky":false,"template":"","format":"standard","meta":{"_jetpack_memberships_contains_paid_content":false,"footnotes":"","jetpack_publicize_message":"#LecturaRecomendada\r\nDescriptores del Estado Plurinacional de #Bolivia (2009-2017)","jetpack_publicize_feature_enabled":true,"jetpack_social_post_already_shared":true,"jetpack_social_options":{"image_generator_settings":{"template":"highway","default_image_id":0,"font":"","enabled":false},"version":2}},"categories":[22],"tags":[158,74,159],"class_list":["post-3563","post","type-post","status-publish","format-standard","has-post-thumbnail","hentry","category-publicaciones-cebem","tag-boletin-5-2018","tag-libro","tag-mario-galindo","item-wrap"],"jetpack_publicize_connections":[],"jetpack_featured_media_url":"https:\/\/i0.wp.com\/cebem.org\/wp-content\/uploads\/2018\/05\/ligro-galindo-descriptores-bolivia.jpg?fit=709%2C957&ssl=1","jetpack_sharing_enabled":true,"_links":{"self":[{"href":"https:\/\/cebem.org\/index.php?rest_route=\/wp\/v2\/posts\/3563","targetHints":{"allow":["GET"]}}],"collection":[{"href":"https:\/\/cebem.org\/index.php?rest_route=\/wp\/v2\/posts"}],"about":[{"href":"https:\/\/cebem.org\/index.php?rest_route=\/wp\/v2\/types\/post"}],"author":[{"embeddable":true,"href":"https:\/\/cebem.org\/index.php?rest_route=\/wp\/v2\/users\/2"}],"replies":[{"embeddable":true,"href":"https:\/\/cebem.org\/index.php?rest_route=%2Fwp%2Fv2%2Fcomments&post=3563"}],"version-history":[{"count":2,"href":"https:\/\/cebem.org\/index.php?rest_route=\/wp\/v2\/posts\/3563\/revisions"}],"predecessor-version":[{"id":3572,"href":"https:\/\/cebem.org\/index.php?rest_route=\/wp\/v2\/posts\/3563\/revisions\/3572"}],"wp:featuredmedia":[{"embeddable":true,"href":"https:\/\/cebem.org\/index.php?rest_route=\/wp\/v2\/media\/3564"}],"wp:attachment":[{"href":"https:\/\/cebem.org\/index.php?rest_route=%2Fwp%2Fv2%2Fmedia&parent=3563"}],"wp:term":[{"taxonomy":"category","embeddable":true,"href":"https:\/\/cebem.org\/index.php?rest_route=%2Fwp%2Fv2%2Fcategories&post=3563"},{"taxonomy":"post_tag","embeddable":true,"href":"https:\/\/cebem.org\/index.php?rest_route=%2Fwp%2Fv2%2Ftags&post=3563"}],"curies":[{"name":"wp","href":"https:\/\/api.w.org\/{rel}","templated":true}]}}