
{"id":3474,"date":"2018-05-02T06:41:24","date_gmt":"2018-05-02T10:41:24","guid":{"rendered":"http:\/\/cebem.org\/?p=3474"},"modified":"2018-05-02T06:41:24","modified_gmt":"2018-05-02T10:41:24","slug":"maestria-en-sociologia-politica-2018-2020-flacso-ecuador","status":"publish","type":"post","link":"https:\/\/cebem.org\/?p=3474","title":{"rendered":"Maestr\u00eda en Sociolog\u00eda Pol\u00edtica 2018-2020 (FLACSO-Ecuador)"},"content":{"rendered":"<h5><span style=\"font-size: medium;\"><a href=\"https:\/\/i0.wp.com\/cebem.org\/wp-content\/uploads\/2018\/05\/sociologia-politica.jpg\"><img data-recalc-dims=\"1\" fetchpriority=\"high\" decoding=\"async\" class=\"alignleft wp-image-3475\" src=\"https:\/\/i0.wp.com\/cebem.org\/wp-content\/uploads\/2018\/05\/sociologia-politica-142x300.jpg?resize=200%2C424\" alt=\"\" width=\"200\" height=\"424\" srcset=\"https:\/\/i0.wp.com\/cebem.org\/wp-content\/uploads\/2018\/05\/sociologia-politica.jpg?resize=142%2C300&amp;ssl=1 142w, https:\/\/i0.wp.com\/cebem.org\/wp-content\/uploads\/2018\/05\/sociologia-politica.jpg?w=283&amp;ssl=1 283w\" sizes=\"(max-width: 200px) 100vw, 200px\" \/><\/a>Modalidad: Presencial<\/span><\/h5>\n<p><strong>Objetivo<\/strong><\/p>\n<p>Formar investigadores que cuenten con instrumentos te\u00f3ricos y metodol\u00f3gicos adecuados para entender los procesos pol\u00edticos del Ecuador y de Am\u00e9rica Latina desde una perspectiva interdisciplinaria, hist\u00f3rica y comparada. El programa recupera una larga tradici\u00f3n intelectual de las Ciencias Sociales latinoamericanas que estudia las relaciones entre estructuras sociales, instituciones pol\u00edticas y movimientos sociopol\u00edticos que acompa\u00f1an la construcci\u00f3n estatal y la din\u00e1mica democr\u00e1tica en la regi\u00f3n.<\/p>\n<p><strong>\u00bfA qui\u00e9n va dirigida?<\/strong><\/p>\n<p>A profesionales de las Ciencias Sociales, la comunicaci\u00f3n, el derecho, las humanidades y \u00e1reas afines, con un perfil orientado a la docencia, la investigaci\u00f3n y el an\u00e1lisis pol\u00edtico. Buscamos estudiantes que deseen consolidar sus habilidades te\u00f3ricas, anal\u00edticas y metodol\u00f3gicas para comprender los procesos sociopol\u00edticos latinoamericanos.\u00a0 Las postulaciones de estudiantes de provincia y universidades p\u00fablicas podr\u00e1n acogerse a las pol\u00edticas de becas del sistema.<\/p>\n<p><strong>Calendario<\/strong><\/p>\n<ul>\n<li style=\"list-style-type: none\">\n<ul>\n<li>Presentaci\u00f3n solicitud de admisi\u00f3n: hasta el 31 de mayo.<\/li>\n<li>Prueba de aptitud acad\u00e9mica: 15 de junio.<\/li>\n<li>Entrevistas: 25 de junio al 6 de julio.<\/li>\n<li>Informaci\u00f3n sobre selecci\u00f3n: hasta el 19 de julio.<\/li>\n<li>Confirmaci\u00f3n de aceptaci\u00f3n: hasta el 31 de agosto.<\/li>\n<li>Matr\u00edculas: 17 de septiembre al 1 de octubre.<\/li>\n<li>Matr\u00edculas extraordinarias: 2 al 16 de octubre.<\/li>\n<li>Inicio de clases:\u00a0<strong>22 de octubre de 2018.\u00a0<\/strong><\/li>\n<\/ul>\n<\/li>\n<\/ul>\n<h4><a href=\"https:\/\/www.flacso.edu.ec\/portal\/academico\/detalle\/especializacion\/sociologia-politica-2018-2020.364\" target=\"_blank\" rel=\"noopener\">M\u00e1s informaci\u00f3n<\/a><\/h4>\n","protected":false},"excerpt":{"rendered":"<p>Modalidad: Presencial Objetivo Formar investigadores que cuenten con instrumentos te\u00f3ricos y metodol\u00f3gicos adecuados para entender los procesos pol\u00edticos del Ecuador y de Am\u00e9rica Latina desde una perspectiva interdisciplinaria, hist\u00f3rica y comparada. El programa recupera una larga tradici\u00f3n intelectual de las Ciencias Sociales latinoamericanas que estudia las relaciones entre estructuras sociales, instituciones pol\u00edticas y movimientos sociopol\u00edticos &hellip; <\/p>\n<p><a class=\"more-link btn\" href=\"https:\/\/cebem.org\/?p=3474\">Seguir leyendo<\/a><\/p>\n","protected":false},"author":2,"featured_media":3475,"comment_status":"closed","ping_status":"closed","sticky":false,"template":"","format":"standard","meta":{"_jetpack_memberships_contains_paid_content":false,"footnotes":"","jetpack_publicize_message":"#Maestr\u00eda en Sociolog\u00eda Pol\u00edtica 2018-2020 (FLACSO - #Ecuador)","jetpack_publicize_feature_enabled":true,"jetpack_social_post_already_shared":true,"jetpack_social_options":{"image_generator_settings":{"template":"highway","default_image_id":0,"font":"","enabled":false},"version":2}},"categories":[10],"tags":[153,38,46],"class_list":["post-3474","post","type-post","status-publish","format-standard","has-post-thumbnail","hentry","category-otros-cursos","tag-boletin-4-2018","tag-curso","tag-maestria","item-wrap"],"jetpack_publicize_connections":[],"jetpack_featured_media_url":"https:\/\/i0.wp.com\/cebem.org\/wp-content\/uploads\/2018\/05\/sociologia-politica.jpg?fit=283%2C600&ssl=1","jetpack_sharing_enabled":true,"_links":{"self":[{"href":"https:\/\/cebem.org\/index.php?rest_route=\/wp\/v2\/posts\/3474","targetHints":{"allow":["GET"]}}],"collection":[{"href":"https:\/\/cebem.org\/index.php?rest_route=\/wp\/v2\/posts"}],"about":[{"href":"https:\/\/cebem.org\/index.php?rest_route=\/wp\/v2\/types\/post"}],"author":[{"embeddable":true,"href":"https:\/\/cebem.org\/index.php?rest_route=\/wp\/v2\/users\/2"}],"replies":[{"embeddable":true,"href":"https:\/\/cebem.org\/index.php?rest_route=%2Fwp%2Fv2%2Fcomments&post=3474"}],"version-history":[{"count":1,"href":"https:\/\/cebem.org\/index.php?rest_route=\/wp\/v2\/posts\/3474\/revisions"}],"predecessor-version":[{"id":3476,"href":"https:\/\/cebem.org\/index.php?rest_route=\/wp\/v2\/posts\/3474\/revisions\/3476"}],"wp:featuredmedia":[{"embeddable":true,"href":"https:\/\/cebem.org\/index.php?rest_route=\/wp\/v2\/media\/3475"}],"wp:attachment":[{"href":"https:\/\/cebem.org\/index.php?rest_route=%2Fwp%2Fv2%2Fmedia&parent=3474"}],"wp:term":[{"taxonomy":"category","embeddable":true,"href":"https:\/\/cebem.org\/index.php?rest_route=%2Fwp%2Fv2%2Fcategories&post=3474"},{"taxonomy":"post_tag","embeddable":true,"href":"https:\/\/cebem.org\/index.php?rest_route=%2Fwp%2Fv2%2Ftags&post=3474"}],"curies":[{"name":"wp","href":"https:\/\/api.w.org\/{rel}","templated":true}]}}