
{"id":3468,"date":"2018-05-02T05:39:35","date_gmt":"2018-05-02T09:39:35","guid":{"rendered":"http:\/\/cebem.org\/?p=3468"},"modified":"2018-05-02T05:39:35","modified_gmt":"2018-05-02T09:39:35","slug":"agroenlace-perspectivas-de-la-agricultura-2017-2018","status":"publish","type":"post","link":"https:\/\/cebem.org\/?p=3468","title":{"rendered":"AgroEnlace: Perspectivas de la agricultura 2017-2018"},"content":{"rendered":"<p><a href=\"https:\/\/i0.wp.com\/cebem.org\/wp-content\/uploads\/2018\/05\/agroenlace.png\"><img data-recalc-dims=\"1\" fetchpriority=\"high\" decoding=\"async\" class=\"aligncenter wp-image-3469\" src=\"https:\/\/i0.wp.com\/cebem.org\/wp-content\/uploads\/2018\/05\/agroenlace.png?resize=400%2C415\" alt=\"\" width=\"400\" height=\"415\" srcset=\"https:\/\/i0.wp.com\/cebem.org\/wp-content\/uploads\/2018\/05\/agroenlace.png?w=566&amp;ssl=1 566w, https:\/\/i0.wp.com\/cebem.org\/wp-content\/uploads\/2018\/05\/agroenlace.png?resize=289%2C300&amp;ssl=1 289w\" sizes=\"(max-width: 400px) 100vw, 400px\" \/><\/a>AgroEnlace es una radiorrevista tem\u00e1tica de quince minutos, dise\u00f1ada para ajustarse a las necesidades de los peque\u00f1os y medianos agroempresarios, quienes cuentan con tiempo limitado para realizar sus tareas.<\/p>\n<p>Este programa quincenal tiene por objetivo promover los agronegocios y estimular la participaci\u00f3n del peque\u00f1o y mediano agroempresario en los mercados nacionales e internacionales.<\/p>\n<p>En esta oportunidad en tres programas conversamos sobre Perspectivas de la agricultura:<\/p>\n<p><a href=\"https:\/\/soundcloud.com\/iicanoticias\/programa-perspectivas-de-la-agricultura-2017-2018-febrero-21-2018\" target=\"_blank\" rel=\"noopener\">Escuchar programa &#8211; Parte 1<\/a><\/p>\n<p><a href=\"https:\/\/soundcloud.com\/iicanoticias\/perspectivas-de-la-agricultura-2017-2018-parte-2-marzo-07-2018\" target=\"_blank\" rel=\"noopener\">Escuchar programa &#8211; Parte 2<\/a><\/p>\n<p><a href=\"https:\/\/soundcloud.com\/iicanoticias\/perspectivas-de-la-agricultura-2017-2018-parte-3-marzo-21-2018\" target=\"_blank\" rel=\"noopener\">Escuchar programa &#8211; Parte 3<\/a><\/p>\n","protected":false},"excerpt":{"rendered":"<p>AgroEnlace es una radiorrevista tem\u00e1tica de quince minutos, dise\u00f1ada para ajustarse a las necesidades de los peque\u00f1os y medianos agroempresarios, quienes cuentan con tiempo limitado para realizar sus tareas. Este programa quincenal tiene por objetivo promover los agronegocios y estimular la participaci\u00f3n del peque\u00f1o y mediano agroempresario en los mercados nacionales e internacionales. En esta &hellip; <\/p>\n<p><a class=\"more-link btn\" href=\"https:\/\/cebem.org\/?p=3468\">Seguir leyendo<\/a><\/p>\n","protected":false},"author":2,"featured_media":3469,"comment_status":"closed","ping_status":"closed","sticky":false,"template":"","format":"standard","meta":{"_jetpack_memberships_contains_paid_content":false,"footnotes":"","jetpack_publicize_message":"AgroEnlace: Perspectivas de la agricultura 2017-2018","jetpack_publicize_feature_enabled":true,"jetpack_social_post_already_shared":true,"jetpack_social_options":{"image_generator_settings":{"template":"highway","default_image_id":0,"font":"","enabled":false},"version":2}},"categories":[1],"tags":[153,157],"class_list":["post-3468","post","type-post","status-publish","format-standard","has-post-thumbnail","hentry","category-noticias","tag-boletin-4-2018","tag-radio","item-wrap"],"jetpack_publicize_connections":[],"jetpack_featured_media_url":"https:\/\/i0.wp.com\/cebem.org\/wp-content\/uploads\/2018\/05\/agroenlace.png?fit=566%2C587&ssl=1","jetpack_sharing_enabled":true,"_links":{"self":[{"href":"https:\/\/cebem.org\/index.php?rest_route=\/wp\/v2\/posts\/3468","targetHints":{"allow":["GET"]}}],"collection":[{"href":"https:\/\/cebem.org\/index.php?rest_route=\/wp\/v2\/posts"}],"about":[{"href":"https:\/\/cebem.org\/index.php?rest_route=\/wp\/v2\/types\/post"}],"author":[{"embeddable":true,"href":"https:\/\/cebem.org\/index.php?rest_route=\/wp\/v2\/users\/2"}],"replies":[{"embeddable":true,"href":"https:\/\/cebem.org\/index.php?rest_route=%2Fwp%2Fv2%2Fcomments&post=3468"}],"version-history":[{"count":1,"href":"https:\/\/cebem.org\/index.php?rest_route=\/wp\/v2\/posts\/3468\/revisions"}],"predecessor-version":[{"id":3470,"href":"https:\/\/cebem.org\/index.php?rest_route=\/wp\/v2\/posts\/3468\/revisions\/3470"}],"wp:featuredmedia":[{"embeddable":true,"href":"https:\/\/cebem.org\/index.php?rest_route=\/wp\/v2\/media\/3469"}],"wp:attachment":[{"href":"https:\/\/cebem.org\/index.php?rest_route=%2Fwp%2Fv2%2Fmedia&parent=3468"}],"wp:term":[{"taxonomy":"category","embeddable":true,"href":"https:\/\/cebem.org\/index.php?rest_route=%2Fwp%2Fv2%2Fcategories&post=3468"},{"taxonomy":"post_tag","embeddable":true,"href":"https:\/\/cebem.org\/index.php?rest_route=%2Fwp%2Fv2%2Ftags&post=3468"}],"curies":[{"name":"wp","href":"https:\/\/api.w.org\/{rel}","templated":true}]}}