
{"id":3416,"date":"2018-04-23T12:45:46","date_gmt":"2018-04-23T16:45:46","guid":{"rendered":"http:\/\/cebem.org\/?p=3416"},"modified":"2018-05-18T17:21:31","modified_gmt":"2018-05-18T21:21:31","slug":"semana-de-puertas-abiertas","status":"publish","type":"post","link":"https:\/\/cebem.org\/?p=3416","title":{"rendered":"Semana de puertas Abiertas"},"content":{"rendered":"<p><a href=\"https:\/\/i0.wp.com\/cebem.org\/wp-content\/uploads\/2018\/04\/cebem-puertas-abiertas.jpg\"><img data-recalc-dims=\"1\" fetchpriority=\"high\" decoding=\"async\" class=\"aligncenter size-large wp-image-3423\" src=\"https:\/\/i0.wp.com\/cebem.org\/wp-content\/uploads\/2018\/04\/cebem-puertas-abiertas-1024x663.jpg?resize=750%2C486\" alt=\"\" width=\"750\" height=\"486\" srcset=\"https:\/\/i0.wp.com\/cebem.org\/wp-content\/uploads\/2018\/04\/cebem-puertas-abiertas.jpg?w=1024&amp;ssl=1 1024w, https:\/\/i0.wp.com\/cebem.org\/wp-content\/uploads\/2018\/04\/cebem-puertas-abiertas.jpg?resize=300%2C194&amp;ssl=1 300w, https:\/\/i0.wp.com\/cebem.org\/wp-content\/uploads\/2018\/04\/cebem-puertas-abiertas.jpg?resize=768%2C497&amp;ssl=1 768w, https:\/\/i0.wp.com\/cebem.org\/wp-content\/uploads\/2018\/04\/cebem-puertas-abiertas.jpg?resize=600%2C388&amp;ssl=1 600w\" sizes=\"(max-width: 750px) 100vw, 750px\" \/><\/a><\/p>\n<p>Cebem abre las puertas de sus nuevas oficinas para el p\u00fablico en general, con el fin de compartir un poco de la historia y actividades de sus treinta a\u00f1os de trabajo. Al mismo tiempo los visitantes se beneficiar\u00e1n de libre acceso a nuestras publicaciones especializadas.<\/p>\n<p>Nuestras oficinas se encuentran en la calle Capit\u00e1n Ravelo # 2077, entre Montevideo y Goitia. Las puertas estar\u00e1n abiertas del <strong>lunes 21 al viernes 25 de Mayo, por las ma\u00f1anas de 10:00 a 12:30 y por las tardes de 15:30 a 18:00.<\/strong><\/p>\n<p><strong>Actividades durante la semana:<\/strong><\/p>\n<ul>\n<li>El martes, 22 de mayo, a las 17:30, Mario Galindo, nos ofrece un momento de conversaci\u00f3n con su libro \u00faltimo \u201cDescriptores del Estado Plurinacional de Bolivia\u201d<\/li>\n<li>El jueves 24 de mayo, a las 17:30, se har\u00e1 lo propio con Jos\u00e9 Blanes, con motivo de su libro \u201c<a href=\"http:\/\/cebem.org\/?p=2385\" target=\"_blank\" rel=\"noopener\"><strong>El subsistema fronterizo boliviano en la globalizaci\u00f3n de los mercados ilegales<\/strong><\/a>\u201d<\/li>\n<\/ul>\n<p>&nbsp;<\/p>\n<h4 style=\"text-align: center;\"><strong>\u00a0[<a href=\"https:\/\/www.google.com\/maps\/d\/viewer?mid=1hgDK66fw1KbCWvksTp9idh6bQQU&amp;hl=es&amp;ll=-16.504987600000028%2C-68.12827240000001&amp;z=17\" target=\"_blank\" rel=\"noopener\">clic para ver el mapa de ubicaci\u00f3n<\/a>]<\/strong><\/h4>\n","protected":false},"excerpt":{"rendered":"<p>Cebem abre las puertas de sus nuevas oficinas para el p\u00fablico en general, con el fin de compartir un poco de la historia y actividades de sus treinta a\u00f1os de trabajo. Al mismo tiempo los visitantes se beneficiar\u00e1n de libre acceso a nuestras publicaciones especializadas. Nuestras oficinas se encuentran en la calle Capit\u00e1n Ravelo # &hellip; <\/p>\n<p><a class=\"more-link btn\" href=\"https:\/\/cebem.org\/?p=3416\">Seguir leyendo<\/a><\/p>\n","protected":false},"author":13,"featured_media":3423,"comment_status":"open","ping_status":"closed","sticky":false,"template":"","format":"standard","meta":{"_jetpack_memberships_contains_paid_content":false,"footnotes":"","jetpack_publicize_message":"","jetpack_publicize_feature_enabled":true,"jetpack_social_post_already_shared":true,"jetpack_social_options":{"image_generator_settings":{"template":"highway","default_image_id":0,"font":"","enabled":false},"version":2}},"categories":[9],"tags":[154,141,153],"class_list":["post-3416","post","type-post","status-publish","format-standard","has-post-thumbnail","hentry","category-destacados","tag-30anoscebem","tag-aniversario","tag-boletin-4-2018","item-wrap"],"jetpack_publicize_connections":[],"jetpack_featured_media_url":"https:\/\/i0.wp.com\/cebem.org\/wp-content\/uploads\/2018\/04\/cebem-puertas-abiertas.jpg?fit=1024%2C663&ssl=1","jetpack_sharing_enabled":true,"_links":{"self":[{"href":"https:\/\/cebem.org\/index.php?rest_route=\/wp\/v2\/posts\/3416","targetHints":{"allow":["GET"]}}],"collection":[{"href":"https:\/\/cebem.org\/index.php?rest_route=\/wp\/v2\/posts"}],"about":[{"href":"https:\/\/cebem.org\/index.php?rest_route=\/wp\/v2\/types\/post"}],"author":[{"embeddable":true,"href":"https:\/\/cebem.org\/index.php?rest_route=\/wp\/v2\/users\/13"}],"replies":[{"embeddable":true,"href":"https:\/\/cebem.org\/index.php?rest_route=%2Fwp%2Fv2%2Fcomments&post=3416"}],"version-history":[{"count":12,"href":"https:\/\/cebem.org\/index.php?rest_route=\/wp\/v2\/posts\/3416\/revisions"}],"predecessor-version":[{"id":3555,"href":"https:\/\/cebem.org\/index.php?rest_route=\/wp\/v2\/posts\/3416\/revisions\/3555"}],"wp:featuredmedia":[{"embeddable":true,"href":"https:\/\/cebem.org\/index.php?rest_route=\/wp\/v2\/media\/3423"}],"wp:attachment":[{"href":"https:\/\/cebem.org\/index.php?rest_route=%2Fwp%2Fv2%2Fmedia&parent=3416"}],"wp:term":[{"taxonomy":"category","embeddable":true,"href":"https:\/\/cebem.org\/index.php?rest_route=%2Fwp%2Fv2%2Fcategories&post=3416"},{"taxonomy":"post_tag","embeddable":true,"href":"https:\/\/cebem.org\/index.php?rest_route=%2Fwp%2Fv2%2Ftags&post=3416"}],"curies":[{"name":"wp","href":"https:\/\/api.w.org\/{rel}","templated":true}]}}