
{"id":3369,"date":"2018-04-25T18:40:38","date_gmt":"2018-04-25T22:40:38","guid":{"rendered":"http:\/\/cebem.org\/?p=3369"},"modified":"2018-10-19T23:39:06","modified_gmt":"2018-10-20T03:39:06","slug":"curso-virtual-planificacion-estrategica-y-prospectiva-su-relevancia-para-la-planificacion-tactica-y-operativa","status":"publish","type":"post","link":"https:\/\/cebem.org\/?p=3369","title":{"rendered":"Curso Virtual: Planificaci\u00f3n Estrat\u00e9gica y Prospectiva, su relevancia para la Planificaci\u00f3n t\u00e1ctica y operativa."},"content":{"rendered":"<p>El curso est\u00e1 dentro del marco de implementaci\u00f3n del <a href=\"http:\/\/cvis3.cebem.org\/\" target=\"_blank\" rel=\"noopener\"><strong>Centro Virtual de Excelencia<\/strong><\/a> con el prop\u00f3sito de recoger y procesar las experiencias locales, y apoyar el intercambio de conocimiento regional y global.<\/p>\n<p style=\"text-align: justify;\"><strong>Inicio: 17 de septiembre al 21 de octubre de 2018<\/strong><br \/>\n<a href=\"https:\/\/i0.wp.com\/cebem.org\/wp-content\/uploads\/2018\/04\/curso-planificacion-estrategica.jpg\"><img data-recalc-dims=\"1\" fetchpriority=\"high\" decoding=\"async\" class=\"alignleft size-medium wp-image-3446\" src=\"https:\/\/i0.wp.com\/cebem.org\/wp-content\/uploads\/2018\/04\/curso-planificacion-estrategica-300x300.jpg?resize=300%2C300\" alt=\"\" width=\"300\" height=\"300\" srcset=\"https:\/\/i0.wp.com\/cebem.org\/wp-content\/uploads\/2018\/04\/curso-planificacion-estrategica.jpg?resize=300%2C300&amp;ssl=1 300w, https:\/\/i0.wp.com\/cebem.org\/wp-content\/uploads\/2018\/04\/curso-planificacion-estrategica.jpg?resize=150%2C150&amp;ssl=1 150w, https:\/\/i0.wp.com\/cebem.org\/wp-content\/uploads\/2018\/04\/curso-planificacion-estrategica.jpg?resize=768%2C768&amp;ssl=1 768w, https:\/\/i0.wp.com\/cebem.org\/wp-content\/uploads\/2018\/04\/curso-planificacion-estrategica.jpg?resize=600%2C600&amp;ssl=1 600w, https:\/\/i0.wp.com\/cebem.org\/wp-content\/uploads\/2018\/04\/curso-planificacion-estrategica.jpg?w=900&amp;ssl=1 900w\" sizes=\"(max-width: 300px) 100vw, 300px\" \/><\/a>Este curso es parte del <a href=\"http:\/\/cebem.org\/?p=3339\" target=\"_blank\" rel=\"noopener\"><u>Programa de Desarrollo de Competencias Profesionales Especializadas.<\/u><\/a><\/p>\n<p><span style=\"color: #5c3a97;\"><strong><em>RELEVANCIA DEL CURSO \u00bfCU\u00c1L ES? <\/em><\/strong><\/span><\/p>\n<p style=\"text-align: justify;\">La planificaci\u00f3n estrat\u00e9gica es un proceso relevante para las organizaciones hoy en d\u00eda sean organizaciones de desarrollo social, organizaciones privadas, u organizaciones del sector p\u00fablico. <u>Permite guiar y direccionar las inversiones hacia una visi\u00f3n, misi\u00f3n y objetivos estrat\u00e9gicos claros, por medio de estrategias, proyectos y\/o programas claramente establecidos para su logro, as\u00ed como identificar los recursos para su consecuci\u00f3n.<\/u><\/p>\n<p style=\"text-align: justify;\">El mundo globalizado hoy exige una respuesta adecuada a los contextos cada vez m\u00e1s cambiantes, por tanto planear estrat\u00e9gicamente respondiendo a contextos internos como externos es relevante, y es en este marco que el desarrollo de competencias en planificaci\u00f3n estrat\u00e9gica es muy importante. La planificaci\u00f3n estrat\u00e9gica no solo ayuda a pensar y planear prospectivamente escenarios y estrategias futuras para que las organizaciones est\u00e9n a la vanguardia, <u>sino que alimenta y direcciona la planificaci\u00f3n t\u00e1ctica y operativa,<\/u> y es vital para entender estas \u00faltimas y sus contribuciones a la Planificaci\u00f3n Estrat\u00e9gica.<\/p>\n<p style=\"text-align: justify;\">Con este curso especializado el profesional podr\u00e1 fortalecer o desarrollar competencias en temas de planificaci\u00f3n estrat\u00e9gica, t\u00e1ctica y operativa.<\/p>\n<p><span style=\"color: #5c3a97;\"><strong><em>OBJETIVO CENTRAL DEL CURSO<\/em><\/strong><\/span><\/p>\n<p style=\"text-align: justify;\">Desarrollar y fortalecer competencias profesionales especializadas en planificaci\u00f3n estrat\u00e9gica, t\u00e1ctica y operativa que les permita comprender, diferenciar e implementar estos niveles de planificaci\u00f3n y aplicar herramientas pr\u00e1cticas para su desarrollo, implementaci\u00f3n, seguimiento y evaluaci\u00f3n.<\/p>\n<p><span style=\"color: #5c3a97;\"><strong><em>COMPETENCIAS CENTRALES A SER DESARROLLADAS<\/em><\/strong><\/span><\/p>\n<ul>\n<li style=\"text-align: justify;\">Los profesionales estar\u00e1n en condiciones de comprender y diferenciar de manera precisa la planificaci\u00f3n estrat\u00e9gica, su relevancia y relaci\u00f3n con la planificaci\u00f3n t\u00e1ctica y operativa.<\/li>\n<li style=\"text-align: justify;\">Al mismo tiempo podr\u00e1n comprender los niveles de planificaci\u00f3n t\u00e1ctica y operativa, y su influencia y contribuci\u00f3n a objetivos y planes estrat\u00e9gicos.<\/li>\n<li style=\"text-align: justify;\">As\u00ed mismo podr\u00e1n determinar el proceso metodol\u00f3gico y aplicaci\u00f3n instrumental para la elaboraci\u00f3n de planes estrat\u00e9gicos institucionales, o de \u00e1rea; estrategias centrales, as\u00ed como la implementaci\u00f3n y gesti\u00f3n de los mismos.<\/li>\n<li style=\"text-align: justify;\">Finalmente estar\u00e1n en condiciones de elaborar planes estrat\u00e9gicos para definir y establecer rumbos estrat\u00e9gicos institucionales siguiendo normas, criterios t\u00e9cnicos y enfoques de planificaci\u00f3n estrat\u00e9gica estandarizados.<\/li>\n<\/ul>\n<p><span style=\"color: #5c3a97;\"><strong><em>DESCRIPCI\u00d3N DEL CURSO <\/em><\/strong><\/span><\/p>\n<p style=\"text-align: justify;\"><strong><em>En este curso comprender\u00e1s con propiedad la planificaci\u00f3n estrat\u00e9gica y prospectiva, las herramientas y metodolog\u00edas para su desarrollo, implementaci\u00f3n, seguimiento y evaluaci\u00f3n. Tambi\u00e9n conocer\u00e1s la planificaci\u00f3n t\u00e1ctica y operativa y su relevancia en contribuci\u00f3n a la planificaci\u00f3n estrat\u00e9gica. <\/em><\/strong><\/p>\n<p style=\"text-align: justify;\">El curso se compone de 4 m\u00f3dulos de desarrollo de contenidos, m\u00e1s 1 modulo introductorio orientado a familiarizarse con el mismo, entender acerca de los recursos did\u00e1cticos y accesos a la plataforma de aprendizaje.<\/p>\n<p style=\"text-align: justify;\">Para recibir el certificado de aprobaci\u00f3n del curso deber\u00e1s realizar al menos el 75% de los ejercicios o pr\u00e1cticas aplicadas y concluir con los contenidos modulares.<\/p>\n<p><span style=\"color: #5c3a97;\"><strong><em>DESTINATARIOS: <\/em><\/strong><\/span><\/p>\n<p style=\"text-align: justify;\">El curso est\u00e1 orientado a Profesionales de Organizaciones No Gubernamentales (ONGs), Asociaciones, Fundaciones, Cooperaci\u00f3n Internacional, Organizaciones Sociales o Privadas que:<\/p>\n<ul>\n<li style=\"text-align: justify;\">Est\u00e9n vinculados al \u00e1rea de planificaci\u00f3n y\/o programaci\u00f3n.<\/li>\n<li style=\"text-align: justify;\">Responsables, directivos, gerentes que planean, implementan o realizan seguimiento a planes.<\/li>\n<li style=\"text-align: justify;\">Profesionales en general que quieran fortalecer y\/o desarrollar sus capacidades en planificaci\u00f3n estrat\u00e9gica, t\u00e1ctica y operativa y profundizar en herramientas, y m\u00e9todos para su implementaci\u00f3n y\/o seguimiento.<\/li>\n<\/ul>\n\t\t\t\t\t\t<style>\r\n\t\t\t\t\r\n\t\t\t\t\t#tab_container_3384 {\r\n\toverflow:hidden;\r\n\tdisplay:block;\r\n\twidth:100%;\r\n\tborder:0px solid #ddd;\r\n\tmargin-bottom:30px;\r\n\t}\r\n\r\n#tab_container_3384 .tab-content{\r\n\tpadding:20px;\r\n\tborder: 1px solid #e6e6e6 !important;\r\n\tmargin-top: 0px;\r\n\tbackground-color:#ffffff !important;\r\n\tcolor: #000000 !important;\r\n\tfont-size:15px !important;\r\n\tfont-family: Arial !important;\r\n\t\r\n\t\tborder: 1px solid #e6e6e6 !important;\r\n\t}\r\n#tab_container_3384 .wpsm_nav-tabs {\r\n    border-bottom: 0px solid #ddd;\r\n}\r\n#tab_container_3384 .wpsm_nav-tabs > li.active > a, #tab_container_3384 .wpsm_nav-tabs > li.active > a:hover, #tab_container_3384 .wpsm_nav-tabs > li.active > a:focus {\r\n\tcolor: #000000 !important;\r\n\tcursor: default;\r\n\tbackground-color: #ffffff !important;\r\n\tborder: 1px solid #e6e6e6 !important;\r\n}\r\n\r\n#tab_container_3384 .wpsm_nav-tabs > li > a {\r\n    margin-right: 0px !important; \r\n    line-height: 1.42857143 !important;\r\n    border: 1px solid #80acb9 !important;\r\n    border-radius: 0px 0px 0 0 !important; \r\n\tbackground-color: #93bfcc !important;\r\n\tcolor: #000000 !important;\r\n\tpadding: 15px 18px 15px 18px !important;\r\n\ttext-decoration: none !important;\r\n\tfont-size: 16px !important;\r\n\ttext-align:center !important;\r\n\tfont-family: Arial !important;\r\n}\r\n#tab_container_3384 .wpsm_nav-tabs > li > a:focus {\r\noutline: 0px !important;\r\n}\r\n\r\n#tab_container_3384 .wpsm_nav-tabs > li > a:before {\r\n\tdisplay:none !important;\r\n}\r\n#tab_container_3384 .wpsm_nav-tabs > li > a:after {\r\n\tdisplay:none !important ;\r\n}\r\n#tab_container_3384 .wpsm_nav-tabs > li{\r\npadding:0px !important ;\r\nmargin:0px;\r\n}\r\n\r\n#tab_container_3384 .wpsm_nav-tabs > li > a:hover , #tab_container_3384 .wpsm_nav-tabs > li > a:focus {\r\n    color: #000000 !important;\r\n    background-color: #93bfcc !important;\r\n\tborder: 1px solid #80acb9 !important;\r\n\t\r\n}\r\n#tab_container_3384 .wpsm_nav-tabs > li > a .fa{\r\n\r\nmargin-right:5px !important;\r\n\r\nmargin-left:5px !important;\r\n\r\n\r\n}\r\n\r\n\t\t#tab_container_3384 .wpsm_nav-tabs a{\r\n\t\t\tbackground-image: url(https:\/\/cebem.org\/wp-content\/plugins\/tabs-responsive\/assets\/images\/style-soft.png);\r\n\t\t\tbackground-position: 0 0;\r\n\t\t\tbackground-repeat: repeat-x;\r\n\t\t}\r\n\t\t\t\r\n\r\n\r\n#tab_container_3384 .wpsm_nav-tabs > li {\r\n    float: left;\r\n    margin-bottom: -1px !important;\r\n\tmargin-right:0px !important; \r\n}\r\n\r\n\r\n#tab_container_3384 .tab-content{\r\noverflow:hidden !important;\r\n}\r\n\r\n\r\n@media (min-width: 769px) {\r\n\r\n\t#tab_container_3384 .wpsm_nav-tabs > li{\r\n\t\tfloat:left !important ;\r\n\t\t\t\tmargin-right:-1px !important;\r\n\t\t\t\t\t}\r\n\t#tab_container_3384 .wpsm_nav-tabs{\r\n\t\tfloat:none !important;\r\n\t\tmargin:0px !important;\r\n\t}\r\n\r\n\t#tab_container_3384 .wpsm_nav-tabs > li {\r\n\t\t\t\t\r\n\t}\r\n\t#tab_container_3384 .wpsm_nav{\r\n\t\t\t}\r\n\r\n}\r\n\r\n\r\n\r\n@media (max-width: 768px) {\r\n\t#tab_container_3384 .wpsm_nav-tabs > li {\r\n\t\t\t\t\r\n\t}\r\n\t#tab_container_3384 .wpsm_nav{\r\n\t\t\t}\r\n}\r\n\r\n\r\n\t.wpsm_nav-tabs li:before{\r\n\t\tdisplay:none !important;\r\n\t}\r\n\r\n\t@media (max-width: 768px) {\r\n\t\t\t\t\r\n\t\t\t\t.wpsm_nav-tabs{\r\n\t\t\tmargin-left:0px !important;\r\n\t\t\tmargin-right:0px !important; \r\n\t\t\t\r\n\t\t}\r\n\t\t\t\t#tab_container_3384 .wpsm_nav-tabs > li{\r\n\t\t\tfloat:none !important;\r\n\t\t}\r\n\t\t\t\r\n\t}\t\t\t\t<\/style>\r\n\t\t\t\t<div id=\"tab_container_3384\" >\r\n\t \r\n\t\t\t\t\t<ul class=\"wpsm_nav wpsm_nav-tabs\" role=\"tablist\" id=\"myTab_3384\">\r\n\t\t\t\t\t\t\t\r\n\t\t\t\t\t\t\t<li role=\"presentation\"  class=\"active\"  onclick=\"do_resize()\">\r\n\t\t\t\t\t\t\t\t<a href=\"#tabs_desc_3384_1\" aria-controls=\"tabs_desc_3384_1\" role=\"tab\" data-toggle=\"tab\">\r\n\t\t\t\t\t\t\t\t\t\r\n\t\t\t\t\t\t\t\t\t\t\t\t\t\t\t\t\t\t\t\t\t\t\t\t\t\t\t\t\t\t\t<i class=\"fa fa-align-justify\"><\/i> \t\t\t\t\t\t\t\t\t\t\t\t\t\t\t\t\t\t\t\r\n\t\t\t\t\t\t\t\t\t\t\t\t\t\t\t\t\t\t\r\n\t\t\t\t\t\t\t\t\t<span>Contenido<\/span>\r\n\t\t\t\t\t\t\t\t\t\r\n\t\t\t\t\t\t\t\t\t\t\t\t\t\t\t\t\t\t\r\n\t\t\t\t\t\t\t\t\t\t\t\t\t\t\t\t\t\t\t\t\r\n\t\t\t\t\t\t\t\t\t\r\n\t\t\t\t\t\t\t\t<\/a>\r\n\t\t\t\t\t\t\t<\/li>\r\n\t\t\t\t\t\t\t\r\n\t\t\t\t\t\t\t<li role=\"presentation\"  onclick=\"do_resize()\">\r\n\t\t\t\t\t\t\t\t<a href=\"#tabs_desc_3384_2\" aria-controls=\"tabs_desc_3384_2\" role=\"tab\" data-toggle=\"tab\">\r\n\t\t\t\t\t\t\t\t\t\r\n\t\t\t\t\t\t\t\t\t\t\t\t\t\t\t\t\t\t\t\t\t\t\t\t\t\t\t\t\t\t\t<i class=\"fa fa-asterisk\"><\/i> \t\t\t\t\t\t\t\t\t\t\t\t\t\t\t\t\t\t\t\r\n\t\t\t\t\t\t\t\t\t\t\t\t\t\t\t\t\t\t\r\n\t\t\t\t\t\t\t\t\t<span>Metodolog\u00eda<\/span>\r\n\t\t\t\t\t\t\t\t\t\r\n\t\t\t\t\t\t\t\t\t\t\t\t\t\t\t\t\t\t\r\n\t\t\t\t\t\t\t\t\t\t\t\t\t\t\t\t\t\t\t\t\r\n\t\t\t\t\t\t\t\t\t\r\n\t\t\t\t\t\t\t\t<\/a>\r\n\t\t\t\t\t\t\t<\/li>\r\n\t\t\t\t\t\t\t\r\n\t\t\t\t\t\t\t<li role=\"presentation\"  onclick=\"do_resize()\">\r\n\t\t\t\t\t\t\t\t<a href=\"#tabs_desc_3384_3\" aria-controls=\"tabs_desc_3384_3\" role=\"tab\" data-toggle=\"tab\">\r\n\t\t\t\t\t\t\t\t\t\r\n\t\t\t\t\t\t\t\t\t\t\t\t\t\t\t\t\t\t\t\t\t\t\t\t\t\t\t\t\t\t\t<i class=\"fa fa-calendar\"><\/i> \t\t\t\t\t\t\t\t\t\t\t\t\t\t\t\t\t\t\t\r\n\t\t\t\t\t\t\t\t\t\t\t\t\t\t\t\t\t\t\r\n\t\t\t\t\t\t\t\t\t<span>Duraci\u00f3n<\/span>\r\n\t\t\t\t\t\t\t\t\t\r\n\t\t\t\t\t\t\t\t\t\t\t\t\t\t\t\t\t\t\r\n\t\t\t\t\t\t\t\t\t\t\t\t\t\t\t\t\t\t\t\t\r\n\t\t\t\t\t\t\t\t\t\r\n\t\t\t\t\t\t\t\t<\/a>\r\n\t\t\t\t\t\t\t<\/li>\r\n\t\t\t\t\t\t\t\r\n\t\t\t\t\t\t\t<li role=\"presentation\"  onclick=\"do_resize()\">\r\n\t\t\t\t\t\t\t\t<a href=\"#tabs_desc_3384_4\" aria-controls=\"tabs_desc_3384_4\" role=\"tab\" data-toggle=\"tab\">\r\n\t\t\t\t\t\t\t\t\t\r\n\t\t\t\t\t\t\t\t\t\t\t\t\t\t\t\t\t\t\t\t\t\t\t\t\t\t\t\t\t\t\t<i class=\"fa fa-female\"><\/i> \t\t\t\t\t\t\t\t\t\t\t\t\t\t\t\t\t\t\t\r\n\t\t\t\t\t\t\t\t\t\t\t\t\t\t\t\t\t\t\r\n\t\t\t\t\t\t\t\t\t<span>Facilitadora<\/span>\r\n\t\t\t\t\t\t\t\t\t\r\n\t\t\t\t\t\t\t\t\t\t\t\t\t\t\t\t\t\t\r\n\t\t\t\t\t\t\t\t\t\t\t\t\t\t\t\t\t\t\t\t\r\n\t\t\t\t\t\t\t\t\t\r\n\t\t\t\t\t\t\t\t<\/a>\r\n\t\t\t\t\t\t\t<\/li>\r\n\t\t\t\t\t\t\t\r\n\t\t\t\t\t\t\t<li role=\"presentation\"  onclick=\"do_resize()\">\r\n\t\t\t\t\t\t\t\t<a href=\"#tabs_desc_3384_5\" aria-controls=\"tabs_desc_3384_5\" role=\"tab\" data-toggle=\"tab\">\r\n\t\t\t\t\t\t\t\t\t\r\n\t\t\t\t\t\t\t\t\t\t\t\t\t\t\t\t\t\t\t\t\t\t\t\t\t\t\t\t\t\t\t<i class=\"fa fa-dollar\"><\/i> \t\t\t\t\t\t\t\t\t\t\t\t\t\t\t\t\t\t\t\r\n\t\t\t\t\t\t\t\t\t\t\t\t\t\t\t\t\t\t\r\n\t\t\t\t\t\t\t\t\t<span>Inversi\u00f3n<\/span>\r\n\t\t\t\t\t\t\t\t\t\r\n\t\t\t\t\t\t\t\t\t\t\t\t\t\t\t\t\t\t\r\n\t\t\t\t\t\t\t\t\t\t\t\t\t\t\t\t\t\t\t\t\r\n\t\t\t\t\t\t\t\t\t\r\n\t\t\t\t\t\t\t\t<\/a>\r\n\t\t\t\t\t\t\t<\/li>\r\n\t\t\t\t\t\t\t\t\t\t\t <\/ul>\r\n\r\n\t\t\t\t\t  <!-- Tab panes -->\r\n\t\t\t\t\t  <div class=\"tab-content\" id=\"tab-content_3384\">\r\n\t\t\t\t\t\t\t\t\t\t\t\t <div role=\"tabpanel\" class=\"tab-pane  in active \" id=\"tabs_desc_3384_1\">\r\n\t\t\t\t\t\t\t\t<p style=\"text-align: justify;\">Los contenidos modulares centrales y contenidos tem\u00e1ticos3 del curso son:<\/p>\r\n\r\n<ul>\r\n \t<li style=\"text-align: justify;\"><span style=\"color: #5c3a97;\"><strong>MODULO 1 -<\/strong><\/span> Introducci\u00f3n: Familiariz\u00e1ndonos con el curso, recursos did\u00e1cticos, accesos y manejo del campus.<\/li>\r\n \t<li style=\"text-align: justify;\"><span style=\"color: #5c3a97;\"><strong>MODULO 2 -<\/strong><\/span> Introducci\u00f3n a la planificaci\u00f3n y an\u00e1lisis estrat\u00e9gico<\/li>\r\n \t<li style=\"text-align: justify;\"><span style=\"color: #5c3a97;\"><strong>MODULO 3 -<\/strong><\/span> Niveles de objetivos de desarrollo y caracter\u00edsticas principales de la planificaci\u00f3n estrat\u00e9gica, t\u00e1ctica y operativa.<\/li>\r\n \t<li style=\"text-align: justify;\"><span style=\"color: #5c3a97;\"><strong>MODULO 4 -<\/strong><\/span> Etapas del proceso de planeaci\u00f3n estrat\u00e9gica, metodolog\u00edas y t\u00e9cnicas para su desarrollo e implementaci\u00f3n.<\/li>\r\n \t<li style=\"text-align: justify;\"><span style=\"color: #5c3a97;\"><strong>MODULO 5 -<\/strong><\/span> Operacionalizaci\u00f3n y gesti\u00f3n de la Estrategia.<\/li>\r\n<\/ul>\r\n\u00a0\t\t\t\t\t\t <\/div>\r\n\t\t\t\t\t\t\t\t\t\t\t\t <div role=\"tabpanel\" class=\"tab-pane \" id=\"tabs_desc_3384_2\">\r\n\t\t\t\t\t\t\t\t<p style=\"text-align: justify;\">El curso esta metodol\u00f3gicamente dise\u00f1ado para lograr desarrollar competencias, para lo cual basa su enfoque principalmente en el aprendizaje aplicado por medio de:<\/p>\r\n\r\n<ul>\r\n \t<li style=\"text-align: justify;\">Revisi\u00f3n comprensiva, anal\u00edtica y reflexiva de contenidos de cada contenido modular.<\/li>\r\n \t<li style=\"text-align: justify;\">Ejercicios de implementaci\u00f3n y an\u00e1lisis.<\/li>\r\n \t<li style=\"text-align: justify;\">Escenarios simulados para favorecer la inserci\u00f3n de los profesionales en escenarios reales simulados.<\/li>\r\n \t<li style=\"text-align: justify;\">Estudios de casos de an\u00e1lisis.<\/li>\r\n \t<li style=\"text-align: justify;\">Foros<\/li>\r\n \t<li style=\"text-align: justify;\">Autoevaluaciones de aprendizaje.<\/li>\r\n<\/ul>\t\t\t\t\t\t <\/div>\r\n\t\t\t\t\t\t\t\t\t\t\t\t <div role=\"tabpanel\" class=\"tab-pane \" id=\"tabs_desc_3384_3\">\r\n\t\t\t\t\t\t\t\t<p style=\"text-align: justify;\">El curso est\u00e1 dise\u00f1ado para ser realizado en 5 semanas (incluido el modulo introductorio), con una dedicaci\u00f3n de 3 a 4 horas por semana en un tiempo auto administrado por el profesional.\r\n<br><br>\r\n<strong><em>Fecha estimada de inicio de curso: 17 de septiembre al 21 de octubre de 2018. <\/em><\/strong><\/p>\t\t\t\t\t\t <\/div>\r\n\t\t\t\t\t\t\t\t\t\t\t\t <div role=\"tabpanel\" class=\"tab-pane \" id=\"tabs_desc_3384_4\">\r\n\t\t\t\t\t\t\t\t<p style=\"text-align: justify;\"><a href=\"https:\/\/i0.wp.com\/cebem.org\/wp-content\/uploads\/2018\/04\/Evelin-troche.jpg\"><img data-recalc-dims=\"1\" decoding=\"async\" class=\"alignleft wp-image-3374 size-thumbnail\" src=\"https:\/\/i0.wp.com\/cebem.org\/wp-content\/uploads\/2018\/04\/Evelin-troche-150x150.jpg?resize=150%2C150\" alt=\"\" width=\"150\" height=\"150\" srcset=\"https:\/\/i0.wp.com\/cebem.org\/wp-content\/uploads\/2018\/04\/Evelin-troche.jpg?resize=150%2C150&amp;ssl=1 150w, https:\/\/i0.wp.com\/cebem.org\/wp-content\/uploads\/2018\/04\/Evelin-troche.jpg?zoom=2&amp;resize=150%2C150&amp;ssl=1 300w\" sizes=\"(max-width: 150px) 100vw, 150px\" \/><\/a><em><strong>Evelin Troche Araujo<\/strong>, Economista de profesi\u00f3n, cuenta con alrededor 20 a\u00f1os de experiencia en el sector del desarrollo socio econ\u00f3mico, liderando y gerenciando procesos, programas y proyectos de desarrollo socio econ\u00f3mico en organizaciones sociales y privadas en las \u00e1reas de planificaci\u00f3n y direcci\u00f3n estrat\u00e9gica, operaciones, dise\u00f1o (planeaci\u00f3n), monitoreo y evaluaci\u00f3n, gerencia por resultados, gerencia de programas y proyectos, gerenciamiento de procesos estrat\u00e9gicos institucionales, gesti\u00f3n de la calidad e innovaci\u00f3n, liderazgo organizacional, entre otros campos. Cuenta adem\u00e1s con amplia experiencia en el manejo del ciclo de gesti\u00f3n del aprendizaje, desarrollo de capacidades y competencias, y\u00a0 metodolog\u00edas relacionadas. Se ha desempe\u00f1ado como docente y facilitadora en el desarrollo de capacidades y competencias.<\/em><\/p>\r\n<p style=\"text-align: justify;\"><em><strong>Evelin Troche<\/strong> ha realizado estudios de Postgrado en varios campos multidisciplinarios, destacando entre ellos, Liderazgo Organizacional en Instituto Tecnol\u00f3gico y de Estudios Superiores de Monterrey (ITSEM, M\u00e9xico); Educaci\u00f3n Superior, Universidad Del Valle; Certificada en Project Management for Development Professionals - PMD Pro, APMG Group International, entre otros.<\/em><\/p>\t\t\t\t\t\t <\/div>\r\n\t\t\t\t\t\t\t\t\t\t\t\t <div role=\"tabpanel\" class=\"tab-pane \" id=\"tabs_desc_3384_5\">\r\n\t\t\t\t\t\t\t\t<p style=\"text-align: justify;\"><span style=\"color: #5c3a97;\"><strong>LA INVERSI\u00d3N LE DA DERECHO A:<\/strong><\/span><\/p>\r\n\r\n<ul style=\"text-align: justify;\">\r\n \t<li>Curso introductorio para el manejo del Campus Virtual CEBEM que orienta al participante sobre el estudio dentro el modelo pedag\u00f3gico virtual.<\/li>\r\n \t<li>Todo el material did\u00e1ctico (obligatorio y adicional) ofrecido en forma electr\u00f3nica (para descargar) a trav\u00e9s del Campus Virtual.<\/li>\r\n \t<li>Tutor\u00eda permanente con un alto nivel acad\u00e9mico durante la duraci\u00f3n del curso.<\/li>\r\n \t<li>Un certificado que acredita que aprob\u00f3 o participo en el curso.<\/li>\r\n<\/ul>\r\n<p style=\"text-align: justify;\"><span style=\"color: #5c3a97;\"><strong>INVERSI\u00d3N:<\/strong><\/span>\r\n900 Bolivianos o su equivalente en d\u00f3lares (130 $us.)<\/p>\r\nExiste un descuento de 200 Bs. o su equivalente en d\u00f3lares por pago al contado hasta la tercera semana del lanzamiento del curso.\r\n<p style=\"text-align: justify;\"><span style=\"color: #5c3a97;\"><strong>FORMAS DE PAGO:<\/strong><\/span>\r\nPara saber todos nuestros m\u00e9todos de pago, pedirle que descargue este <strong><a href=\"http:\/\/cebem.org\/wp-content\/uploads\/2017\/03\/INSTRUCCIONES_PARA_LA_INSCRIPCION-2017.pdf\" target=\"_blank\" rel=\"noopener\">DOCUMENTO PDF<\/a><\/strong> informativo.<\/p>\t\t\t\t\t\t <\/div>\r\n\t\t\t\t\t\t\t\r\n\t\t\t\t\t <\/div>\r\n\t\t\t\t\t \r\n\t\t\t\t <\/div>\r\n <script>\r\n\t\tjQuery(function () {\r\n\t\t\tjQuery('#myTab_3384 a:first').tab('show')\r\n\t\t});\r\n\t\t\r\n\t\t\t\tjQuery(function(){\r\n\t\t\tvar b=\"fadeIn\";\r\n\t\t\tvar c;\r\n\t\t\tvar a;\r\n\t\t\td(jQuery(\"#myTab_3384 a\"),jQuery(\"#tab-content_3384\"));function d(e,f,g){\r\n\t\t\t\te.click(function(i){\r\n\t\t\t\t\ti.preventDefault();\r\n\t\t\t\t\tjQuery(this).tab(\"show\");\r\n\t\t\t\t\tvar h=jQuery(this).data(\"easein\");\r\n\t\t\t\t\tif(c){c.removeClass(a);}\r\n\t\t\t\t\tif(h){f.find(\"div.active\").addClass(\"animated \"+h);a=h;}\r\n\t\t\t\t\telse{if(g){f.find(\"div.active\").addClass(\"animated \"+g);a=g;}else{f.find(\"div.active\").addClass(\"animated \"+b);a=b;}}c=f.find(\"div.active\");\r\n\t\t\t\t});\r\n\t\t\t}\r\n\t\t});\r\n\t\t\r\n\r\n\t\tfunction do_resize(){\r\n\r\n\t\t\tvar width=jQuery( '.tab-content .tab-pane iframe' ).width();\r\n\t\t\tvar height=jQuery( '.tab-content .tab-pane iframe' ).height();\r\n\r\n\t\t\tvar toggleSize = true;\r\n\t\t\tjQuery('iframe').animate({\r\n\t\t\t    width: toggleSize ? width : 640,\r\n\t\t\t    height: toggleSize ? height : 360\r\n\t\t\t  }, 250);\r\n\r\n\t\t\t  toggleSize = !toggleSize;\r\n\t\t}\r\n\r\n\r\n\t<\/script>\r\n\t\t\t\t\r\n\t\t\t\n<p><span style=\"color: #5c3a97;\"><strong><em>ANEXO: <\/em><\/strong><\/span><\/p>\n<p><strong><a href=\"http:\/\/cebem.org\/wp-content\/uploads\/2018\/04\/virtual-planificacion_estrategica-contenido_modular.pdf\" target=\"_blank\" rel=\"noopener\">Descargar en PDF: Contenido modular y tem\u00e1tico en detalle<\/a><\/strong><\/p>\n<h3 style=\"text-align: center;\">Si te interesa el curso&#8230;<\/h3>\n<p style=\"text-align: center;\"><a href=\"https:\/\/docs.google.com\/forms\/d\/e\/1FAIpQLSfvr9D801skumyn6h19Tb9IyRzslQUdwAI9c8Kfeb0z_3oyTg\/viewform?usp=sf_link\" target=\"_blank\" rel=\"noopener\"><input type=\"submit\" value=\"Preinscr\u00edbete AQU\u00cd\" \/><\/a><\/p>\n<p><strong>Contacto:<\/strong> Beatriz Herrera <strong><a href=\"mailto:beatriz@cebem.org\">beatriz@cebem.org<\/a><\/strong><\/p>\n","protected":false},"excerpt":{"rendered":"<p>El curso est\u00e1 dentro del marco de implementaci\u00f3n del Centro Virtual de Excelencia con el prop\u00f3sito de recoger y procesar las experiencias locales, y apoyar el intercambio de conocimiento regional y global. Inicio: 17 de septiembre al 21 de octubre de 2018 Este curso es parte del Programa de Desarrollo de Competencias Profesionales Especializadas. RELEVANCIA &hellip; <\/p>\n<p><a class=\"more-link btn\" href=\"https:\/\/cebem.org\/?p=3384\">Seguir leyendo<\/a><\/p>\n","protected":false},"author":2,"featured_media":3446,"comment_status":"open","ping_status":"closed","sticky":false,"template":"","format":"standard","meta":{"_jetpack_memberships_contains_paid_content":false,"footnotes":"","jetpack_publicize_message":"#Curso Virtual: Planificaci\u00f3n Estrat\u00e9gica y Prospectiva, su relevancia para la Planificaci\u00f3n t\u00e1ctica y operativa.","jetpack_publicize_feature_enabled":true,"jetpack_social_post_already_shared":true,"jetpack_social_options":{"image_generator_settings":{"template":"highway","default_image_id":0,"font":"","enabled":false},"version":2}},"categories":[4],"tags":[153,164,38],"class_list":["post-3369","post","type-post","status-publish","format-standard","has-post-thumbnail","hentry","category-cursos-culminados-cebem","tag-boletin-4-2018","tag-boletin-6-2018","tag-curso","nodate","item-wrap"],"jetpack_publicize_connections":[],"jetpack_featured_media_url":"https:\/\/i0.wp.com\/cebem.org\/wp-content\/uploads\/2018\/04\/curso-planificacion-estrategica.jpg?fit=900%2C900&ssl=1","jetpack_sharing_enabled":true,"_links":{"self":[{"href":"https:\/\/cebem.org\/index.php?rest_route=\/wp\/v2\/posts\/3369","targetHints":{"allow":["GET"]}}],"collection":[{"href":"https:\/\/cebem.org\/index.php?rest_route=\/wp\/v2\/posts"}],"about":[{"href":"https:\/\/cebem.org\/index.php?rest_route=\/wp\/v2\/types\/post"}],"author":[{"embeddable":true,"href":"https:\/\/cebem.org\/index.php?rest_route=\/wp\/v2\/users\/2"}],"replies":[{"embeddable":true,"href":"https:\/\/cebem.org\/index.php?rest_route=%2Fwp%2Fv2%2Fcomments&post=3369"}],"version-history":[{"count":10,"href":"https:\/\/cebem.org\/index.php?rest_route=\/wp\/v2\/posts\/3369\/revisions"}],"predecessor-version":[{"id":4897,"href":"https:\/\/cebem.org\/index.php?rest_route=\/wp\/v2\/posts\/3369\/revisions\/4897"}],"wp:featuredmedia":[{"embeddable":true,"href":"https:\/\/cebem.org\/index.php?rest_route=\/wp\/v2\/media\/3446"}],"wp:attachment":[{"href":"https:\/\/cebem.org\/index.php?rest_route=%2Fwp%2Fv2%2Fmedia&parent=3369"}],"wp:term":[{"taxonomy":"category","embeddable":true,"href":"https:\/\/cebem.org\/index.php?rest_route=%2Fwp%2Fv2%2Fcategories&post=3369"},{"taxonomy":"post_tag","embeddable":true,"href":"https:\/\/cebem.org\/index.php?rest_route=%2Fwp%2Fv2%2Ftags&post=3369"}],"curies":[{"name":"wp","href":"https:\/\/api.w.org\/{rel}","templated":true}]}}