
{"id":3367,"date":"2018-04-25T18:35:21","date_gmt":"2018-04-25T22:35:21","guid":{"rendered":"http:\/\/cebem.org\/?p=3367"},"modified":"2018-06-26T11:20:05","modified_gmt":"2018-06-26T15:20:05","slug":"curso-virtual-gerenciamiento-de-programas-y-proyectos","status":"publish","type":"post","link":"https:\/\/cebem.org\/?p=3367","title":{"rendered":"Curso Virtual: Gerenciamiento de Programas y Proyectos"},"content":{"rendered":"<p>El curso est\u00e1 dentro del marco de implementaci\u00f3n del <a href=\"http:\/\/cvis3.cebem.org\/\" target=\"_blank\" rel=\"noopener\"><strong>Centro Virtual de Excelencia<\/strong><\/a> con el prop\u00f3sito de recoger y procesar las experiencias locales, y apoyar el intercambio de conocimiento regional y global.<\/p>\n<p style=\"text-align: justify;\"><strong>Inicio: Del 2 de julio al 19 de agosto de 2018<\/strong><br \/>\n<a href=\"https:\/\/i0.wp.com\/cebem.org\/wp-content\/uploads\/2018\/04\/gerencia.jpg\"><img data-recalc-dims=\"1\" fetchpriority=\"high\" decoding=\"async\" class=\"alignleft size-medium wp-image-3391\" src=\"https:\/\/i0.wp.com\/cebem.org\/wp-content\/uploads\/2018\/04\/gerencia-300x300.jpg?resize=300%2C300\" alt=\"\" width=\"300\" height=\"300\" srcset=\"https:\/\/i0.wp.com\/cebem.org\/wp-content\/uploads\/2018\/04\/gerencia.jpg?resize=300%2C300&amp;ssl=1 300w, https:\/\/i0.wp.com\/cebem.org\/wp-content\/uploads\/2018\/04\/gerencia.jpg?resize=150%2C150&amp;ssl=1 150w, https:\/\/i0.wp.com\/cebem.org\/wp-content\/uploads\/2018\/04\/gerencia.jpg?resize=768%2C768&amp;ssl=1 768w, https:\/\/i0.wp.com\/cebem.org\/wp-content\/uploads\/2018\/04\/gerencia.jpg?resize=600%2C600&amp;ssl=1 600w, https:\/\/i0.wp.com\/cebem.org\/wp-content\/uploads\/2018\/04\/gerencia.jpg?w=800&amp;ssl=1 800w\" sizes=\"(max-width: 300px) 100vw, 300px\" \/><\/a>Este curso es parte del <a href=\"http:\/\/cebem.org\/?p=3339\" target=\"_blank\" rel=\"noopener\"><u>Programa de Desarrollo de Competencias Profesionales Especializadas.<\/u><\/a><\/p>\n<p><span style=\"color: #5c3a97;\"><strong><em>RELEVANCIA DEL CURSO \u00bfCU\u00c1L ES? <\/em><\/strong><\/span><\/p>\n<p style=\"text-align: justify;\">Gran parte de las organizaciones de desarrollo organizan su trabajo por medio de Programas y Proyectos de desarrollo, y con ellos buscan alcanzar resultados concretos para sus grupos metas o clientes y en \u00faltima instancia para la organizaci\u00f3n. Sus organizaciones cuentan con personal encargado de programas y proyectos, sin embargo, existen muchas veces falencias a la hora de implementar los programas y proyectos, en el monitoreo y evaluaci\u00f3n, la gesti\u00f3n de riesgos y otros factores, y es all\u00ed donde se generan brechas y grandes diferencias entre los planes de programas y proyectos realizados y su implementaci\u00f3n. <u>La Gerencia de Programas y Proyectos rara vez se identifica como una prioridad estrat\u00e9gica organizacional y no se visualiza como un todo completo e integrado, en la que un componente tiene interconexi\u00f3n con otro.<\/u><\/p>\n<p style=\"text-align: justify;\">En este marco, el gerenciamiento de programas y proyectos debe verse como un todo integral para que se obtengan los resultados esperados. Algunas preguntas que surgen: \u00bfSe da seguimiento al avance del programa o proyecto en su implementaci\u00f3n? \u00bfEl seguimiento provee informaci\u00f3n oportuna para la toma de decisiones? \u00bfSe toma previsiones y planes sobre riesgos y\/o problemas identificados? \u00bfSe gerencia los tiempos, alcances, recursos humanos, recursos materiales y monetarios, y controles, con eficiencia y eficacia?, \u00bfEl programa o proyecto est\u00e1 logrando los resultados e impactos esperados?, ser\u00e1n algunas de las preguntas centrales que el curso ayudara a resolver mediante el desarrollo de competencias en esta \u00e1rea.<\/p>\n<p><span style=\"color: #5c3a97;\"><strong><em>OBJETIVO CENTRAL DEL CURSO <\/em><\/strong><\/span><\/p>\n<p style=\"text-align: justify;\">Desarrollar y fortalecer competencias profesionales especializadas en el gerenciamiento de programas y proyectos de desarrollo en los profesionales del desarrollo. <u>Estas competencias les permitir\u00e1n aumentar la eficiencia y la eficacia en el gerenciamiento de los programas y proyectos<\/u> en el sector del desarrollo.<\/p>\n<p><span style=\"color: #5c3a97;\"><strong><em>COMPETENCIAS CENTRALES A SER DESARROLLADAS <\/em><\/strong><\/span><\/p>\n<ul>\n<li style=\"text-align: justify;\">Los profesionales comprender\u00e1n de manera clara el significado de la gerencia de programas y proyectos, sus ventajas y sus principales componentes.<\/li>\n<li style=\"text-align: justify;\">Al finalizar el curso los profesionales estar\u00e1n en condiciones de mejorar la efectividad en el gerenciamiento de programas y proyectos sociales, comprender los factores cr\u00edticos a tomar en cuenta en el ciclo de programas y proyectos, as\u00ed como implementar y establecer mecanismos para la implementaci\u00f3n, seguimiento, evaluaci\u00f3n y transici\u00f3n de los mismos.<\/li>\n<li style=\"text-align: justify;\">Los profesionales contaran con los elementos necesarios te\u00f3ricos y pr\u00e1cticos para la implementaci\u00f3n de herramientas para el gerenciamiento efectivo y eficaz de programas y proyectos.<\/li>\n<\/ul>\n<p><span style=\"color: #5c3a97;\"><strong><em>DESCRIPCI\u00d3N DEL CURSO <\/em><\/strong><\/span><\/p>\n<p style=\"text-align: justify;\"><strong><em>En este curso conocer\u00e1s en profundidad el gerenciamiento de programas y proyectos, sus principales caracter\u00edsticas, fases, y herramientas que facilitan su desarrollo, implementaci\u00f3n, seguimiento y evaluaci\u00f3n. <\/em><\/strong><\/p>\n<p style=\"text-align: justify;\">El curso se compone de 7 m\u00f3dulos de desarrollo de contenidos, m\u00e1s 1 modulo introductorio orientado a familiarizarse con el mismo, entender acerca de los recursos did\u00e1cticos y accesos a la plataforma de aprendizaje. Para recibir el certificado de aprobaci\u00f3n del curso deber\u00e1s realizar al menos el 75% de los ejercicios o pr\u00e1cticas aplicadas y concluir con los contenidos modulares.<\/p>\n<p><span style=\"color: #5c3a97;\"><strong><em>DESTINATARIOS: <\/em><\/strong><\/span><\/p>\n<p style=\"text-align: justify;\">El curso est\u00e1 orientado a profesionales de organizaciones no gubernamentales, asociaciones, fundaciones, organismos de cooperaci\u00f3n, u otras organizaciones de desarrollo:<\/p>\n<ul>\n<li style=\"text-align: justify;\">Relacionados con la tem\u00e1tica de programas y proyectos de desarrollo social que deseen actualizar o desarrollar sus competencias en el manejo de herramientas formales de la gerencia de programas y proyectos.<\/li>\n<li style=\"text-align: justify;\">Profesionales en general que quieran fortalecer competencias en el gerenciamiento de programas y proyectos.<\/li>\n<\/ul>\n\t\t\t\t\t\t<style>\r\n\t\t\t\t\r\n\t\t\t\t\t#tab_container_3382 {\r\n\toverflow:hidden;\r\n\tdisplay:block;\r\n\twidth:100%;\r\n\tborder:0px solid #ddd;\r\n\tmargin-bottom:30px;\r\n\t}\r\n\r\n#tab_container_3382 .tab-content{\r\n\tpadding:20px;\r\n\tborder: 1px solid #e6e6e6 !important;\r\n\tmargin-top: 0px;\r\n\tbackground-color:#ffffff !important;\r\n\tcolor: #000000 !important;\r\n\tfont-size:15px !important;\r\n\tfont-family: Arial !important;\r\n\t\r\n\t\tborder: 1px solid #e6e6e6 !important;\r\n\t}\r\n#tab_container_3382 .wpsm_nav-tabs {\r\n    border-bottom: 0px solid #ddd;\r\n}\r\n#tab_container_3382 .wpsm_nav-tabs > li.active > a, #tab_container_3382 .wpsm_nav-tabs > li.active > a:hover, #tab_container_3382 .wpsm_nav-tabs > li.active > a:focus {\r\n\tcolor: #000000 !important;\r\n\tcursor: default;\r\n\tbackground-color: #ffffff !important;\r\n\tborder: 1px solid #e6e6e6 !important;\r\n}\r\n\r\n#tab_container_3382 .wpsm_nav-tabs > li > a {\r\n    margin-right: 0px !important; \r\n    line-height: 1.42857143 !important;\r\n    border: 1px solid #80acb9 !important;\r\n    border-radius: 0px 0px 0 0 !important; \r\n\tbackground-color: #93bfcc !important;\r\n\tcolor: #000000 !important;\r\n\tpadding: 15px 18px 15px 18px !important;\r\n\ttext-decoration: none !important;\r\n\tfont-size: 17px !important;\r\n\ttext-align:center !important;\r\n\tfont-family: Arial !important;\r\n}\r\n#tab_container_3382 .wpsm_nav-tabs > li > a:focus {\r\noutline: 0px !important;\r\n}\r\n\r\n#tab_container_3382 .wpsm_nav-tabs > li > a:before {\r\n\tdisplay:none !important;\r\n}\r\n#tab_container_3382 .wpsm_nav-tabs > li > a:after {\r\n\tdisplay:none !important ;\r\n}\r\n#tab_container_3382 .wpsm_nav-tabs > li{\r\npadding:0px !important ;\r\nmargin:0px;\r\n}\r\n\r\n#tab_container_3382 .wpsm_nav-tabs > li > a:hover , #tab_container_3382 .wpsm_nav-tabs > li > a:focus {\r\n    color: #000000 !important;\r\n    background-color: #93bfcc !important;\r\n\tborder: 1px solid #80acb9 !important;\r\n\t\r\n}\r\n#tab_container_3382 .wpsm_nav-tabs > li > a .fa{\r\n\r\nmargin-right:5px !important;\r\n\r\nmargin-left:5px !important;\r\n\r\n\r\n}\r\n\r\n\t\t#tab_container_3382 .wpsm_nav-tabs a{\r\n\t\t\tbackground-image: url(https:\/\/cebem.org\/wp-content\/plugins\/tabs-responsive\/assets\/images\/style-soft.png);\r\n\t\t\tbackground-position: 0 0;\r\n\t\t\tbackground-repeat: repeat-x;\r\n\t\t}\r\n\t\t\t\r\n\r\n\r\n#tab_container_3382 .wpsm_nav-tabs > li {\r\n    float: left;\r\n    margin-bottom: -1px !important;\r\n\tmargin-right:0px !important; \r\n}\r\n\r\n\r\n#tab_container_3382 .tab-content{\r\noverflow:hidden !important;\r\n}\r\n\r\n\r\n@media (min-width: 769px) {\r\n\r\n\t#tab_container_3382 .wpsm_nav-tabs > li{\r\n\t\tfloat:left !important ;\r\n\t\t\t\tmargin-right:-1px !important;\r\n\t\t\t\t\t}\r\n\t#tab_container_3382 .wpsm_nav-tabs{\r\n\t\tfloat:none !important;\r\n\t\tmargin:0px !important;\r\n\t}\r\n\r\n\t#tab_container_3382 .wpsm_nav-tabs > li {\r\n\t\t\t\t\r\n\t}\r\n\t#tab_container_3382 .wpsm_nav{\r\n\t\t\t}\r\n\r\n}\r\n\r\n\r\n\r\n@media (max-width: 768px) {\r\n\t#tab_container_3382 .wpsm_nav-tabs > li {\r\n\t\t\t\t\r\n\t}\r\n\t#tab_container_3382 .wpsm_nav{\r\n\t\t\t}\r\n}\r\n\r\n\r\n\t.wpsm_nav-tabs li:before{\r\n\t\tdisplay:none !important;\r\n\t}\r\n\r\n\t@media (max-width: 768px) {\r\n\t\t\t\t\r\n\t\t\t\t.wpsm_nav-tabs{\r\n\t\t\tmargin-left:0px !important;\r\n\t\t\tmargin-right:0px !important; \r\n\t\t\t\r\n\t\t}\r\n\t\t\t\t#tab_container_3382 .wpsm_nav-tabs > li{\r\n\t\t\tfloat:none !important;\r\n\t\t}\r\n\t\t\t\r\n\t}\t\t\t\t<\/style>\r\n\t\t\t\t<div id=\"tab_container_3382\" >\r\n\t \r\n\t\t\t\t\t<ul class=\"wpsm_nav wpsm_nav-tabs\" role=\"tablist\" id=\"myTab_3382\">\r\n\t\t\t\t\t\t\t\r\n\t\t\t\t\t\t\t<li role=\"presentation\"  class=\"active\"  onclick=\"do_resize()\">\r\n\t\t\t\t\t\t\t\t<a href=\"#tabs_desc_3382_1\" aria-controls=\"tabs_desc_3382_1\" role=\"tab\" data-toggle=\"tab\">\r\n\t\t\t\t\t\t\t\t\t\r\n\t\t\t\t\t\t\t\t\t\t\t\t\t\t\t\t\t\t\t\t\t\t\t\t\t\t\t\t\t\t\t<i class=\"fa fa-align-justify\"><\/i> \t\t\t\t\t\t\t\t\t\t\t\t\t\t\t\t\t\t\t\r\n\t\t\t\t\t\t\t\t\t\t\t\t\t\t\t\t\t\t\r\n\t\t\t\t\t\t\t\t\t<span>CONTENIDO<\/span>\r\n\t\t\t\t\t\t\t\t\t\r\n\t\t\t\t\t\t\t\t\t\t\t\t\t\t\t\t\t\t\r\n\t\t\t\t\t\t\t\t\t\t\t\t\t\t\t\t\t\t\t\t\r\n\t\t\t\t\t\t\t\t\t\r\n\t\t\t\t\t\t\t\t<\/a>\r\n\t\t\t\t\t\t\t<\/li>\r\n\t\t\t\t\t\t\t\r\n\t\t\t\t\t\t\t<li role=\"presentation\"  onclick=\"do_resize()\">\r\n\t\t\t\t\t\t\t\t<a href=\"#tabs_desc_3382_2\" aria-controls=\"tabs_desc_3382_2\" role=\"tab\" data-toggle=\"tab\">\r\n\t\t\t\t\t\t\t\t\t\r\n\t\t\t\t\t\t\t\t\t\t\t\t\t\t\t\t\t\t\t\t\t\t\t\t\t\t\t\t\t\t\t<i class=\"fa fa-asterisk\"><\/i> \t\t\t\t\t\t\t\t\t\t\t\t\t\t\t\t\t\t\t\r\n\t\t\t\t\t\t\t\t\t\t\t\t\t\t\t\t\t\t\r\n\t\t\t\t\t\t\t\t\t<span>METODOLOG\u00cdA<\/span>\r\n\t\t\t\t\t\t\t\t\t\r\n\t\t\t\t\t\t\t\t\t\t\t\t\t\t\t\t\t\t\r\n\t\t\t\t\t\t\t\t\t\t\t\t\t\t\t\t\t\t\t\t\r\n\t\t\t\t\t\t\t\t\t\r\n\t\t\t\t\t\t\t\t<\/a>\r\n\t\t\t\t\t\t\t<\/li>\r\n\t\t\t\t\t\t\t\r\n\t\t\t\t\t\t\t<li role=\"presentation\"  onclick=\"do_resize()\">\r\n\t\t\t\t\t\t\t\t<a href=\"#tabs_desc_3382_3\" aria-controls=\"tabs_desc_3382_3\" role=\"tab\" data-toggle=\"tab\">\r\n\t\t\t\t\t\t\t\t\t\r\n\t\t\t\t\t\t\t\t\t\t\t\t\t\t\t\t\t\t\t\t\t\t\t\t\t\t\t\t\t\t\t<i class=\"fa fa-female\"><\/i> \t\t\t\t\t\t\t\t\t\t\t\t\t\t\t\t\t\t\t\r\n\t\t\t\t\t\t\t\t\t\t\t\t\t\t\t\t\t\t\r\n\t\t\t\t\t\t\t\t\t<span>FACILITADORA<\/span>\r\n\t\t\t\t\t\t\t\t\t\r\n\t\t\t\t\t\t\t\t\t\t\t\t\t\t\t\t\t\t\r\n\t\t\t\t\t\t\t\t\t\t\t\t\t\t\t\t\t\t\t\t\r\n\t\t\t\t\t\t\t\t\t\r\n\t\t\t\t\t\t\t\t<\/a>\r\n\t\t\t\t\t\t\t<\/li>\r\n\t\t\t\t\t\t\t\r\n\t\t\t\t\t\t\t<li role=\"presentation\"  onclick=\"do_resize()\">\r\n\t\t\t\t\t\t\t\t<a href=\"#tabs_desc_3382_4\" aria-controls=\"tabs_desc_3382_4\" role=\"tab\" data-toggle=\"tab\">\r\n\t\t\t\t\t\t\t\t\t\r\n\t\t\t\t\t\t\t\t\t\t\t\t\t\t\t\t\t\t\t\t\t\t\t\t\t\t\t\t\t\t\t<i class=\"fa fa-dollar\"><\/i> \t\t\t\t\t\t\t\t\t\t\t\t\t\t\t\t\t\t\t\r\n\t\t\t\t\t\t\t\t\t\t\t\t\t\t\t\t\t\t\r\n\t\t\t\t\t\t\t\t\t<span>INVERSI\u00d3N<\/span>\r\n\t\t\t\t\t\t\t\t\t\r\n\t\t\t\t\t\t\t\t\t\t\t\t\t\t\t\t\t\t\r\n\t\t\t\t\t\t\t\t\t\t\t\t\t\t\t\t\t\t\t\t\r\n\t\t\t\t\t\t\t\t\t\r\n\t\t\t\t\t\t\t\t<\/a>\r\n\t\t\t\t\t\t\t<\/li>\r\n\t\t\t\t\t\t\t\t\t\t\t <\/ul>\r\n\r\n\t\t\t\t\t  <!-- Tab panes -->\r\n\t\t\t\t\t  <div class=\"tab-content\" id=\"tab-content_3382\">\r\n\t\t\t\t\t\t\t\t\t\t\t\t <div role=\"tabpanel\" class=\"tab-pane  in active \" id=\"tabs_desc_3382_1\">\r\n\t\t\t\t\t\t\t\t<p style=\"text-align: justify;\">Los contenidos modulares centrales del curso son:<\/p>\r\n\r\n<ul>\r\n \t<li style=\"text-align: justify;\"><strong><span style=\"color: #5c3a97;\">MODULO 1<\/span><\/strong> - Introducci\u00f3n: Familiariz\u00e1ndonos con el curso, recursos did\u00e1cticos y accesos.<\/li>\r\n \t<li style=\"text-align: justify;\"><strong><span style=\"color: #5c3a97;\">MODULO 2<\/span><\/strong> - <strong><em>Panorama general: bases conceptuales y te\u00f3ricas del gerenciamiento de programas y proyectos.<\/em><\/strong> Conceptos y diferencias entre un programa, proyectos y portafolio de proyectos. La relevancia del Gerenciamiento de Programas y Proyectos, condiciones y competencias necesarias.<\/li>\r\n \t<li style=\"text-align: justify;\"><strong><span style=\"color: #5c3a97;\">MODULO 3<\/span><\/strong> - <strong><em>El ciclo de programaci\u00f3n de un programa o proyecto:<\/em><\/strong> sus principales fases (etapas) y caracter\u00edsticas centrales.<\/li>\r\n \t<li style=\"text-align: justify;\"><strong><span style=\"color: #5c3a97;\">MODULO 4<\/span> <\/strong>- <strong><em>Fase de Diagn\u00f3stico e Identificaci\u00f3n de un programa o proyecto:<\/em><\/strong> Componentes centrales, instrumentos y factores de \u00e9xito para su desarrollo e implementaci\u00f3n.<\/li>\r\n \t<li style=\"text-align: justify;\"><strong><span style=\"color: #5c3a97;\">MODULO 5<\/span><\/strong> - <strong><em>Fase de Planificaci\u00f3n:<\/em><\/strong> Componentes centrales, metodolog\u00edas, instrumentos y factores de \u00e9xito para su desarrollo.<\/li>\r\n \t<li style=\"text-align: justify;\"><strong><span style=\"color: #5c3a97;\">MODULO 6<\/span><\/strong> - <strong><em>Fase de implementaci\u00f3n de programas y proyectos: <\/em><\/strong>Gerenciamiento de alcances, tiempos y resultados esperados, gerenciamiento de recursos humanos, gerenciamiento de recursos materiales y monetarios (Gerenciamiento administrativo \u2013 financiero); instrumentos y factores de \u00e9xito para su desarrollo e implementaci\u00f3n.<\/li>\r\n \t<li style=\"text-align: justify;\"><strong><span style=\"color: #5c3a97;\">MODULO 7<\/span> -<\/strong> <strong><em>Fase de Seguimiento y Evaluaci\u00f3n de programas y proyectos. <\/em><\/strong>Instrumentos, t\u00e9cnicas y factores de \u00e9xito para su desarrollo e implementaci\u00f3n.<\/li>\r\n \t<li style=\"text-align: justify;\"><strong><span style=\"color: #5c3a97;\">MODULO 8<\/span> -<\/strong> <strong><em>Adaptaciones del gerenciamiento<\/em><\/strong> <strong><em>de Programas y Proyectos<\/em><\/strong> a sus diferentes contextos y necesidades.<\/li>\r\n<\/ul>\t\t\t\t\t\t <\/div>\r\n\t\t\t\t\t\t\t\t\t\t\t\t <div role=\"tabpanel\" class=\"tab-pane \" id=\"tabs_desc_3382_2\">\r\n\t\t\t\t\t\t\t\t<p style=\"text-align: justify;\">El curso esta metodol\u00f3gicamente dise\u00f1ado para lograr desarrollar competencias, para lo cual basa su enfoque principalmente en el aprendizaje aplicado por medio de:<\/p>\r\n\r\n<ul>\r\n \t<li style=\"text-align: justify;\">Revisi\u00f3n comprensiva, anal\u00edtica y reflexiva de contenidos de cada contenido modular.<\/li>\r\n \t<li style=\"text-align: justify;\">Ejercicios de implementaci\u00f3n y an\u00e1lisis.<\/li>\r\n \t<li style=\"text-align: justify;\">Escenarios simulados para favorecer la inserci\u00f3n de los profesionales en escenarios reales simulados.<\/li>\r\n \t<li style=\"text-align: justify;\">Estudios de casos de an\u00e1lisis.<\/li>\r\n \t<li style=\"text-align: justify;\">Foros<\/li>\r\n \t<li style=\"text-align: justify;\">Autoevaluaciones de aprendizaje.<\/li>\r\n<\/ul>\t\t\t\t\t\t <\/div>\r\n\t\t\t\t\t\t\t\t\t\t\t\t <div role=\"tabpanel\" class=\"tab-pane \" id=\"tabs_desc_3382_3\">\r\n\t\t\t\t\t\t\t\t<p style=\"text-align: justify;\"><a href=\"https:\/\/i0.wp.com\/cebem.org\/wp-content\/uploads\/2018\/04\/Evelin-troche.jpg\"><img data-recalc-dims=\"1\" decoding=\"async\" class=\"alignleft wp-image-3374 size-thumbnail\" src=\"https:\/\/i0.wp.com\/cebem.org\/wp-content\/uploads\/2018\/04\/Evelin-troche-150x150.jpg?resize=150%2C150\" alt=\"\" width=\"150\" height=\"150\" srcset=\"https:\/\/i0.wp.com\/cebem.org\/wp-content\/uploads\/2018\/04\/Evelin-troche.jpg?resize=150%2C150&amp;ssl=1 150w, https:\/\/i0.wp.com\/cebem.org\/wp-content\/uploads\/2018\/04\/Evelin-troche.jpg?zoom=2&amp;resize=150%2C150&amp;ssl=1 300w\" sizes=\"(max-width: 150px) 100vw, 150px\" \/><\/a><em><strong>Evelin Troche Araujo<\/strong>, Economista de profesi\u00f3n, cuenta con alrededor 20 a\u00f1os de experiencia en el sector del desarrollo socio econ\u00f3mico, liderando y gerenciando procesos, programas y proyectos de desarrollo socio econ\u00f3mico en organizaciones sociales y privadas en las \u00e1reas de planificaci\u00f3n y direcci\u00f3n estrat\u00e9gica, operaciones, dise\u00f1o (planeaci\u00f3n), monitoreo y evaluaci\u00f3n, gerencia por resultados, gerencia de programas y proyectos, gerenciamiento de procesos estrat\u00e9gicos institucionales, gesti\u00f3n de la calidad e innovaci\u00f3n, liderazgo organizacional, entre otros campos. Cuenta adem\u00e1s con amplia experiencia en el manejo del ciclo de gesti\u00f3n del aprendizaje, desarrollo de capacidades y competencias, y\u00a0 metodolog\u00edas relacionadas. Se ha desempe\u00f1ado como docente y facilitadora en el desarrollo de capacidades y competencias.<\/em><\/p>\r\n<p style=\"text-align: justify;\"><em><strong>Evelin Troche<\/strong> ha realizado estudios de Postgrado en varios campos multidisciplinarios, destacando entre ellos, Liderazgo Organizacional en Instituto Tecnol\u00f3gico y de Estudios Superiores de Monterrey (ITSEM, M\u00e9xico); Educaci\u00f3n Superior, Universidad Del Valle; Certificada en Project Management for Development Professionals - PMD Pro, APMG Group International, entre otros.<\/em><\/p>\t\t\t\t\t\t <\/div>\r\n\t\t\t\t\t\t\t\t\t\t\t\t <div role=\"tabpanel\" class=\"tab-pane \" id=\"tabs_desc_3382_4\">\r\n\t\t\t\t\t\t\t\t<span style=\"color: #5c3a97;\"><strong>LA INVERSI\u00d3N LE DA DERECHO A:<\/strong><\/span>\r\n<ul>\r\n \t<li style=\"text-align: justify;\">Curso introductorio para el manejo del Campus Virtual CEBEM que orienta al participante sobre el estudio dentro el modelo pedag\u00f3gico virtual.<\/li>\r\n \t<li style=\"text-align: justify;\">Todo el material did\u00e1ctico (obligatorio y adicional) ofrecido en forma electr\u00f3nica (para descargar) a trav\u00e9s del Campus Virtual.<\/li>\r\n \t<li style=\"text-align: justify;\">Tutor\u00eda permanente con un alto nivel acad\u00e9mico durante la duraci\u00f3n del curso.<\/li>\r\n \t<li style=\"text-align: justify;\">Un certificado que acredita que aprob\u00f3 o participo en el curso.<\/li>\r\n<\/ul>\r\n<p style=\"text-align: justify;\"><span style=\"color: #5c3a97;\"><strong>INVERSI\u00d3N:<\/strong><\/span>\r\n700 Bolivianos o su equivalente en d\u00f3lares (100 $us.)<\/p>\r\n<p style=\"text-align: justify;\"><span style=\"color: #5c3a97;\"><strong>DESCUENTO:<\/strong><\/span>Para instituciones o grupo de 5 o m\u00e1s personas.<\/p>\r\n<p style=\"text-align: justify;\"><span style=\"color: #5c3a97;\"><strong>FORMAS DE PAGO:<\/strong><\/span><\/p>\r\n<strong>SI VIVE EN BOLIVIA<\/strong>\r\n<ol>\r\n \t<li><strong>Dep\u00f3sito bancario<\/strong>\r\nInstituci\u00f3n: Banco BISA\r\nCuenta corriente: 130861-206-2\r\nTitular de la cuenta: Cebem<\/li>\r\n \t<li><strong>Pago en efectivo\r\n<\/strong>\r\nDirecci\u00f3n: Calle Capit\u00e1n Ravelo No. 2077, entre Calles Goitia y Montevideo frente a la Caja de la Banca Privada, La Paz, Bolivia\r\nTel\u00e9fono y\/o Fax: +591 (2) 2441497 \u2013 2441916<\/li>\r\n \t<li><strong>Prodem (para el interior del pa\u00eds)<\/strong>\r\nDestinatario: Cinda Beatriz Herrera Rodr\u00edguez\r\nCI: 2234285 LP<\/li>\r\n \t<li><strong>FIE (para el interior del pa\u00eds)\r\n<\/strong>Destinatario: Cinda Beatriz Herrera Rodr\u00edguez\r\nCI: 2234285 LP<\/li>\r\n<\/ol>\r\n<strong>SI VIVE EN EL EXTERIOR<\/strong>\r\n<ol>\r\n \t<li><strong>Western Union\r\n<\/strong>\r\nDestinatario: Cinda Beatriz Herrera Rodr\u00edguez\r\nCI: 2234285 LP\r\nLocalidad: La Paz, Bolivia<\/li>\r\n \t<li><strong>Transferencia bancaria\r\n<\/strong>\r\nSi opta por esta forma, favor comunicarse con <a href=\"mailto:beatriz@cebem.org\">beatriz@cebem.org<\/a> para que le env\u00ede los datos y disposiciones de nuestro banco para realizar la transferencia.<\/li>\r\n<\/ol>\t\t\t\t\t\t <\/div>\r\n\t\t\t\t\t\t\t\r\n\t\t\t\t\t <\/div>\r\n\t\t\t\t\t \r\n\t\t\t\t <\/div>\r\n <script>\r\n\t\tjQuery(function () {\r\n\t\t\tjQuery('#myTab_3382 a:first').tab('show')\r\n\t\t});\r\n\t\t\r\n\t\t\t\tjQuery(function(){\r\n\t\t\tvar b=\"fadeIn\";\r\n\t\t\tvar c;\r\n\t\t\tvar a;\r\n\t\t\td(jQuery(\"#myTab_3382 a\"),jQuery(\"#tab-content_3382\"));function d(e,f,g){\r\n\t\t\t\te.click(function(i){\r\n\t\t\t\t\ti.preventDefault();\r\n\t\t\t\t\tjQuery(this).tab(\"show\");\r\n\t\t\t\t\tvar h=jQuery(this).data(\"easein\");\r\n\t\t\t\t\tif(c){c.removeClass(a);}\r\n\t\t\t\t\tif(h){f.find(\"div.active\").addClass(\"animated \"+h);a=h;}\r\n\t\t\t\t\telse{if(g){f.find(\"div.active\").addClass(\"animated \"+g);a=g;}else{f.find(\"div.active\").addClass(\"animated \"+b);a=b;}}c=f.find(\"div.active\");\r\n\t\t\t\t});\r\n\t\t\t}\r\n\t\t});\r\n\t\t\r\n\r\n\t\tfunction do_resize(){\r\n\r\n\t\t\tvar width=jQuery( '.tab-content .tab-pane iframe' ).width();\r\n\t\t\tvar height=jQuery( '.tab-content .tab-pane iframe' ).height();\r\n\r\n\t\t\tvar toggleSize = true;\r\n\t\t\tjQuery('iframe').animate({\r\n\t\t\t    width: toggleSize ? width : 640,\r\n\t\t\t    height: toggleSize ? height : 360\r\n\t\t\t  }, 250);\r\n\r\n\t\t\t  toggleSize = !toggleSize;\r\n\t\t}\r\n\r\n\r\n\t<\/script>\r\n\t\t\t\t\r\n\t\t\t\n<p><span style=\"color: #5c3a97;\"><strong><em>ANEXO: <\/em><\/strong><\/span><\/p>\n<p><strong><em><a href=\"http:\/\/cebem.org\/wp-content\/uploads\/2018\/04\/virtual-gerenciamiento_programas-contenido_modular.pdf\" target=\"_blank\" rel=\"noopener\">Descargar en PDF: Contenido modular y tem\u00e1tico en detalle<\/a><\/em><\/strong><\/p>\n<h3 style=\"text-align: center;\">Si te interesa el curso&#8230;<\/h3>\n<p style=\"text-align: center;\"><a href=\"https:\/\/docs.google.com\/forms\/d\/e\/1FAIpQLSfeMIF7FghoJmvAngA2HAAWjW8cUYP-UL97FbZBVGgfA0y8MQ\/viewform?usp=sf_link\" target=\"_blank\" rel=\"noopener\"><input type=\"submit\" value=\"Preinscr\u00edbete AQU\u00cd\" \/><\/a><\/p>\n<p><strong>Contacto:<\/strong> Beatriz Herrera <strong><a href=\"mailto:beatriz@cebem.org\">beatriz@cebem.org<\/a><\/strong><\/p>\n","protected":false},"excerpt":{"rendered":"<p>El curso est\u00e1 dentro del marco de implementaci\u00f3n del Centro Virtual de Excelencia con el prop\u00f3sito de recoger y procesar las experiencias locales, y apoyar el intercambio de conocimiento regional y global. Inicio: Del 2 de julio al 19 de agosto de 2018 Este curso es parte del Programa de Desarrollo de Competencias Profesionales Especializadas. &hellip; <\/p>\n<p><a class=\"more-link btn\" href=\"https:\/\/cebem.org\/?p=3382\">Seguir leyendo<\/a><\/p>\n","protected":false},"author":2,"featured_media":3391,"comment_status":"open","ping_status":"closed","sticky":false,"template":"","format":"standard","meta":{"_jetpack_memberships_contains_paid_content":false,"footnotes":"","jetpack_publicize_message":"Curso Virtual: Gerenciamiento de Programas y Proyectos","jetpack_publicize_feature_enabled":true,"jetpack_social_post_already_shared":true,"jetpack_social_options":{"image_generator_settings":{"template":"highway","default_image_id":0,"font":"","enabled":false},"version":2}},"categories":[4],"tags":[153,38],"class_list":["post-3367","post","type-post","status-publish","format-standard","has-post-thumbnail","hentry","category-cursos-culminados-cebem","tag-boletin-4-2018","tag-curso","nodate","item-wrap"],"jetpack_publicize_connections":[],"jetpack_featured_media_url":"https:\/\/i0.wp.com\/cebem.org\/wp-content\/uploads\/2018\/04\/gerencia.jpg?fit=800%2C800&ssl=1","jetpack_sharing_enabled":true,"_links":{"self":[{"href":"https:\/\/cebem.org\/index.php?rest_route=\/wp\/v2\/posts\/3367","targetHints":{"allow":["GET"]}}],"collection":[{"href":"https:\/\/cebem.org\/index.php?rest_route=\/wp\/v2\/posts"}],"about":[{"href":"https:\/\/cebem.org\/index.php?rest_route=\/wp\/v2\/types\/post"}],"author":[{"embeddable":true,"href":"https:\/\/cebem.org\/index.php?rest_route=\/wp\/v2\/users\/2"}],"replies":[{"embeddable":true,"href":"https:\/\/cebem.org\/index.php?rest_route=%2Fwp%2Fv2%2Fcomments&post=3367"}],"version-history":[{"count":10,"href":"https:\/\/cebem.org\/index.php?rest_route=\/wp\/v2\/posts\/3367\/revisions"}],"predecessor-version":[{"id":3618,"href":"https:\/\/cebem.org\/index.php?rest_route=\/wp\/v2\/posts\/3367\/revisions\/3618"}],"wp:featuredmedia":[{"embeddable":true,"href":"https:\/\/cebem.org\/index.php?rest_route=\/wp\/v2\/media\/3391"}],"wp:attachment":[{"href":"https:\/\/cebem.org\/index.php?rest_route=%2Fwp%2Fv2%2Fmedia&parent=3367"}],"wp:term":[{"taxonomy":"category","embeddable":true,"href":"https:\/\/cebem.org\/index.php?rest_route=%2Fwp%2Fv2%2Fcategories&post=3367"},{"taxonomy":"post_tag","embeddable":true,"href":"https:\/\/cebem.org\/index.php?rest_route=%2Fwp%2Fv2%2Ftags&post=3367"}],"curies":[{"name":"wp","href":"https:\/\/api.w.org\/{rel}","templated":true}]}}