
{"id":3339,"date":"2018-04-25T18:25:49","date_gmt":"2018-04-25T22:25:49","guid":{"rendered":"http:\/\/cebem.org\/?p=3339"},"modified":"2018-10-19T23:39:10","modified_gmt":"2018-10-20T03:39:10","slug":"programa-de-desarrollo-de-competencias-profesionales-especializadas","status":"publish","type":"post","link":"https:\/\/cebem.org\/?p=3339","title":{"rendered":"Programa de Desarrollo de Competencias Profesionales Especializadas"},"content":{"rendered":"<p>Este programa de cursos est\u00e1 dentro del marco de implementaci\u00f3n del <a href=\"http:\/\/cvis3.cebem.org\/\" target=\"_blank\" rel=\"noopener\"><strong>Centro Virtual de Excelencia<\/strong><\/a> con el prop\u00f3sito de recoger y procesar las experiencias locales, y apoyar el intercambio de conocimiento regional y global.<br \/>\n<span style=\"color: #5c3a97;\"><a href=\"https:\/\/i0.wp.com\/cebem.org\/wp-content\/uploads\/2018\/04\/programa-competencias.jpg\"><img data-recalc-dims=\"1\" fetchpriority=\"high\" decoding=\"async\" class=\"alignleft size-medium wp-image-3439\" src=\"https:\/\/i0.wp.com\/cebem.org\/wp-content\/uploads\/2018\/04\/programa-competencias-300x300.jpg?resize=300%2C300\" alt=\"\" width=\"300\" height=\"300\" srcset=\"https:\/\/i0.wp.com\/cebem.org\/wp-content\/uploads\/2018\/04\/programa-competencias.jpg?resize=300%2C300&amp;ssl=1 300w, https:\/\/i0.wp.com\/cebem.org\/wp-content\/uploads\/2018\/04\/programa-competencias.jpg?resize=150%2C150&amp;ssl=1 150w, https:\/\/i0.wp.com\/cebem.org\/wp-content\/uploads\/2018\/04\/programa-competencias.jpg?resize=768%2C768&amp;ssl=1 768w, https:\/\/i0.wp.com\/cebem.org\/wp-content\/uploads\/2018\/04\/programa-competencias.jpg?resize=600%2C600&amp;ssl=1 600w, https:\/\/i0.wp.com\/cebem.org\/wp-content\/uploads\/2018\/04\/programa-competencias.jpg?w=800&amp;ssl=1 800w\" sizes=\"(max-width: 300px) 100vw, 300px\" \/><\/a><strong>Descripci\u00f3n del Programa<\/strong><\/span><\/p>\n<p style=\"text-align: justify;\"><strong>E<\/strong><strong>s<\/strong><strong>t\u00e1 orientado a profesionales que busquen desarrollar y\/o fortalecer competencias gerenciales<\/strong> en \u00e1reas necesarias para alcanzar eficacia, eficiencia y efectividad, <strong>en el dise\u00f1o, seguimiento e implementaci\u00f3n de planes estrat\u00e9gicos, t\u00e1cticos y operativos, gesti\u00f3n para resultados, gerenciamiento de programas y proyectos, direcci\u00f3n estrat\u00e9gica, evaluaci\u00f3n aplicada de programas y proyectos, entre otras \u00e1reas.<\/strong><\/p>\n<p style=\"text-align: justify;\">El programa comprende el desarrollo de competencias centrales y espec\u00edficas por \u00e1rea de formaci\u00f3n a la que opte el profesional. La educaci\u00f3n basada en competencias es un modelo centrado en el estudiante o el profesional que aprende, <strong>orientado al dominio de competencias, pensado a partir de que se quiere que se conozca y se sea capaz de hacer para mejorar su desempe\u00f1o profesional.<\/strong><\/p>\n<div style=\"overflow: hidden;\">\n<div style=\"border: 2px solid #069; border-radius: 20px; padding: 5px; width: 45%; float: left;\" align=\"center\">El dise\u00f1o del programa est\u00e1 basado en un enfoque por <strong>competencias (conocimientos, habilidades y actitudes)<\/strong>, que ser\u00e1n desarrolladas o fortalecidas mediante aplicaci\u00f3n a trav\u00e9s de t\u00e9cnicas, metodolog\u00edas e instrumentos de implementaci\u00f3n pr\u00e1ctica.<\/div>\n<div style=\"text-align: justify; padding: 10px; width: 55%; float: right;\">Las \u00e1reas que forman parte de este programa de formaci\u00f3n se llevar\u00e1n adelante en su modalidad virtual (e learning), y presencial, esta \u00faltima de acuerdo a necesidad o solicitud. Tambi\u00e9n podr\u00e1n ser adaptadas a requerimiento y\/o con base en necesidades espec\u00edficas seg\u00fan contexto.<\/div>\n<\/div>\n<p><span style=\"color: #5c3a97;\"><strong>Cursos de Especializaci\u00f3n del Programa:<\/strong><\/span><\/p>\n<ul>\n<li>Gesti\u00f3n para Resultados<\/li>\n<li>Gerenciamiento de Programas y Proyectos<\/li>\n<li>Planificaci\u00f3n estrat\u00e9gica y prospectiva, su relevancia para la planificaci\u00f3n t\u00e1ctica y operativa.<\/li>\n<\/ul>\n<p>El detalle espec\u00edfico de los cursos se presenta m\u00e1s abajo.<\/p>\n<p><span style=\"color: #5c3a97;\"><b>Destinatarios:<\/b><\/span><\/p>\n<ul>\n<li>Profesionales de Organizaciones No Gubernamentales (ONGs), Asociaciones, Fundaciones, Cooperaci\u00f3n Internacional, Organizaciones Sociales o Privadas.<\/li>\n<li>Directivos, Gerentes y\/o Mandos con colaboradores a su cargo.<\/li>\n<li>Profesionales en general que quieran fortalecer capacidades y competencias en las \u00e1reas mencionadas<\/li>\n<\/ul>\n<p><span style=\"color: #5c3a97;\"><strong>Metodolog\u00eda:<\/strong><\/span><\/p>\n<p style=\"text-align: justify;\">El programa y cursos espec\u00edficos est\u00e1n metodol\u00f3gicamente dise\u00f1ados para promover el desarrollo de competencias <strong><em>por medio de aprendizaje aplicado<\/em><\/strong> (orientaci\u00f3n pr\u00e1ctica y menos te\u00f3rica) a trav\u00e9s de t\u00e9cnicas, metodolog\u00edas e instrumentos de implementaci\u00f3n pr\u00e1ctica.<\/p>\n<p style=\"text-align: justify;\">Estos cursos se impartir\u00e1n en dos modalidades <span style=\"color: #ff6600;\"><strong>PRESENCIAL<\/strong><\/span> y <span style=\"color: #ff6600;\"><strong>VIRTUAL<\/strong><\/span>, a continuaci\u00f3n, el detalle de cada curso:<br \/>\n\t\t\t\t\t\t<style>\r\n\t\t\t\t\r\n\t\t\t\t\t#tab_container_3378 {\r\n\toverflow:hidden;\r\n\tdisplay:block;\r\n\twidth:100%;\r\n\tborder:0px solid #ddd;\r\n\tmargin-bottom:30px;\r\n\t}\r\n\r\n#tab_container_3378 .tab-content{\r\n\tpadding:20px;\r\n\tborder: 1px solid #e6e6e6 !important;\r\n\tmargin-top: 0px;\r\n\tbackground-color:#ffffff !important;\r\n\tcolor: #000000 !important;\r\n\tfont-size:16px !important;\r\n\tfont-family: Arial !important;\r\n\t\r\n\t\tborder: 1px solid #e6e6e6 !important;\r\n\t}\r\n#tab_container_3378 .wpsm_nav-tabs {\r\n    border-bottom: 0px solid #ddd;\r\n}\r\n#tab_container_3378 .wpsm_nav-tabs > li.active > a, #tab_container_3378 .wpsm_nav-tabs > li.active > a:hover, #tab_container_3378 .wpsm_nav-tabs > li.active > a:focus {\r\n\tcolor: #000000 !important;\r\n\tcursor: default;\r\n\tbackground-color: #ffffff !important;\r\n\tborder: 1px solid #e6e6e6 !important;\r\n}\r\n\r\n#tab_container_3378 .wpsm_nav-tabs > li > a {\r\n    margin-right: 0px !important; \r\n    line-height: 1.42857143 !important;\r\n    border: 1px solid #80acb9 !important;\r\n    border-radius: 0px 0px 0 0 !important; \r\n\tbackground-color: #93bfcc !important;\r\n\tcolor: #000000 !important;\r\n\tpadding: 15px 18px 15px 18px !important;\r\n\ttext-decoration: none !important;\r\n\tfont-size: 16px !important;\r\n\ttext-align:center !important;\r\n\tfont-family: Arial !important;\r\n}\r\n#tab_container_3378 .wpsm_nav-tabs > li > a:focus {\r\noutline: 0px !important;\r\n}\r\n\r\n#tab_container_3378 .wpsm_nav-tabs > li > a:before {\r\n\tdisplay:none !important;\r\n}\r\n#tab_container_3378 .wpsm_nav-tabs > li > a:after {\r\n\tdisplay:none !important ;\r\n}\r\n#tab_container_3378 .wpsm_nav-tabs > li{\r\npadding:0px !important ;\r\nmargin:0px;\r\n}\r\n\r\n#tab_container_3378 .wpsm_nav-tabs > li > a:hover , #tab_container_3378 .wpsm_nav-tabs > li > a:focus {\r\n    color: #000000 !important;\r\n    background-color: #93bfcc !important;\r\n\tborder: 1px solid #80acb9 !important;\r\n\t\r\n}\r\n#tab_container_3378 .wpsm_nav-tabs > li > a .fa{\r\n\r\nmargin-right:5px !important;\r\n\r\nmargin-left:5px !important;\r\n\r\n\r\n}\r\n\r\n\t\t#tab_container_3378 .wpsm_nav-tabs a{\r\n\t\t\tbackground-image: url(https:\/\/cebem.org\/wp-content\/plugins\/tabs-responsive\/assets\/images\/style-soft.png);\r\n\t\t\tbackground-position: 0 0;\r\n\t\t\tbackground-repeat: repeat-x;\r\n\t\t}\r\n\t\t\t\r\n\r\n\r\n#tab_container_3378 .wpsm_nav-tabs > li {\r\n    float: left;\r\n    margin-bottom: -1px !important;\r\n\tmargin-right:0px !important; \r\n}\r\n\r\n\r\n#tab_container_3378 .tab-content{\r\noverflow:hidden !important;\r\n}\r\n\r\n\r\n@media (min-width: 769px) {\r\n\r\n\t#tab_container_3378 .wpsm_nav-tabs > li{\r\n\t\tfloat:left !important ;\r\n\t\t\t\tmargin-right:-1px !important;\r\n\t\t\t\t\t}\r\n\t#tab_container_3378 .wpsm_nav-tabs{\r\n\t\tfloat:none !important;\r\n\t\tmargin:0px !important;\r\n\t}\r\n\r\n\t#tab_container_3378 .wpsm_nav-tabs > li {\r\n\t\t\t\t\t\t\t\t\tmargin-right: 8px !important;\r\n\t\t\t\t\r\n\t\t\t\t\r\n\t\t\t\t\r\n\t}\r\n\t#tab_container_3378 .wpsm_nav{\r\n\t\t\t}\r\n\r\n}\r\n\r\n\r\n\r\n@media (max-width: 768px) {\r\n\t#tab_container_3378 .wpsm_nav-tabs > li {\r\n\t\t\t\tmargin-bottom: 8px !important;\r\n\t\tmargin-right:0px !important;\r\n\t\tmargin-left:0px !important;\r\n\t\t\t\t\r\n\t}\r\n\t#tab_container_3378 .wpsm_nav{\r\n\t\t\t}\r\n}\r\n\r\n\r\n\t.wpsm_nav-tabs li:before{\r\n\t\tdisplay:none !important;\r\n\t}\r\n\r\n\t@media (max-width: 768px) {\r\n\t\t\t\t\r\n\t\t\t\t.wpsm_nav-tabs{\r\n\t\t\tmargin-left:0px !important;\r\n\t\t\tmargin-right:0px !important; \r\n\t\t\t\r\n\t\t}\r\n\t\t\t\t#tab_container_3378 .wpsm_nav-tabs > li{\r\n\t\t\tfloat:none !important;\r\n\t\t}\r\n\t\t\t\r\n\t}\t\t\t\t<\/style>\r\n\t\t\t\t<div id=\"tab_container_3378\" >\r\n\t \r\n\t\t\t\t\t<ul class=\"wpsm_nav wpsm_nav-tabs\" role=\"tablist\" id=\"myTab_3378\">\r\n\t\t\t\t\t\t\t\r\n\t\t\t\t\t\t\t<li role=\"presentation\"  class=\"active\"  onclick=\"do_resize()\">\r\n\t\t\t\t\t\t\t\t<a href=\"#tabs_desc_3378_1\" aria-controls=\"tabs_desc_3378_1\" role=\"tab\" data-toggle=\"tab\">\r\n\t\t\t\t\t\t\t\t\t\r\n\t\t\t\t\t\t\t\t\t\t\t\t\t\t\t\t\t\t\t\t\t\t\t\t\t\t\t\t\t\t\t<i class=\"fa fa-laptop\"><\/i> \t\t\t\t\t\t\t\t\t\t\t\t\t\t\t\t\t\t\t\r\n\t\t\t\t\t\t\t\t\t\t\t\t\t\t\t\t\t\t\r\n\t\t\t\t\t\t\t\t\t<span>VIRTUAL<\/span>\r\n\t\t\t\t\t\t\t\t\t\r\n\t\t\t\t\t\t\t\t\t\t\t\t\t\t\t\t\t\t\r\n\t\t\t\t\t\t\t\t\t\t\t\t\t\t\t\t\t\t\t\t\r\n\t\t\t\t\t\t\t\t\t\r\n\t\t\t\t\t\t\t\t<\/a>\r\n\t\t\t\t\t\t\t<\/li>\r\n\t\t\t\t\t\t\t\r\n\t\t\t\t\t\t\t<li role=\"presentation\"  onclick=\"do_resize()\">\r\n\t\t\t\t\t\t\t\t<a href=\"#tabs_desc_3378_2\" aria-controls=\"tabs_desc_3378_2\" role=\"tab\" data-toggle=\"tab\">\r\n\t\t\t\t\t\t\t\t\t\r\n\t\t\t\t\t\t\t\t\t\t\t\t\t\t\t\t\t\t\t\t\t\t\t\t\t\t\t\t\t\t\t<i class=\"fa fa-group\"><\/i> \t\t\t\t\t\t\t\t\t\t\t\t\t\t\t\t\t\t\t\r\n\t\t\t\t\t\t\t\t\t\t\t\t\t\t\t\t\t\t\r\n\t\t\t\t\t\t\t\t\t<span>PRESENCIAL<\/span>\r\n\t\t\t\t\t\t\t\t\t\r\n\t\t\t\t\t\t\t\t\t\t\t\t\t\t\t\t\t\t\r\n\t\t\t\t\t\t\t\t\t\t\t\t\t\t\t\t\t\t\t\t\r\n\t\t\t\t\t\t\t\t\t\r\n\t\t\t\t\t\t\t\t<\/a>\r\n\t\t\t\t\t\t\t<\/li>\r\n\t\t\t\t\t\t\t\t\t\t\t <\/ul>\r\n\r\n\t\t\t\t\t  <!-- Tab panes -->\r\n\t\t\t\t\t  <div class=\"tab-content\" id=\"tab-content_3378\">\r\n\t\t\t\t\t\t\t\t\t\t\t\t <div role=\"tabpanel\" class=\"tab-pane  in active \" id=\"tabs_desc_3378_1\">\r\n\t\t\t\t\t\t\t\t<table border=\"0\" cellpadding=\"0\">\r\n<tbody>\r\n<tr>\r\n<td><a href=\"http:\/\/cebem.org\/?p=3365\"><img data-recalc-dims=\"1\" decoding=\"async\" class=\"alignleft size-thumbnail wp-image-3389\" src=\"https:\/\/i0.wp.com\/cebem.org\/wp-content\/uploads\/2018\/04\/gestion-resultados-150x150.jpg?resize=150%2C150\" alt=\"\" width=\"150\" height=\"150\" \/><\/a>\r\n<h3><a href=\"http:\/\/cebem.org\/?p=3365\">Curso Virtual: Gesti\u00f3n para resultados<\/a><\/h3>\r\n<b>Inicio del 21 de mayo al 1 de julio 2018<\/b>\r\n<a href=\"http:\/\/cebem.org\/?p=3365\">M\u00e1s informaci\u00f3n<\/a><\/td>\r\n<\/tr>\r\n<tr>\r\n<td><a href=\"http:\/\/cebem.org\/?p=3367\"><img data-recalc-dims=\"1\" decoding=\"async\" class=\"alignleft size-thumbnail wp-image-3391\" src=\"https:\/\/i0.wp.com\/cebem.org\/wp-content\/uploads\/2018\/04\/gerencia-150x150.jpg?resize=150%2C150\" alt=\"\" width=\"150\" height=\"150\" srcset=\"https:\/\/i0.wp.com\/cebem.org\/wp-content\/uploads\/2018\/04\/gerencia.jpg?resize=150%2C150&amp;ssl=1 150w, https:\/\/i0.wp.com\/cebem.org\/wp-content\/uploads\/2018\/04\/gerencia.jpg?resize=300%2C300&amp;ssl=1 300w, https:\/\/i0.wp.com\/cebem.org\/wp-content\/uploads\/2018\/04\/gerencia.jpg?resize=768%2C768&amp;ssl=1 768w, https:\/\/i0.wp.com\/cebem.org\/wp-content\/uploads\/2018\/04\/gerencia.jpg?resize=600%2C600&amp;ssl=1 600w, https:\/\/i0.wp.com\/cebem.org\/wp-content\/uploads\/2018\/04\/gerencia.jpg?w=800&amp;ssl=1 800w\" sizes=\"(max-width: 150px) 100vw, 150px\" \/><\/a>\r\n<h3><a href=\"http:\/\/cebem.org\/?p=3367\">Curso Virtual: Gerenciamiento de Programas y Proyectos<\/a><\/h3>\r\n<b>Inicio d<strong>el 2 de julio al 19 de agosto de 2018<\/strong><\/b>\r\n<a href=\"http:\/\/cebem.org\/?p=3367\">M\u00e1s informaci\u00f3n<\/a><\/td>\r\n<\/tr>\r\n<tr>\r\n<td><a href=\"http:\/\/cebem.org\/?p=3369\"><img data-recalc-dims=\"1\" loading=\"lazy\" decoding=\"async\" class=\"alignleft size-thumbnail wp-image-3446\" src=\"https:\/\/i0.wp.com\/cebem.org\/wp-content\/uploads\/2018\/04\/curso-planificacion-estrategica-150x150.jpg?resize=150%2C150\" alt=\"\" width=\"150\" height=\"150\" srcset=\"https:\/\/i0.wp.com\/cebem.org\/wp-content\/uploads\/2018\/04\/curso-planificacion-estrategica.jpg?resize=150%2C150&amp;ssl=1 150w, https:\/\/i0.wp.com\/cebem.org\/wp-content\/uploads\/2018\/04\/curso-planificacion-estrategica.jpg?resize=300%2C300&amp;ssl=1 300w, https:\/\/i0.wp.com\/cebem.org\/wp-content\/uploads\/2018\/04\/curso-planificacion-estrategica.jpg?resize=768%2C768&amp;ssl=1 768w, https:\/\/i0.wp.com\/cebem.org\/wp-content\/uploads\/2018\/04\/curso-planificacion-estrategica.jpg?resize=600%2C600&amp;ssl=1 600w, https:\/\/i0.wp.com\/cebem.org\/wp-content\/uploads\/2018\/04\/curso-planificacion-estrategica.jpg?w=900&amp;ssl=1 900w\" sizes=\"(max-width: 150px) 100vw, 150px\" \/><\/a>\r\n<h3><a href=\"http:\/\/cebem.org\/?p=3369\">Curso Virtual: Planificaci\u00f3n Estrat\u00e9gica y Prospectiva, su relevancia para la Planificaci\u00f3n t\u00e1ctica y operativa.<\/a><\/h3>\r\n<b>Inicio <strong>17 de septiembre al 21 de octubre de 2018<\/strong><\/b>\r\n<a href=\"http:\/\/cebem.org\/?p=3369\">M\u00e1s informaci\u00f3n<\/a><\/td>\r\n<\/tr>\r\n<\/tbody>\r\n<\/table>\t\t\t\t\t\t <\/div>\r\n\t\t\t\t\t\t\t\t\t\t\t\t <div role=\"tabpanel\" class=\"tab-pane \" id=\"tabs_desc_3378_2\">\r\n\t\t\t\t\t\t\t\tEstos cursos se impartir\u00e1n en las oficinas del CEBEM, la direcci\u00f3n es calle Capit\u00e1n Ravelo No. 2077, entre Calles Goitia y Montevideo frente a la Caja de la Banca Privada, La Paz, Bolivia. Tel\u00e9fono y\/o Fax: +591 (2) 2441497 - 2441916\r\n<table border=\"0\" cellpadding=\"0\">\r\n<tbody>\r\n<tr>\r\n<td><a href=\"http:\/\/cebem.org\/?p=3460\"><img data-recalc-dims=\"1\" decoding=\"async\" class=\"alignleft size-thumbnail wp-image-3389\" src=\"https:\/\/i0.wp.com\/cebem.org\/wp-content\/uploads\/2018\/04\/gestion-resultados-150x150.jpg?resize=150%2C150\" alt=\"\" width=\"150\" height=\"150\" \/><\/a>\r\n<h3><a href=\"http:\/\/cebem.org\/?p=3460\">Curso Presencial: Gesti\u00f3n para resultados<\/a><\/h3>\r\n<b>Inicio estimado d<strong>el 7 al 22 de septiembre, solo viernes y s\u00e1bado.<\/strong><\/b>\r\n<a href=\"http:\/\/cebem.org\/?p=3460\">M\u00e1s informaci\u00f3n<\/a><\/td>\r\n<\/tr>\r\n<tr>\r\n<td><img data-recalc-dims=\"1\" decoding=\"async\" class=\"alignleft size-thumbnail wp-image-3391\" src=\"https:\/\/i0.wp.com\/cebem.org\/wp-content\/uploads\/2018\/04\/gerencia-150x150.jpg?resize=150%2C150\" alt=\"\" width=\"150\" height=\"150\" srcset=\"https:\/\/i0.wp.com\/cebem.org\/wp-content\/uploads\/2018\/04\/gerencia.jpg?resize=150%2C150&amp;ssl=1 150w, https:\/\/i0.wp.com\/cebem.org\/wp-content\/uploads\/2018\/04\/gerencia.jpg?resize=300%2C300&amp;ssl=1 300w, https:\/\/i0.wp.com\/cebem.org\/wp-content\/uploads\/2018\/04\/gerencia.jpg?resize=768%2C768&amp;ssl=1 768w, https:\/\/i0.wp.com\/cebem.org\/wp-content\/uploads\/2018\/04\/gerencia.jpg?resize=600%2C600&amp;ssl=1 600w, https:\/\/i0.wp.com\/cebem.org\/wp-content\/uploads\/2018\/04\/gerencia.jpg?w=800&amp;ssl=1 800w\" sizes=\"(max-width: 150px) 100vw, 150px\" \/>\r\n<h3>Curso Presencial: Gerenciamiento de Programas y Proyectos<\/h3>\r\n<b>Inicio octrubre 2018<\/b>\r\nPronto m\u00e1s informaci\u00f3n<\/td>\r\n<\/tr>\r\n<tr>\r\n<td><img data-recalc-dims=\"1\" loading=\"lazy\" decoding=\"async\" class=\"alignleft size-thumbnail wp-image-3446\" src=\"https:\/\/i0.wp.com\/cebem.org\/wp-content\/uploads\/2018\/04\/curso-planificacion-estrategica-150x150.jpg?resize=150%2C150\" alt=\"\" width=\"150\" height=\"150\" srcset=\"https:\/\/i0.wp.com\/cebem.org\/wp-content\/uploads\/2018\/04\/curso-planificacion-estrategica.jpg?resize=150%2C150&amp;ssl=1 150w, https:\/\/i0.wp.com\/cebem.org\/wp-content\/uploads\/2018\/04\/curso-planificacion-estrategica.jpg?resize=300%2C300&amp;ssl=1 300w, https:\/\/i0.wp.com\/cebem.org\/wp-content\/uploads\/2018\/04\/curso-planificacion-estrategica.jpg?resize=768%2C768&amp;ssl=1 768w, https:\/\/i0.wp.com\/cebem.org\/wp-content\/uploads\/2018\/04\/curso-planificacion-estrategica.jpg?resize=600%2C600&amp;ssl=1 600w, https:\/\/i0.wp.com\/cebem.org\/wp-content\/uploads\/2018\/04\/curso-planificacion-estrategica.jpg?w=900&amp;ssl=1 900w\" sizes=\"(max-width: 150px) 100vw, 150px\" \/>\r\n<h3>Curso Presencial: Planificaci\u00f3n Estrat\u00e9gica y Prospectiva, su relevancia para la Planificaci\u00f3n t\u00e1ctica y operativa.<\/h3>\r\n<b>Inicio noviembre 2018<\/b>\r\nPronto m\u00e1s informaci\u00f3n<\/td>\r\n<\/tr>\r\n<\/tbody>\r\n<\/table>\t\t\t\t\t\t <\/div>\r\n\t\t\t\t\t\t\t\r\n\t\t\t\t\t <\/div>\r\n\t\t\t\t\t \r\n\t\t\t\t <\/div>\r\n <script>\r\n\t\tjQuery(function () {\r\n\t\t\tjQuery('#myTab_3378 a:first').tab('show')\r\n\t\t});\r\n\t\t\r\n\t\t\t\tjQuery(function(){\r\n\t\t\tvar b=\"fadeIn\";\r\n\t\t\tvar c;\r\n\t\t\tvar a;\r\n\t\t\td(jQuery(\"#myTab_3378 a\"),jQuery(\"#tab-content_3378\"));function d(e,f,g){\r\n\t\t\t\te.click(function(i){\r\n\t\t\t\t\ti.preventDefault();\r\n\t\t\t\t\tjQuery(this).tab(\"show\");\r\n\t\t\t\t\tvar h=jQuery(this).data(\"easein\");\r\n\t\t\t\t\tif(c){c.removeClass(a);}\r\n\t\t\t\t\tif(h){f.find(\"div.active\").addClass(\"animated \"+h);a=h;}\r\n\t\t\t\t\telse{if(g){f.find(\"div.active\").addClass(\"animated \"+g);a=g;}else{f.find(\"div.active\").addClass(\"animated \"+b);a=b;}}c=f.find(\"div.active\");\r\n\t\t\t\t});\r\n\t\t\t}\r\n\t\t});\r\n\t\t\r\n\r\n\t\tfunction do_resize(){\r\n\r\n\t\t\tvar width=jQuery( '.tab-content .tab-pane iframe' ).width();\r\n\t\t\tvar height=jQuery( '.tab-content .tab-pane iframe' ).height();\r\n\r\n\t\t\tvar toggleSize = true;\r\n\t\t\tjQuery('iframe').animate({\r\n\t\t\t    width: toggleSize ? width : 640,\r\n\t\t\t    height: toggleSize ? height : 360\r\n\t\t\t  }, 250);\r\n\r\n\t\t\t  toggleSize = !toggleSize;\r\n\t\t}\r\n\r\n\r\n\t<\/script>\r\n\t\t\t\t\r\n\t\t\t<\/p>\n","protected":false},"excerpt":{"rendered":"<p>Este programa de cursos est\u00e1 dentro del marco de implementaci\u00f3n del Centro Virtual de Excelencia con el prop\u00f3sito de recoger y procesar las experiencias locales, y apoyar el intercambio de conocimiento regional y global. Descripci\u00f3n del Programa Est\u00e1 orientado a profesionales que busquen desarrollar y\/o fortalecer competencias gerenciales en \u00e1reas necesarias para alcanzar eficacia, eficiencia &hellip; <\/p>\n<p><a class=\"more-link btn\" href=\"https:\/\/cebem.org\/?p=3378\">Seguir leyendo<\/a><\/p>\n","protected":false},"author":2,"featured_media":3439,"comment_status":"open","ping_status":"closed","sticky":false,"template":"","format":"standard","meta":{"_jetpack_memberships_contains_paid_content":false,"footnotes":"","jetpack_publicize_message":"Programa de Desarrollo de Competencias Profesionales Especializadas","jetpack_publicize_feature_enabled":true,"jetpack_social_post_already_shared":true,"jetpack_social_options":{"image_generator_settings":{"template":"highway","default_image_id":0,"font":"","enabled":false},"version":2}},"categories":[4],"tags":[153,38],"class_list":["post-3339","post","type-post","status-publish","format-standard","has-post-thumbnail","hentry","category-cursos-culminados-cebem","tag-boletin-4-2018","tag-curso","nodate","item-wrap"],"jetpack_publicize_connections":[],"jetpack_featured_media_url":"https:\/\/i0.wp.com\/cebem.org\/wp-content\/uploads\/2018\/04\/programa-competencias.jpg?fit=800%2C800&ssl=1","jetpack_sharing_enabled":true,"_links":{"self":[{"href":"https:\/\/cebem.org\/index.php?rest_route=\/wp\/v2\/posts\/3339","targetHints":{"allow":["GET"]}}],"collection":[{"href":"https:\/\/cebem.org\/index.php?rest_route=\/wp\/v2\/posts"}],"about":[{"href":"https:\/\/cebem.org\/index.php?rest_route=\/wp\/v2\/types\/post"}],"author":[{"embeddable":true,"href":"https:\/\/cebem.org\/index.php?rest_route=\/wp\/v2\/users\/2"}],"replies":[{"embeddable":true,"href":"https:\/\/cebem.org\/index.php?rest_route=%2Fwp%2Fv2%2Fcomments&post=3339"}],"version-history":[{"count":30,"href":"https:\/\/cebem.org\/index.php?rest_route=\/wp\/v2\/posts\/3339\/revisions"}],"predecessor-version":[{"id":3531,"href":"https:\/\/cebem.org\/index.php?rest_route=\/wp\/v2\/posts\/3339\/revisions\/3531"}],"wp:featuredmedia":[{"embeddable":true,"href":"https:\/\/cebem.org\/index.php?rest_route=\/wp\/v2\/media\/3439"}],"wp:attachment":[{"href":"https:\/\/cebem.org\/index.php?rest_route=%2Fwp%2Fv2%2Fmedia&parent=3339"}],"wp:term":[{"taxonomy":"category","embeddable":true,"href":"https:\/\/cebem.org\/index.php?rest_route=%2Fwp%2Fv2%2Fcategories&post=3339"},{"taxonomy":"post_tag","embeddable":true,"href":"https:\/\/cebem.org\/index.php?rest_route=%2Fwp%2Fv2%2Ftags&post=3339"}],"curies":[{"name":"wp","href":"https:\/\/api.w.org\/{rel}","templated":true}]}}