
{"id":3278,"date":"2018-03-29T11:43:56","date_gmt":"2018-03-29T15:43:56","guid":{"rendered":"http:\/\/cebem.org\/?p=3278"},"modified":"2018-03-29T11:43:56","modified_gmt":"2018-03-29T15:43:56","slug":"revista-digital-n3-agendas-locales-de-genero-renacer-otra-mirada","status":"publish","type":"post","link":"https:\/\/cebem.org\/?p=3278","title":{"rendered":"Revista Digital N\u00b03 &#8211; Agendas Locales de G\u00e9nero \u201cRenacer: Otra Mirada\u201d"},"content":{"rendered":"<p><a href=\"https:\/\/i0.wp.com\/cebem.org\/wp-content\/uploads\/2018\/03\/revista-uim.jpg\"><img data-recalc-dims=\"1\" fetchpriority=\"high\" decoding=\"async\" class=\"alignleft wp-image-3279\" src=\"https:\/\/i0.wp.com\/cebem.org\/wp-content\/uploads\/2018\/03\/revista-uim.jpg?resize=300%2C398\" alt=\"\" width=\"300\" height=\"398\" srcset=\"https:\/\/i0.wp.com\/cebem.org\/wp-content\/uploads\/2018\/03\/revista-uim.jpg?w=699&amp;ssl=1 699w, https:\/\/i0.wp.com\/cebem.org\/wp-content\/uploads\/2018\/03\/revista-uim.jpg?resize=226%2C300&amp;ssl=1 226w, https:\/\/i0.wp.com\/cebem.org\/wp-content\/uploads\/2018\/03\/revista-uim.jpg?resize=600%2C796&amp;ssl=1 600w\" sizes=\"(max-width: 300px) 100vw, 300px\" \/><\/a><strong>Editorial<\/strong><\/p>\n<p>Este es un n\u00famero especial de la Revista Agendas Locales de G\u00e9nero. Especial desde lo simb\u00f3lico, porque a trav\u00e9s de las siguientes p\u00e1ginas compartiremos im\u00e1genes de mujeres supervivientes, mujeres reales que han sobrevivido a situaciones de violencia de g\u00e9nero. Poder visibilizar sus historias es una iniciativa de la Muestra Fotogr\u00e1fica &#8216;Renacer&#8217;, y a trav\u00e9s de nuestra Revista hoy tenemos el honor de extender su acometido y llegar a m\u00e1s pupilas, y a m\u00e1s corazones, con el \u00fanico prop\u00f3sito de llamar la atenci\u00f3n sobre las cicatrices que deja la violencia hacia las mujeres, sean f\u00edsicas o emocionales; y sobre la necesidad de tomar medidas para erradicarla de manera urgente.<\/p>\n<p>Medidas como la impartici\u00f3n de la justicia con enfoque de g\u00e9nero. Tal como lo rese\u00f1a el art\u00edculo publicado en nuestra Columna de Opini\u00f3n. Porque la violencia de g\u00e9nero tambi\u00e9n puede ser institucional, y resulta insoslayable comprender que revictimizar a las v\u00edctimas s\u00f3lo contribuye a profundizar sus condiciones de vulnerabilidad y desprotecci\u00f3n. Y por tanto es ineludible la responsabilidad de juzgar con enfoque de g\u00e9nero.<\/p>\n<p>Reconocer las distintas formas de violencia es, asimismo. Fundamental para identificar sus alcances y poder tomar medidas adecuadas y eficaces. Sobre la violencia pol\u00edtica en raz\u00f3n de g\u00e9nero nos habla Flavia Freidenberg en la Entrevista. Reflexionando sobre las manifestaciones de este flagelo y los desaf\u00edos pendientes para eliminar estas pr\u00e1cticas del entorno pol\u00edtico y contribuir a la democratizaci\u00f3n de la toma de decisiones.<\/p>\n<p>Asistimos a un marco de avances, de compromisos en pos de la igualdad, de acciones concretas desde el \u00e1mbito local. En esta oportunidad queremos destacar la experiencia de transversalidad de la igualdad de g\u00e9nero en Montevideo, que fue galardonada con el 2\u00ba Premio en la 111 Edici\u00f3n de los Premios UIM a las Buenas Pr\u00e1cticas Locales con Enfoque de G\u00e9nero. Una experiencia sustentada en la planificaci\u00f3n, la presupuestaci\u00f3n y la rendici\u00f3n de cuentas en relaci\u00f3n a los compromisos institucionales con la igualdad de g\u00e9nero.<\/p>\n<p>En la secci\u00f3n Contra Corriente el disparador es un tema con un fuerte calado en las ciudades receptoras de migraciones. Donde las &#8216;fronteras de g\u00e9nero\u00b7 para las mujeres migrantes permanecen invisibles al enfoque de la pol\u00edtica migratoria que actualmente conocemos. Un abordaje que, necesariamente. Debemos incorporar en ese caprichoso destino de la ciudadan\u00eda global.<\/p>\n<p>En este n\u00famero incluimos tambi\u00e9n en el Observatorio reflexiones y experiencias en torno al papel de las mujeres frente al cambio clim\u00e1tico, desde la experiencia de mujeres de Valpara\u00edso y Yucat\u00e1n. Por otro lado, compartimos un interesante an\u00e1lisis sobre la participaci\u00f3n pol\u00edtica de las mujeres en la C\u00e1mara de Diputados de la Provincia de Buenos Aires, con indicadores y reflexiones que nos recuerdan que la democracia tiene aristas inconclusas que dan cuenta de que no s\u00f3lo la paridad supone un paradigma de la igualdad, sino que la propia democracia debilita su esencia en tanto las mujeres no est\u00e1n representadas de forma equitativa en la toma de decisiones y el poder.<\/p>\n<h4><a href=\"http:\/\/www.revistagenero.uimunicipalistas.org\/revista3\/\" target=\"_blank\" rel=\"noopener\"><strong>Ver revista<\/strong><\/a><\/h4>\n<p>&nbsp;<\/p>\n","protected":false},"excerpt":{"rendered":"<p>Editorial Este es un n\u00famero especial de la Revista Agendas Locales de G\u00e9nero. Especial desde lo simb\u00f3lico, porque a trav\u00e9s de las siguientes p\u00e1ginas compartiremos im\u00e1genes de mujeres supervivientes, mujeres reales que han sobrevivido a situaciones de violencia de g\u00e9nero. Poder visibilizar sus historias es una iniciativa de la Muestra Fotogr\u00e1fica &#8216;Renacer&#8217;, y a trav\u00e9s &hellip; <\/p>\n<p><a class=\"more-link btn\" href=\"https:\/\/cebem.org\/?p=3278\">Seguir leyendo<\/a><\/p>\n","protected":false},"author":2,"featured_media":3279,"comment_status":"closed","ping_status":"closed","sticky":false,"template":"","format":"standard","meta":{"_jetpack_memberships_contains_paid_content":false,"footnotes":"","jetpack_publicize_message":"#LecturaRecomendada\r\n#Revista Digital N\u00b03: Agendas Locales de #G\u00e9nero \u201cRenacer: Otra Mirada\u201d","jetpack_publicize_feature_enabled":true,"jetpack_social_post_already_shared":true,"jetpack_social_options":{"image_generator_settings":{"template":"highway","default_image_id":0,"font":"","enabled":false},"version":2}},"categories":[7],"tags":[152,43,18],"class_list":["post-3278","post","type-post","status-publish","format-standard","has-post-thumbnail","hentry","category-otras-publicaciones","tag-boletin-3-2018","tag-genero","tag-revista","item-wrap"],"jetpack_publicize_connections":[],"jetpack_featured_media_url":"https:\/\/i0.wp.com\/cebem.org\/wp-content\/uploads\/2018\/03\/revista-uim.jpg?fit=699%2C927&ssl=1","jetpack_sharing_enabled":true,"_links":{"self":[{"href":"https:\/\/cebem.org\/index.php?rest_route=\/wp\/v2\/posts\/3278","targetHints":{"allow":["GET"]}}],"collection":[{"href":"https:\/\/cebem.org\/index.php?rest_route=\/wp\/v2\/posts"}],"about":[{"href":"https:\/\/cebem.org\/index.php?rest_route=\/wp\/v2\/types\/post"}],"author":[{"embeddable":true,"href":"https:\/\/cebem.org\/index.php?rest_route=\/wp\/v2\/users\/2"}],"replies":[{"embeddable":true,"href":"https:\/\/cebem.org\/index.php?rest_route=%2Fwp%2Fv2%2Fcomments&post=3278"}],"version-history":[{"count":1,"href":"https:\/\/cebem.org\/index.php?rest_route=\/wp\/v2\/posts\/3278\/revisions"}],"predecessor-version":[{"id":3280,"href":"https:\/\/cebem.org\/index.php?rest_route=\/wp\/v2\/posts\/3278\/revisions\/3280"}],"wp:featuredmedia":[{"embeddable":true,"href":"https:\/\/cebem.org\/index.php?rest_route=\/wp\/v2\/media\/3279"}],"wp:attachment":[{"href":"https:\/\/cebem.org\/index.php?rest_route=%2Fwp%2Fv2%2Fmedia&parent=3278"}],"wp:term":[{"taxonomy":"category","embeddable":true,"href":"https:\/\/cebem.org\/index.php?rest_route=%2Fwp%2Fv2%2Fcategories&post=3278"},{"taxonomy":"post_tag","embeddable":true,"href":"https:\/\/cebem.org\/index.php?rest_route=%2Fwp%2Fv2%2Ftags&post=3278"}],"curies":[{"name":"wp","href":"https:\/\/api.w.org\/{rel}","templated":true}]}}