
{"id":3253,"date":"2018-03-22T19:50:26","date_gmt":"2018-03-22T23:50:26","guid":{"rendered":"http:\/\/cebem.org\/?p=3253"},"modified":"2018-03-22T19:50:26","modified_gmt":"2018-03-22T23:50:26","slug":"los-50-anos-de-cooperacion-del-ird-en-bolivia","status":"publish","type":"post","link":"https:\/\/cebem.org\/?p=3253","title":{"rendered":"Los 50 a\u00f1os de cooperaci\u00f3n del IRD en Bolivia"},"content":{"rendered":"<p><a href=\"https:\/\/i0.wp.com\/cebem.org\/wp-content\/uploads\/2018\/03\/50-ans-de-l-ird-en-bolivie.png\"><img data-recalc-dims=\"1\" fetchpriority=\"high\" decoding=\"async\" class=\"aligncenter wp-image-3257\" src=\"https:\/\/i0.wp.com\/cebem.org\/wp-content\/uploads\/2018\/03\/50-ans-de-l-ird-en-bolivie.png?resize=399%2C274\" alt=\"\" width=\"399\" height=\"274\" srcset=\"https:\/\/i0.wp.com\/cebem.org\/wp-content\/uploads\/2018\/03\/50-ans-de-l-ird-en-bolivie.png?w=554&amp;ssl=1 554w, https:\/\/i0.wp.com\/cebem.org\/wp-content\/uploads\/2018\/03\/50-ans-de-l-ird-en-bolivie.png?resize=300%2C206&amp;ssl=1 300w\" sizes=\"(max-width: 399px) 100vw, 399px\" \/><\/a>Este a\u00f1o, el IRD celebra 50 a\u00f1os de cooperaci\u00f3n cient\u00edfica con sus socios bolivianos. El IRD est\u00e1 presente en Bolivia desde 1968. Es el \u00fanico establecimiento cient\u00edfico p\u00fablico franc\u00e9s presente en el pa\u00eds. En Bolivia, el IRD realiza programas de investigaci\u00f3n y de capacitaci\u00f3n en estrecha colaboraci\u00f3n con sus socios: universidades, institutos p\u00fablicos, empresas, instituciones de la red francesa y organismos internacionales.<\/p>\n<p>Durante el a\u00f1o el IRD organizar\u00e1 un ciclo de conferencias, coloquios, exposiciones y talleres cient\u00edficos franco-bolivianos.<\/p>\n<p><strong>Actividades<\/strong><\/p>\n<ul>\n<li>COLOQUIO INTERNACIONAL &#8211; Vulnerabilidad de los recursos h\u00eddricos en la cuenca Katari, Mi\u00e9rcoles 28 de Marzo del 2018 &#8211; <a href=\"http:\/\/cebem.org\/wp-content\/uploads\/2018\/03\/50an\u0303osBolivia_KATARI_programa1.pdf\" target=\"_blank\" rel=\"noopener\"><strong>Descargar PDF<br \/>\n<\/strong><\/a><\/li>\n<li>COLOQUIO INTERNACIONAL &#8211; Migraciones en y desde Bolivia: cambios, desaf\u00edos y perspectivas, Lunes 2 de Abril del 2018 &#8211; <strong><a href=\"http:\/\/cebem.org\/wp-content\/uploads\/2018\/03\/50an\u0303osBolivia_Migraciones-en-y-desde-Boliva_programav2.pdf\" target=\"_blank\" rel=\"noopener\">Descargar PDF<br \/>\n<\/a><\/strong><\/li>\n<li>Agenda Marzo &#8211; Abril 2018 &#8211; <strong><a href=\"http:\/\/cebem.org\/wp-content\/uploads\/2018\/03\/CALENDARIO_Marzo_Abril_50an\u0303os.pdf\">Descargar PDF<\/a><\/strong><\/li>\n<\/ul>\n<p>&nbsp;<\/p>\n<h4><a href=\"http:\/\/www.bolivia.ird.fr\/toda-la-actualidad\/50-anos-del-ird-en-bolivia\/!los-50-anos-de-cooperacion-del-ird-en-bolivia!-calendario-de-eventos-marzo-abril-2018\" target=\"_blank\" rel=\"noopener\">M\u00e1s informaci\u00f3n<\/a><\/h4>\n","protected":false},"excerpt":{"rendered":"<p>Este a\u00f1o, el IRD celebra 50 a\u00f1os de cooperaci\u00f3n cient\u00edfica con sus socios bolivianos. El IRD est\u00e1 presente en Bolivia desde 1968. Es el \u00fanico establecimiento cient\u00edfico p\u00fablico franc\u00e9s presente en el pa\u00eds. En Bolivia, el IRD realiza programas de investigaci\u00f3n y de capacitaci\u00f3n en estrecha colaboraci\u00f3n con sus socios: universidades, institutos p\u00fablicos, empresas, instituciones &hellip; <\/p>\n<p><a class=\"more-link btn\" href=\"https:\/\/cebem.org\/?p=3253\">Seguir leyendo<\/a><\/p>\n","protected":false},"author":2,"featured_media":3257,"comment_status":"closed","ping_status":"closed","sticky":false,"template":"","format":"standard","meta":{"_jetpack_memberships_contains_paid_content":false,"footnotes":"","jetpack_publicize_message":"Los 50 a\u00f1os de cooperaci\u00f3n del IRD en #Bolivia","jetpack_publicize_feature_enabled":true,"jetpack_social_post_already_shared":true,"jetpack_social_options":{"image_generator_settings":{"template":"highway","default_image_id":0,"font":"","enabled":false},"version":2}},"categories":[34],"tags":[152,13],"class_list":["post-3253","post","type-post","status-publish","format-standard","has-post-thumbnail","hentry","category-eventos","tag-boletin-3-2018","tag-evento","item-wrap"],"jetpack_publicize_connections":[],"jetpack_featured_media_url":"https:\/\/i0.wp.com\/cebem.org\/wp-content\/uploads\/2018\/03\/50-ans-de-l-ird-en-bolivie.png?fit=554%2C380&ssl=1","jetpack_sharing_enabled":true,"_links":{"self":[{"href":"https:\/\/cebem.org\/index.php?rest_route=\/wp\/v2\/posts\/3253","targetHints":{"allow":["GET"]}}],"collection":[{"href":"https:\/\/cebem.org\/index.php?rest_route=\/wp\/v2\/posts"}],"about":[{"href":"https:\/\/cebem.org\/index.php?rest_route=\/wp\/v2\/types\/post"}],"author":[{"embeddable":true,"href":"https:\/\/cebem.org\/index.php?rest_route=\/wp\/v2\/users\/2"}],"replies":[{"embeddable":true,"href":"https:\/\/cebem.org\/index.php?rest_route=%2Fwp%2Fv2%2Fcomments&post=3253"}],"version-history":[{"count":1,"href":"https:\/\/cebem.org\/index.php?rest_route=\/wp\/v2\/posts\/3253\/revisions"}],"predecessor-version":[{"id":3258,"href":"https:\/\/cebem.org\/index.php?rest_route=\/wp\/v2\/posts\/3253\/revisions\/3258"}],"wp:featuredmedia":[{"embeddable":true,"href":"https:\/\/cebem.org\/index.php?rest_route=\/wp\/v2\/media\/3257"}],"wp:attachment":[{"href":"https:\/\/cebem.org\/index.php?rest_route=%2Fwp%2Fv2%2Fmedia&parent=3253"}],"wp:term":[{"taxonomy":"category","embeddable":true,"href":"https:\/\/cebem.org\/index.php?rest_route=%2Fwp%2Fv2%2Fcategories&post=3253"},{"taxonomy":"post_tag","embeddable":true,"href":"https:\/\/cebem.org\/index.php?rest_route=%2Fwp%2Fv2%2Ftags&post=3253"}],"curies":[{"name":"wp","href":"https:\/\/api.w.org\/{rel}","templated":true}]}}