
{"id":3246,"date":"2018-03-22T11:23:41","date_gmt":"2018-03-22T15:23:41","guid":{"rendered":"http:\/\/cebem.org\/?p=3246"},"modified":"2018-03-22T11:23:41","modified_gmt":"2018-03-22T15:23:41","slug":"seminario-internacional-nuevas-desigualdades-urbanas-en-america-latina-conflictos-resistencias-fronteras-y-actores","status":"publish","type":"post","link":"https:\/\/cebem.org\/?p=3246","title":{"rendered":"Seminario internacional NUEVAS DESIGUALDADES URBANAS EN AM\u00c9RICA LATINA CONFLICTOS, RESISTENCIAS, FRONTERAS Y ACTORES"},"content":{"rendered":"<p><a href=\"https:\/\/i0.wp.com\/cebem.org\/wp-content\/uploads\/2018\/03\/7.jpg\"><img data-recalc-dims=\"1\" fetchpriority=\"high\" decoding=\"async\" class=\"aligncenter wp-image-3248\" src=\"https:\/\/i0.wp.com\/cebem.org\/wp-content\/uploads\/2018\/03\/7.jpg?resize=500%2C419\" alt=\"\" width=\"500\" height=\"419\" srcset=\"https:\/\/i0.wp.com\/cebem.org\/wp-content\/uploads\/2018\/03\/7.jpg?w=940&amp;ssl=1 940w, https:\/\/i0.wp.com\/cebem.org\/wp-content\/uploads\/2018\/03\/7.jpg?resize=300%2C251&amp;ssl=1 300w, https:\/\/i0.wp.com\/cebem.org\/wp-content\/uploads\/2018\/03\/7.jpg?resize=768%2C644&amp;ssl=1 768w, https:\/\/i0.wp.com\/cebem.org\/wp-content\/uploads\/2018\/03\/7.jpg?resize=600%2C503&amp;ssl=1 600w\" sizes=\"(max-width: 500px) 100vw, 500px\" \/><\/a><\/p>\n<p><strong>Entre el 23 y 25 de octubre de 2018<\/strong>, se realizar\u00e1 el Seminario CLACSO Santiago 2018\u00a0<strong>\u201cNuevas Desigualdades Urbanas en Am\u00e9rica Latina: Conflictos, Resistencias, Fronteras y Actores\u201d<\/strong>. El encuentro se realizar\u00e1 en la Facultad de Arquitectura y Urbanismo, de la Universidad de Chile, Facultad de Ciencias Sociales de la Universidad Alberto Hurtado y la Facultad de Ciencias Sociales e Historia de la Universidad Diego Portales.<\/p>\n<p>Este seminario m\u00e1s que cuestionarse te\u00f3ricamente las causalidades de las desigualdades entre diferentes grupos socioecon\u00f3micos y distintas escalas territoriales, busca replantear qu\u00e9 es lo nuevo de la desigualdad en la Regi\u00f3n Latinoamericana y del Caribe; qu\u00e9 actores emergen y entran en conflicto; por qu\u00e9 asumir que la desigualdad refleja la consolidaci\u00f3n de un Estado Neoliberal? entre otras problem\u00e1ticas que intentan confrontar las posturas de acad\u00e9micos, estudiantes, comunidades, organizaciones no comunitarias y a todos aquellos que apuestan por una regi\u00f3n m\u00e1s equitativa.<\/p>\n<p>Tres l\u00edneas de investigaci\u00f3n se han planteado para CLACSO 2018, las que suceden como continuidad a los objetivos planteados por el Grupo Desigualdades Urbanas y del esfuerzo para repensar la Regi\u00f3n Latinoamericana y del Caribe, desde la misma regi\u00f3n, con los actores, los acad\u00e9micos, los t\u00e9cnicos, entre otros actores que debatir\u00e1n cr\u00edticamente qu\u00e9 elementos nos vuelven convergentes como regi\u00f3n, y cu\u00e1les nos hacen diferentes.<\/p>\n<p><strong>Cronograma<\/strong><\/p>\n<ul>\n<li>16 de abril de 2018 &#8211; Recepci\u00f3n de res\u00famenes de ponencias<\/li>\n<li>16 de abril al 30 de mayo de 2018 &#8211; Revisi\u00f3n de propuestas de res\u00famenes de los coordinadores de l\u00ednea.<\/li>\n<li>5 de junio de 2018 &#8211; Aceptaci\u00f3n de ponencias y requerimientos para presentaci\u00f3n de art\u00edculos.<\/li>\n<li>15 de septiembre de 2018 &#8211; Recepci\u00f3n final de art\u00edculos para ser publicados<\/li>\n<li>23, 24, 25 de octubre de 2018 &#8211; Desarrollo del seminario<\/li>\n<li>26 de octubre de 2018 &#8211; Salida de campo por la ciudad de Santiago<\/li>\n<\/ul>\n<p>&nbsp;<\/p>\n<p><strong>M\u00e1s informaci\u00f3n<\/strong><\/p>\n<ul>\n<li><a href=\"http:\/\/cebem.org\/wp-content\/uploads\/2018\/03\/CONVOCATORIA_SANTIAGO_CLACSO.pdf\" target=\"_blank\" rel=\"noopener\">Descargar CONVOCATORIA<\/a><\/li>\n<li><strong>Correo seminario:<\/strong> desigualdad.urbanagt@gmail.com<\/li>\n<li><strong>Yasna Contreras Gatica:<\/strong> <a href=\"mailto:ycontrerasg@uchilefau.cl\">ycontrerasg@uchilefau.cl<\/a> ; <strong>WhatsApp:<\/strong> +56994748033<\/li>\n<li><strong>Nicol\u00e1s Montoya:<\/strong> <a href=\"mailto:Nicolas.montoya@ug.uchile.cl\">Nicolas.montoya@ug.uchile.cl<\/a>; <strong>WhatsApp:<\/strong> +56988870959<\/li>\n<li><a href=\"https:\/\/www.facebook.com\/DesigualdadesUrbanas\/\" target=\"_blank\" rel=\"noopener\">Sitio en Facebook<\/a><\/li>\n<\/ul>\n","protected":false},"excerpt":{"rendered":"<p>Entre el 23 y 25 de octubre de 2018, se realizar\u00e1 el Seminario CLACSO Santiago 2018\u00a0\u201cNuevas Desigualdades Urbanas en Am\u00e9rica Latina: Conflictos, Resistencias, Fronteras y Actores\u201d. El encuentro se realizar\u00e1 en la Facultad de Arquitectura y Urbanismo, de la Universidad de Chile, Facultad de Ciencias Sociales de la Universidad Alberto Hurtado y la Facultad de &hellip; <\/p>\n<p><a class=\"more-link btn\" href=\"https:\/\/cebem.org\/?p=3246\">Seguir leyendo<\/a><\/p>\n","protected":false},"author":2,"featured_media":3248,"comment_status":"closed","ping_status":"closed","sticky":false,"template":"","format":"standard","meta":{"_jetpack_memberships_contains_paid_content":false,"footnotes":"","jetpack_publicize_message":"#Seminario internacional NUEVAS DESIGUALDADES URBANAS EN AM\u00c9RICA LATINA CONFLICTOS, RESISTENCIAS, FRONTERAS Y ACTORES","jetpack_publicize_feature_enabled":true,"jetpack_social_post_already_shared":true,"jetpack_social_options":{"image_generator_settings":{"template":"highway","default_image_id":0,"font":"","enabled":false},"version":2}},"categories":[8,34],"tags":[152,19],"class_list":["post-3246","post","type-post","status-publish","format-standard","has-post-thumbnail","hentry","category-convocatorias","category-eventos","tag-boletin-3-2018","tag-seminario","item-wrap"],"jetpack_publicize_connections":[],"jetpack_featured_media_url":"https:\/\/i0.wp.com\/cebem.org\/wp-content\/uploads\/2018\/03\/7.jpg?fit=940%2C788&ssl=1","jetpack_sharing_enabled":true,"_links":{"self":[{"href":"https:\/\/cebem.org\/index.php?rest_route=\/wp\/v2\/posts\/3246","targetHints":{"allow":["GET"]}}],"collection":[{"href":"https:\/\/cebem.org\/index.php?rest_route=\/wp\/v2\/posts"}],"about":[{"href":"https:\/\/cebem.org\/index.php?rest_route=\/wp\/v2\/types\/post"}],"author":[{"embeddable":true,"href":"https:\/\/cebem.org\/index.php?rest_route=\/wp\/v2\/users\/2"}],"replies":[{"embeddable":true,"href":"https:\/\/cebem.org\/index.php?rest_route=%2Fwp%2Fv2%2Fcomments&post=3246"}],"version-history":[{"count":1,"href":"https:\/\/cebem.org\/index.php?rest_route=\/wp\/v2\/posts\/3246\/revisions"}],"predecessor-version":[{"id":3249,"href":"https:\/\/cebem.org\/index.php?rest_route=\/wp\/v2\/posts\/3246\/revisions\/3249"}],"wp:featuredmedia":[{"embeddable":true,"href":"https:\/\/cebem.org\/index.php?rest_route=\/wp\/v2\/media\/3248"}],"wp:attachment":[{"href":"https:\/\/cebem.org\/index.php?rest_route=%2Fwp%2Fv2%2Fmedia&parent=3246"}],"wp:term":[{"taxonomy":"category","embeddable":true,"href":"https:\/\/cebem.org\/index.php?rest_route=%2Fwp%2Fv2%2Fcategories&post=3246"},{"taxonomy":"post_tag","embeddable":true,"href":"https:\/\/cebem.org\/index.php?rest_route=%2Fwp%2Fv2%2Ftags&post=3246"}],"curies":[{"name":"wp","href":"https:\/\/api.w.org\/{rel}","templated":true}]}}