
{"id":3172,"date":"2018-03-01T06:54:43","date_gmt":"2018-03-01T10:54:43","guid":{"rendered":"http:\/\/cebem.org\/?p=3172"},"modified":"2018-03-01T06:54:43","modified_gmt":"2018-03-01T10:54:43","slug":"vii-congreso-internacional-de-agroecologia","status":"publish","type":"post","link":"https:\/\/cebem.org\/?p=3172","title":{"rendered":"VII Congreso Internacional de Agroecolog\u00eda"},"content":{"rendered":"<p align=\"center\"><a href=\"https:\/\/i0.wp.com\/cebem.org\/wp-content\/uploads\/2018\/03\/logo-agroeco.jpg\"><img data-recalc-dims=\"1\" fetchpriority=\"high\" decoding=\"async\" class=\"aligncenter wp-image-3173\" src=\"https:\/\/i0.wp.com\/cebem.org\/wp-content\/uploads\/2018\/03\/logo-agroeco-300x195.jpg?resize=401%2C261\" alt=\"\" width=\"401\" height=\"261\" srcset=\"https:\/\/i0.wp.com\/cebem.org\/wp-content\/uploads\/2018\/03\/logo-agroeco.jpg?resize=300%2C195&amp;ssl=1 300w, https:\/\/i0.wp.com\/cebem.org\/wp-content\/uploads\/2018\/03\/logo-agroeco.jpg?resize=768%2C500&amp;ssl=1 768w, https:\/\/i0.wp.com\/cebem.org\/wp-content\/uploads\/2018\/03\/logo-agroeco.jpg?resize=600%2C391&amp;ssl=1 600w, https:\/\/i0.wp.com\/cebem.org\/wp-content\/uploads\/2018\/03\/logo-agroeco.jpg?w=800&amp;ssl=1 800w\" sizes=\"(max-width: 401px) 100vw, 401px\" \/><\/a><\/p>\n<p style=\"text-align: left;\" align=\"center\">C\u00f3rdoba &#8211; Espa\u00f1a, 30, 31 de mayo y 1 de junio de 2018<\/p>\n<p align=\"center\"><strong>ATENCI\u00d3N: SE AMPL\u00cdA EL PLAZO DE RECEPCI\u00d3N DE RES\u00daMENES HASTA EL 2 DE MARZO DE 2018!<\/strong><\/p>\n<p align=\"center\"><b>Organizan:<\/b><\/p>\n<p align=\"center\">Instituto de Sociolog\u00eda y Estudios Campesinos (ISEC) \u2013 Universidad de C\u00f3rdoba<\/p>\n<p align=\"center\">Grupo de Investigaci\u00f3n en Econom\u00eda Ecol\u00f3xica e Agroecolox\u00eda \u2013 Universidad de Vigo<\/p>\n<p align=\"center\">Observatorio de Soberan\u00eda Alimentaria y Agroecolog\u00eda (OSALA)<\/p>\n<p align=\"center\"><u><b>AGROECOLOG\u00cdA Y SOBERAN\u00cdA ALIMENTARIA:<\/b><\/u><\/p>\n<p align=\"center\"><u><b>(re)politizando los sistemas agroalimentarios<\/b><\/u><\/p>\n<p align=\"justify\">Tiempos de crisis ambientales, pol\u00edticas y sociales. Tiempos donde la alimentaci\u00f3n, las tierras y la biodiversidad es acaparada y gobernada por un mercado globalizado. La agroecolog\u00eda, como paradigma cient\u00edfico y como filosof\u00eda de acci\u00f3n, pertenece al campo de las alternativas para construir otros mundos: m\u00e1s sostenibles, m\u00e1s justos, m\u00e1s pr\u00f3ximos a una soberan\u00eda alimentaria.<\/p>\n<p align=\"justify\">Por eso la agroecolog\u00eda no puede ser solo una t\u00e9cnica o un m\u00e9todo de producci\u00f3n a intensificar. Tampoco puede encerrarse en un sello de certificaci\u00f3n para mercados y consumos llamados \u201cecol\u00f3gicos\u201d. Sin embargo, el concepto de \u201cagroecolog\u00eda\u201d empieza a ser cooptado por organizaciones internacionales, instituciones acad\u00e9micas y pol\u00edticas p\u00fablicas que lo utilizan sin alterar el marco (insustentable) de la \u201cglobalizaci\u00f3n alimentaria\u201d. Se pierde su contenido profundo (social, ambiental, pol\u00edtico). Se asume como un proceso t\u00e9cnico y de gesti\u00f3n de nuevos mercados agroalimentarios. En las revistas cient\u00edficas la \u201cagroecolog\u00eda\u201d empieza a ser encerrada en una visi\u00f3n parcial y cada vez m\u00e1s purificada desde la \u201cobjetividad\u201d y la \u201cneutralidad\u201d. La \u201cagroecolog\u00eda cient\u00edfica\u201d se hace cada vez m\u00e1s autorreferencial y alejada de los procesos socioambientales en los que se pelea para defender la vida frente a la agricultura expoliadora del capitalismo.<\/p>\n<h4 align=\"justify\"><a href=\"http:\/\/www.osala-agroecologia.org\/vii-congreso-internacional-de-agroecologia\/\" target=\"_blank\" rel=\"noopener\"><strong>M\u00e1s informaci\u00f3n<\/strong> <\/a><\/h4>\n","protected":false},"excerpt":{"rendered":"<p>C\u00f3rdoba &#8211; Espa\u00f1a, 30, 31 de mayo y 1 de junio de 2018 ATENCI\u00d3N: SE AMPL\u00cdA EL PLAZO DE RECEPCI\u00d3N DE RES\u00daMENES HASTA EL 2 DE MARZO DE 2018! Organizan: Instituto de Sociolog\u00eda y Estudios Campesinos (ISEC) \u2013 Universidad de C\u00f3rdoba Grupo de Investigaci\u00f3n en Econom\u00eda Ecol\u00f3xica e Agroecolox\u00eda \u2013 Universidad de Vigo Observatorio de &hellip; <\/p>\n<p><a class=\"more-link btn\" href=\"https:\/\/cebem.org\/?p=3172\">Seguir leyendo<\/a><\/p>\n","protected":false},"author":2,"featured_media":3173,"comment_status":"closed","ping_status":"closed","sticky":false,"template":"","format":"standard","meta":{"_jetpack_memberships_contains_paid_content":false,"footnotes":"","jetpack_publicize_message":"VII #Congreso Internacional de Agroecolog\u00eda\r\n\r\n#C\u00f3rdoba - #Espa\u00f1a, 30, 31 de mayo y 1 de junio de 2018","jetpack_publicize_feature_enabled":true,"jetpack_social_post_already_shared":true,"jetpack_social_options":{"image_generator_settings":{"template":"highway","default_image_id":0,"font":"","enabled":false},"version":2}},"categories":[34],"tags":[149,15,13],"class_list":["post-3172","post","type-post","status-publish","format-standard","has-post-thumbnail","hentry","category-eventos","tag-boletin-2-2018","tag-congreso","tag-evento","item-wrap"],"jetpack_publicize_connections":[],"jetpack_featured_media_url":"https:\/\/i0.wp.com\/cebem.org\/wp-content\/uploads\/2018\/03\/logo-agroeco.jpg?fit=800%2C521&ssl=1","jetpack_sharing_enabled":true,"_links":{"self":[{"href":"https:\/\/cebem.org\/index.php?rest_route=\/wp\/v2\/posts\/3172","targetHints":{"allow":["GET"]}}],"collection":[{"href":"https:\/\/cebem.org\/index.php?rest_route=\/wp\/v2\/posts"}],"about":[{"href":"https:\/\/cebem.org\/index.php?rest_route=\/wp\/v2\/types\/post"}],"author":[{"embeddable":true,"href":"https:\/\/cebem.org\/index.php?rest_route=\/wp\/v2\/users\/2"}],"replies":[{"embeddable":true,"href":"https:\/\/cebem.org\/index.php?rest_route=%2Fwp%2Fv2%2Fcomments&post=3172"}],"version-history":[{"count":1,"href":"https:\/\/cebem.org\/index.php?rest_route=\/wp\/v2\/posts\/3172\/revisions"}],"predecessor-version":[{"id":3174,"href":"https:\/\/cebem.org\/index.php?rest_route=\/wp\/v2\/posts\/3172\/revisions\/3174"}],"wp:featuredmedia":[{"embeddable":true,"href":"https:\/\/cebem.org\/index.php?rest_route=\/wp\/v2\/media\/3173"}],"wp:attachment":[{"href":"https:\/\/cebem.org\/index.php?rest_route=%2Fwp%2Fv2%2Fmedia&parent=3172"}],"wp:term":[{"taxonomy":"category","embeddable":true,"href":"https:\/\/cebem.org\/index.php?rest_route=%2Fwp%2Fv2%2Fcategories&post=3172"},{"taxonomy":"post_tag","embeddable":true,"href":"https:\/\/cebem.org\/index.php?rest_route=%2Fwp%2Fv2%2Ftags&post=3172"}],"curies":[{"name":"wp","href":"https:\/\/api.w.org\/{rel}","templated":true}]}}