
{"id":3103,"date":"2018-01-31T18:16:02","date_gmt":"2018-01-31T22:16:02","guid":{"rendered":"http:\/\/cebem.org\/?p=3103"},"modified":"2018-01-31T18:16:02","modified_gmt":"2018-01-31T22:16:02","slug":"construyendo-el-compromiso-juvenil-con-la-justicia-climatica","status":"publish","type":"post","link":"https:\/\/cebem.org\/?p=3103","title":{"rendered":"Construyendo el compromiso juvenil con la justicia clim\u00e1tica"},"content":{"rendered":"<p><a href=\"https:\/\/i0.wp.com\/cebem.org\/wp-content\/uploads\/2018\/01\/climact.png\"><img data-recalc-dims=\"1\" fetchpriority=\"high\" decoding=\"async\" class=\"aligncenter wp-image-3104\" src=\"https:\/\/i0.wp.com\/cebem.org\/wp-content\/uploads\/2018\/01\/climact-300x128.png?resize=400%2C170\" alt=\"\" width=\"400\" height=\"170\" srcset=\"https:\/\/i0.wp.com\/cebem.org\/wp-content\/uploads\/2018\/01\/climact.png?resize=300%2C128&amp;ssl=1 300w, https:\/\/i0.wp.com\/cebem.org\/wp-content\/uploads\/2018\/01\/climact.png?resize=768%2C327&amp;ssl=1 768w, https:\/\/i0.wp.com\/cebem.org\/wp-content\/uploads\/2018\/01\/climact.png?resize=1024%2C436&amp;ssl=1 1024w, https:\/\/i0.wp.com\/cebem.org\/wp-content\/uploads\/2018\/01\/climact.png?resize=600%2C255&amp;ssl=1 600w, https:\/\/i0.wp.com\/cebem.org\/wp-content\/uploads\/2018\/01\/climact.png?w=1375&amp;ssl=1 1375w\" sizes=\"(max-width: 400px) 100vw, 400px\" \/><\/a>En el \u00faltimo a\u00f1o, el proyecto internacional Clim&#8217;Act ha puesto en marcha numerosas actividades dirigidas al capacity building juveniles y la sensibilizaci\u00f3n sobre el cambio clim\u00e1tico: un\u00a0<strong><a href=\"https:\/\/youtu.be\/e6W6ZHVJhuA\" target=\"_blank\" rel=\"noopener\">campamento clim\u00e1tico<\/a><\/strong>, al lo cual asistieron j\u00f3venes y profesionales de diez nacionalidades diferentes, que participaron a los talleres, charlas y actividades nocturnas con invitados de fama internacional; una\u00a0<a href=\"http:\/\/campaign.youthforclimate.net\/es\/\" target=\"_blank\" rel=\"noopener\"><strong>campa\u00f1a<\/strong><\/a><strong>\u00a0<\/strong>juvenil con eventos de difusi\u00f3n en Bulgaria, Italia, Ecuador y Nigeria; otras actividades de campo y en l\u00ednea, como recopilar y difundir\u00a0<a href=\"http:\/\/campaign.youthforclimate.net\/es\/2017\/11\/15\/testimonianze\/\" target=\"_blank\" rel=\"noopener\"><strong>historias personales<\/strong><\/a>\u00a0sobre los impactos del cambio clim\u00e1tico en todo el mundo, materiales y estudios sobre el cambio clim\u00e1tico y diseminaci\u00f3n de datos e informaci\u00f3n sobre el tema.<\/p>\n<p>En nuestra\u00a0<strong><a href=\"http:\/\/youthforclimate.net\/es\/\" target=\"_blank\" rel=\"noopener\">pagina web<\/a><\/strong>\u00a0puede encontrar una secci\u00f3n dedicada a herramientas para el fortalecimiento de las capacidades de los j\u00f3venes en campa\u00f1a de informacion sobre cambio climatico. Los educadores, facilitadores, capacitadores, j\u00f3venes, trabajadores juveniles y ciudadanos activos pueden usar libremente, difundir, adaptar o reproducir los<strong> <a href=\"http:\/\/training.youthforclimate.net\/es\/\" target=\"_blank\" rel=\"noopener\">contenidos educativos<\/a><\/strong>, los videos, las\u00a0<strong><a href=\"http:\/\/youthforclimate.net\/es\/blog\/2017\/06\/06\/climact-camp\/\" target=\"_blank\" rel=\"noopener\">entrevistas<\/a><\/strong>\u00a0y muchos otros materiales.<\/p>\n<h4>Visita el\u00a0<strong><a href=\"http:\/\/youthforclimate.net\/es\/\" target=\"_blank\" rel=\"noopener\">sitio web<\/a><\/strong>\u00a0del proyecto!<\/h4>\n","protected":false},"excerpt":{"rendered":"<p>En el \u00faltimo a\u00f1o, el proyecto internacional Clim&#8217;Act ha puesto en marcha numerosas actividades dirigidas al capacity building juveniles y la sensibilizaci\u00f3n sobre el cambio clim\u00e1tico: un\u00a0campamento clim\u00e1tico, al lo cual asistieron j\u00f3venes y profesionales de diez nacionalidades diferentes, que participaron a los talleres, charlas y actividades nocturnas con invitados de fama internacional; una\u00a0campa\u00f1a\u00a0juvenil con &hellip; <\/p>\n<p><a class=\"more-link btn\" href=\"https:\/\/cebem.org\/?p=3103\">Seguir leyendo<\/a><\/p>\n","protected":false},"author":2,"featured_media":3104,"comment_status":"closed","ping_status":"closed","sticky":false,"template":"","format":"standard","meta":{"_jetpack_memberships_contains_paid_content":false,"footnotes":"","jetpack_publicize_message":"Construyendo el compromiso juvenil con la justicia #clim\u00e1tica","jetpack_publicize_feature_enabled":true,"jetpack_social_post_already_shared":true,"jetpack_social_options":{"image_generator_settings":{"template":"highway","default_image_id":0,"font":"","enabled":false},"version":2}},"categories":[1],"tags":[146,60,148],"class_list":["post-3103","post","type-post","status-publish","format-standard","has-post-thumbnail","hentry","category-noticias","tag-boletin-1-2018","tag-cambio-climatico","tag-clima","item-wrap"],"jetpack_publicize_connections":[],"jetpack_featured_media_url":"https:\/\/i0.wp.com\/cebem.org\/wp-content\/uploads\/2018\/01\/climact.png?fit=1375%2C585&ssl=1","jetpack_sharing_enabled":true,"_links":{"self":[{"href":"https:\/\/cebem.org\/index.php?rest_route=\/wp\/v2\/posts\/3103","targetHints":{"allow":["GET"]}}],"collection":[{"href":"https:\/\/cebem.org\/index.php?rest_route=\/wp\/v2\/posts"}],"about":[{"href":"https:\/\/cebem.org\/index.php?rest_route=\/wp\/v2\/types\/post"}],"author":[{"embeddable":true,"href":"https:\/\/cebem.org\/index.php?rest_route=\/wp\/v2\/users\/2"}],"replies":[{"embeddable":true,"href":"https:\/\/cebem.org\/index.php?rest_route=%2Fwp%2Fv2%2Fcomments&post=3103"}],"version-history":[{"count":1,"href":"https:\/\/cebem.org\/index.php?rest_route=\/wp\/v2\/posts\/3103\/revisions"}],"predecessor-version":[{"id":3105,"href":"https:\/\/cebem.org\/index.php?rest_route=\/wp\/v2\/posts\/3103\/revisions\/3105"}],"wp:featuredmedia":[{"embeddable":true,"href":"https:\/\/cebem.org\/index.php?rest_route=\/wp\/v2\/media\/3104"}],"wp:attachment":[{"href":"https:\/\/cebem.org\/index.php?rest_route=%2Fwp%2Fv2%2Fmedia&parent=3103"}],"wp:term":[{"taxonomy":"category","embeddable":true,"href":"https:\/\/cebem.org\/index.php?rest_route=%2Fwp%2Fv2%2Fcategories&post=3103"},{"taxonomy":"post_tag","embeddable":true,"href":"https:\/\/cebem.org\/index.php?rest_route=%2Fwp%2Fv2%2Ftags&post=3103"}],"curies":[{"name":"wp","href":"https:\/\/api.w.org\/{rel}","templated":true}]}}