
{"id":3098,"date":"2018-01-31T22:00:16","date_gmt":"2018-02-01T02:00:16","guid":{"rendered":"http:\/\/cebem.org\/?p=3098"},"modified":"2018-01-31T19:17:03","modified_gmt":"2018-01-31T23:17:03","slug":"curso-de-diseno-metodologico-y-facilitacion-participativa-con-la-metodologia-internacional-visualizacion-en-programas-participativos-vipp","status":"publish","type":"post","link":"https:\/\/cebem.org\/?p=3098","title":{"rendered":"Curso de Dise\u00f1o Metodol\u00f3gico y Facilitaci\u00f3n Participativa con la  Metodolog\u00eda Internacional \u201cVisualizaci\u00f3n en Programas Participativos\u201d (VIPP)"},"content":{"rendered":"<p><strong><a href=\"https:\/\/i0.wp.com\/cebem.org\/wp-content\/uploads\/2018\/01\/Cursos_Abiertos_2018.png\"><img data-recalc-dims=\"1\" fetchpriority=\"high\" decoding=\"async\" class=\"aligncenter wp-image-3099\" src=\"https:\/\/i0.wp.com\/cebem.org\/wp-content\/uploads\/2018\/01\/Cursos_Abiertos_2018-300x178.png?resize=500%2C296\" alt=\"\" width=\"500\" height=\"296\" srcset=\"https:\/\/i0.wp.com\/cebem.org\/wp-content\/uploads\/2018\/01\/Cursos_Abiertos_2018.png?resize=300%2C178&amp;ssl=1 300w, https:\/\/i0.wp.com\/cebem.org\/wp-content\/uploads\/2018\/01\/Cursos_Abiertos_2018.png?resize=768%2C455&amp;ssl=1 768w, https:\/\/i0.wp.com\/cebem.org\/wp-content\/uploads\/2018\/01\/Cursos_Abiertos_2018.png?resize=600%2C355&amp;ssl=1 600w, https:\/\/i0.wp.com\/cebem.org\/wp-content\/uploads\/2018\/01\/Cursos_Abiertos_2018.png?w=785&amp;ssl=1 785w\" sizes=\"(max-width: 500px) 100vw, 500px\" \/><\/a>La Paz &#8211; Bolivia, 27 de febrero al 2 de marzo 2018<\/strong><br \/>\n<strong>Quito &#8211; Ecuador, 6 al 9 de marzo 2018<\/strong><\/p>\n<p class=\"Estilo24\" style=\"text-align: left;\" align=\"center\">Este curso le brinda la oportunidad de profundizar su conocimiento sobre dise\u00f1o metodol\u00f3gico y facilitaci\u00f3n participativa adem\u00e1s de enriquecer su repertorio de metodolog\u00edas con t\u00e9cnicas innovadoras y creativas que le permitir\u00e1n planificar y facilitar eventos \u00fanicos.<\/p>\n<p class=\"Estilo24\" style=\"text-align: left;\" align=\"center\">Fundamentado en la metodolog\u00eda \u201cVisualizaci\u00f3n en Programas Participativos\u201d, con m\u00e1s de 40 a\u00f1os de trayectoria internacional, el curso ofrece un perfecto balance entre teor\u00eda y pr\u00e1ctica y garantiza un aprendizaje personalizado en peque\u00f1os grupos.<\/p>\n<p class=\"Estilo24\" style=\"text-align: left;\" align=\"center\">Para consultar sobre cursos para su organizaci\u00f3n o para participar en los cursos abiertos 2018 por favor comunicarse con:<\/p>\n<p class=\"Estilo24\" style=\"text-align: left;\" align=\"center\"><strong>Yasmin Jalil<\/strong><br \/>\n<strong>Escuela Permanente de Facilitaci\u00f3n<\/strong><br \/>\n<strong>Grupo Consultor Estrategias Visuales Participativas<\/strong><br \/>\n<a href=\"mailto:yasmin.jalil.moreno@gmail.com\">yasmin.jalil.moreno@gmail.com<\/a><br \/>\n<a href=\"mailto:slarream@gmail.com\" target=\"_blank\" rel=\"noopener\">slarream@gmail.com<\/a><br \/>\n<a href=\"mailto:escuela.facilitacion@gmail.com\" target=\"_blank\" rel=\"noopener\">escuela.facilitacion@gmail.com<\/a><br \/>\nTel\u00e9fonos en Ecuador: +593-995148552 &#8211; +593-991831555<br \/>\nskype: yasmin.jalil.moreno<\/p>\n<h4 style=\"text-align: left;\" align=\"center\"><a href=\"http:\/\/cebem.org\/boletin\/2018\/grupo_consultor_1\/boletin.html\" target=\"_blank\" rel=\"noopener\"><strong>M\u00e1s informaci\u00f3n<\/strong><\/a><\/h4>\n","protected":false},"excerpt":{"rendered":"<p>La Paz &#8211; Bolivia, 27 de febrero al 2 de marzo 2018 Quito &#8211; Ecuador, 6 al 9 de marzo 2018 Este curso le brinda la oportunidad de profundizar su conocimiento sobre dise\u00f1o metodol\u00f3gico y facilitaci\u00f3n participativa adem\u00e1s de enriquecer su repertorio de metodolog\u00edas con t\u00e9cnicas innovadoras y creativas que le permitir\u00e1n planificar y facilitar &hellip; <\/p>\n<p><a class=\"more-link btn\" href=\"https:\/\/cebem.org\/?p=3098\">Seguir leyendo<\/a><\/p>\n","protected":false},"author":2,"featured_media":3099,"comment_status":"closed","ping_status":"closed","sticky":false,"template":"","format":"standard","meta":{"_jetpack_memberships_contains_paid_content":false,"footnotes":"","jetpack_publicize_message":"#Curso de Dise\u00f1o Metodol\u00f3gico y Facilitaci\u00f3n Participativa con la  Metodolog\u00eda Internacional \u201cVisualizaci\u00f3n en Programas Participativos\u201d (VIPP)\r\n\r\nLa Paz - #Bolivia, 27 de febrero al 2 de marzo 2018\r\nQuito - #Ecuador, 6 al 9 de marzo 2018","jetpack_publicize_feature_enabled":true,"jetpack_social_post_already_shared":true,"jetpack_social_options":{"image_generator_settings":{"template":"highway","default_image_id":0,"font":"","enabled":false},"version":2}},"categories":[10],"tags":[146,38],"class_list":["post-3098","post","type-post","status-publish","format-standard","has-post-thumbnail","hentry","category-otros-cursos","tag-boletin-1-2018","tag-curso","item-wrap"],"jetpack_publicize_connections":[],"jetpack_featured_media_url":"https:\/\/i0.wp.com\/cebem.org\/wp-content\/uploads\/2018\/01\/Cursos_Abiertos_2018.png?fit=785%2C465&ssl=1","jetpack_sharing_enabled":true,"_links":{"self":[{"href":"https:\/\/cebem.org\/index.php?rest_route=\/wp\/v2\/posts\/3098","targetHints":{"allow":["GET"]}}],"collection":[{"href":"https:\/\/cebem.org\/index.php?rest_route=\/wp\/v2\/posts"}],"about":[{"href":"https:\/\/cebem.org\/index.php?rest_route=\/wp\/v2\/types\/post"}],"author":[{"embeddable":true,"href":"https:\/\/cebem.org\/index.php?rest_route=\/wp\/v2\/users\/2"}],"replies":[{"embeddable":true,"href":"https:\/\/cebem.org\/index.php?rest_route=%2Fwp%2Fv2%2Fcomments&post=3098"}],"version-history":[{"count":1,"href":"https:\/\/cebem.org\/index.php?rest_route=\/wp\/v2\/posts\/3098\/revisions"}],"predecessor-version":[{"id":3100,"href":"https:\/\/cebem.org\/index.php?rest_route=\/wp\/v2\/posts\/3098\/revisions\/3100"}],"wp:featuredmedia":[{"embeddable":true,"href":"https:\/\/cebem.org\/index.php?rest_route=\/wp\/v2\/media\/3099"}],"wp:attachment":[{"href":"https:\/\/cebem.org\/index.php?rest_route=%2Fwp%2Fv2%2Fmedia&parent=3098"}],"wp:term":[{"taxonomy":"category","embeddable":true,"href":"https:\/\/cebem.org\/index.php?rest_route=%2Fwp%2Fv2%2Fcategories&post=3098"},{"taxonomy":"post_tag","embeddable":true,"href":"https:\/\/cebem.org\/index.php?rest_route=%2Fwp%2Fv2%2Ftags&post=3098"}],"curies":[{"name":"wp","href":"https:\/\/api.w.org\/{rel}","templated":true}]}}