
{"id":2967,"date":"2017-12-13T12:13:17","date_gmt":"2017-12-13T16:13:17","guid":{"rendered":"http:\/\/cebem.org\/?p=2967"},"modified":"2017-12-13T12:13:17","modified_gmt":"2017-12-13T16:13:17","slug":"el-sistema-agroalimentario-en-bolivia-y-su-impacto-en-la-alimentacion-y-nutricion-analisis-de-situacion-2005-2015","status":"publish","type":"post","link":"https:\/\/cebem.org\/?p=2967","title":{"rendered":"El sistema agroalimentario en Bolivia y su impacto en la alimentaci\u00f3n y nutrici\u00f3n. (An\u00e1lisis de situaci\u00f3n 2005-2015)"},"content":{"rendered":"<p><strong><a href=\"https:\/\/i0.wp.com\/cebem.org\/wp-content\/uploads\/2017\/12\/El-sistema-agroalimentario-en-Bolivia-2005-2015_Pagina_01.jpg\"><img data-recalc-dims=\"1\" fetchpriority=\"high\" decoding=\"async\" class=\"aligncenter size-medium wp-image-2968\" src=\"https:\/\/i0.wp.com\/cebem.org\/wp-content\/uploads\/2017\/12\/El-sistema-agroalimentario-en-Bolivia-2005-2015_Pagina_01-238x300.jpg?resize=238%2C300\" alt=\"\" width=\"238\" height=\"300\" srcset=\"https:\/\/i0.wp.com\/cebem.org\/wp-content\/uploads\/2017\/12\/El-sistema-agroalimentario-en-Bolivia-2005-2015_Pagina_01.jpg?resize=238%2C300&amp;ssl=1 238w, https:\/\/i0.wp.com\/cebem.org\/wp-content\/uploads\/2017\/12\/El-sistema-agroalimentario-en-Bolivia-2005-2015_Pagina_01.jpg?resize=768%2C969&amp;ssl=1 768w, https:\/\/i0.wp.com\/cebem.org\/wp-content\/uploads\/2017\/12\/El-sistema-agroalimentario-en-Bolivia-2005-2015_Pagina_01.jpg?resize=600%2C757&amp;ssl=1 600w, https:\/\/i0.wp.com\/cebem.org\/wp-content\/uploads\/2017\/12\/El-sistema-agroalimentario-en-Bolivia-2005-2015_Pagina_01.jpg?w=800&amp;ssl=1 800w\" sizes=\"(max-width: 238px) 100vw, 238px\" \/><\/a>Por:<\/strong> Julio Prudencio B\u00f6hrt, Economista, boliviano <a href=\"mailto:JPrudencio@megalink.com\">JPrudencio@megalink.com<\/a><\/p>\n<p>El estudio sobre el Sistema Agroalimentario en Bolivia forma parte de una serie de estudios e investigaciones que realiza el autor, en el que se abordan aspectos fundamentales de la cuesti\u00f3n agroalimentaria.<\/p>\n<p>En este momento de profundas transformaciones sociopol\u00edticas y econ\u00f3micas, el tema de an\u00e1lisis escogido sobre la evoluci\u00f3n del sistema agroalimentario en Bolivia en los 10 \u00faltimos a\u00f1os resulta muy oportuno, no s\u00f3lo porque permite describir y analizar la relaci\u00f3n entre los planteamientos te\u00f3ricos de las pol\u00edticas y su real implementaci\u00f3n, sino tambi\u00e9n las repercusiones que tienen en los aspectos productivos, en el comercio exterior, en el presupuesto familiar, en el medio ambiente, y sobre todo en la alimentaci\u00f3n y nutrici\u00f3n de la poblaci\u00f3n.<\/p>\n<p>En la investigaci\u00f3n se considera la evoluci\u00f3n de la estructura productiva en t\u00e9rminos de la producci\u00f3n agr\u00edcola de alimentos, los rendimientos productivos, la productividad laboral por regiones, las semillas y los insumos. Se hace \u00e9nfasis tambi\u00e9n en el rol que est\u00e1n desempe\u00f1ando las recientes empresas p\u00fablicas de alimentos creadas por el Estado.<\/p>\n<p>Tambi\u00e9n es analizado el rol del comercio exterior (exportaciones e importaciones) en t\u00e9rminos de su impacto en la producci\u00f3n interna de alimentos como tambi\u00e9n en la diversidad de alimentos de procedencia extranjera, lo que induce al an\u00e1lisis de la disponibilidad de alimentos y de nutrientes por persona, y sus consecuencias en la salud humana.<\/p>\n<p>El estudio se basa en una amplia recopilaci\u00f3n bibliogr\u00e1fica y en estad\u00edsticas oficiales, acompa\u00f1ado por estudios de caso que ejemplifican mejor la situaci\u00f3n alimentaria nutricional.<\/p>\n<h4><a href=\"http:\/\/cebem.org\/wp-content\/uploads\/2017\/12\/El-sistema-agroalimentario-en-Bolivia-2005-2015.pdf\" target=\"_blank\" rel=\"noopener\">Descargar documento<\/a><\/h4>\n","protected":false},"excerpt":{"rendered":"<p>Por: Julio Prudencio B\u00f6hrt, Economista, boliviano JPrudencio@megalink.com El estudio sobre el Sistema Agroalimentario en Bolivia forma parte de una serie de estudios e investigaciones que realiza el autor, en el que se abordan aspectos fundamentales de la cuesti\u00f3n agroalimentaria. En este momento de profundas transformaciones sociopol\u00edticas y econ\u00f3micas, el tema de an\u00e1lisis escogido sobre la &hellip; <\/p>\n<p><a class=\"more-link btn\" href=\"https:\/\/cebem.org\/?p=2967\">Seguir leyendo<\/a><\/p>\n","protected":false},"author":2,"featured_media":2968,"comment_status":"closed","ping_status":"closed","sticky":false,"template":"","format":"standard","meta":{"_jetpack_memberships_contains_paid_content":false,"footnotes":"","jetpack_publicize_message":"#LecturaRecomendada\r\nEl sistema agroalimentario en Bolivia y su impacto en la alimentaci\u00f3n y nutrici\u00f3n. (An\u00e1lisis de situaci\u00f3n 2005-2015)","jetpack_publicize_feature_enabled":true,"jetpack_social_post_already_shared":true,"jetpack_social_options":{"image_generator_settings":{"template":"highway","default_image_id":0,"font":"","enabled":false},"version":2}},"categories":[7],"tags":[142,74],"class_list":["post-2967","post","type-post","status-publish","format-standard","has-post-thumbnail","hentry","category-otras-publicaciones","tag-boletin-9-2017","tag-libro","item-wrap"],"jetpack_publicize_connections":[],"jetpack_featured_media_url":"https:\/\/i0.wp.com\/cebem.org\/wp-content\/uploads\/2017\/12\/El-sistema-agroalimentario-en-Bolivia-2005-2015_Pagina_01.jpg?fit=800%2C1009&ssl=1","jetpack_sharing_enabled":true,"_links":{"self":[{"href":"https:\/\/cebem.org\/index.php?rest_route=\/wp\/v2\/posts\/2967","targetHints":{"allow":["GET"]}}],"collection":[{"href":"https:\/\/cebem.org\/index.php?rest_route=\/wp\/v2\/posts"}],"about":[{"href":"https:\/\/cebem.org\/index.php?rest_route=\/wp\/v2\/types\/post"}],"author":[{"embeddable":true,"href":"https:\/\/cebem.org\/index.php?rest_route=\/wp\/v2\/users\/2"}],"replies":[{"embeddable":true,"href":"https:\/\/cebem.org\/index.php?rest_route=%2Fwp%2Fv2%2Fcomments&post=2967"}],"version-history":[{"count":1,"href":"https:\/\/cebem.org\/index.php?rest_route=\/wp\/v2\/posts\/2967\/revisions"}],"predecessor-version":[{"id":2970,"href":"https:\/\/cebem.org\/index.php?rest_route=\/wp\/v2\/posts\/2967\/revisions\/2970"}],"wp:featuredmedia":[{"embeddable":true,"href":"https:\/\/cebem.org\/index.php?rest_route=\/wp\/v2\/media\/2968"}],"wp:attachment":[{"href":"https:\/\/cebem.org\/index.php?rest_route=%2Fwp%2Fv2%2Fmedia&parent=2967"}],"wp:term":[{"taxonomy":"category","embeddable":true,"href":"https:\/\/cebem.org\/index.php?rest_route=%2Fwp%2Fv2%2Fcategories&post=2967"},{"taxonomy":"post_tag","embeddable":true,"href":"https:\/\/cebem.org\/index.php?rest_route=%2Fwp%2Fv2%2Ftags&post=2967"}],"curies":[{"name":"wp","href":"https:\/\/api.w.org\/{rel}","templated":true}]}}