
{"id":2956,"date":"2017-12-12T17:42:09","date_gmt":"2017-12-12T21:42:09","guid":{"rendered":"http:\/\/cebem.org\/?p=2956"},"modified":"2017-12-12T17:44:50","modified_gmt":"2017-12-12T21:44:50","slug":"xv-seminario-internacional-de-la-rii-crisis-y-desigualdad-impactos-urbanos-y-territoriales-en-iberoamerica","status":"publish","type":"post","link":"https:\/\/cebem.org\/?p=2956","title":{"rendered":"XV Seminario Internacional de la RII: \u201cCrisis y Desigualdad: Impactos Urbanos y Territoriales en Iberoam\u00e9rica\u201d"},"content":{"rendered":"<h4><strong><a href=\"https:\/\/i0.wp.com\/cebem.org\/wp-content\/uploads\/2017\/12\/Imagen-RII-web-v3.jpg\"><img data-recalc-dims=\"1\" fetchpriority=\"high\" decoding=\"async\" class=\"aligncenter wp-image-2957\" src=\"https:\/\/i0.wp.com\/cebem.org\/wp-content\/uploads\/2017\/12\/Imagen-RII-web-v3-300x135.jpg?resize=600%2C270\" alt=\"\" width=\"600\" height=\"270\" srcset=\"https:\/\/i0.wp.com\/cebem.org\/wp-content\/uploads\/2017\/12\/Imagen-RII-web-v3.jpg?resize=300%2C135&amp;ssl=1 300w, https:\/\/i0.wp.com\/cebem.org\/wp-content\/uploads\/2017\/12\/Imagen-RII-web-v3.jpg?resize=768%2C346&amp;ssl=1 768w, https:\/\/i0.wp.com\/cebem.org\/wp-content\/uploads\/2017\/12\/Imagen-RII-web-v3.jpg?w=1024&amp;ssl=1 1024w, https:\/\/i0.wp.com\/cebem.org\/wp-content\/uploads\/2017\/12\/Imagen-RII-web-v3.jpg?resize=600%2C270&amp;ssl=1 600w\" sizes=\"(max-width: 600px) 100vw, 600px\" \/><\/a>Santiago, Chile. 28 &#8211; 30 de noviembre de 2018<\/strong><\/h4>\n<p><strong>ANTECEDENTES<\/strong><\/p>\n<p>La <strong>Red Iberoamericana de Investigadores sobre Globalizaci\u00f3n y Territorio<\/strong> (RII) fue creada por un grupo de investigadores participantes en un seminario realizado en 1994 en la Ciudad de Pereira (Colombia), animados por el prop\u00f3sito de dar continuidad y ampliar el estudio y el an\u00e1lisis de las transformaciones territoriales y urbanas que se estaban produciendo bajo el impacto del proceso de globalizaci\u00f3n en diversos pa\u00edses iberoamericanos. Desde entonces, incluyendo el evento fundacional, la RII ha realizado catorce seminarios internacionales los cuales se llevaron a cabo en Pereira (Colombia, 1994); <a href=\"https:\/\/maps.google.com\/?q=Santiago+de+Chile+(Chile,+1995);+La+R%C3%A1bida&amp;entry=gmail&amp;source=g\" target=\"_blank\" rel=\"noopener\"><strong>Santiago de Chile (Chile, 1995); La R\u00e1bida<\/strong><\/a> (Espa\u00f1a, 1996); Bogot\u00e1 (Colombia, 1998); Toluca (M\u00e9xico, 1999); Rosario (Argentina, 2001); Camag\u00fcey, (Cuba, 2002); R\u00edo de Janeiro (Brasil, 2004); Bah\u00eda Blanca (Argentina, 2006); Quer\u00e9taro (M\u00e9xico, 2008); Mendoza (Argentina, 2010); Belo Horizonte (Brasil, 2012); Salvador de Bah\u00eda (Brasil, 2014) y <a href=\"https:\/\/maps.google.com\/?q=Monterrey+(M%C3%A9xico,+2016&amp;entry=gmail&amp;source=g\" target=\"_blank\" rel=\"noopener\"><strong>Monterrey (M\u00e9xico, 2016)<\/strong><\/a>.<\/p>\n<p><strong>XV SEMINARIO INTERNACIONAL DE LA RII<\/strong><\/p>\n<p>Con el prop\u00f3sito de dar continuidad a este proceso, se decidi\u00f3 convocar al XV Seminario Internacional de la RII, el cual tendr\u00e1 como sede al Instituto de Estudios Urbanos y Territoriales de la Facultad de Arquitectura, Dise\u00f1o y Estudios Urbanos de la Pontificia Universidad Cat\u00f3lica de Chile, en Santiago, Chile, del 28 al 30 de noviembre de diciembre de 2018. La Agenda que se pretende discutir es considerar las transformaciones globales y sus efectos sobre nuestras realidades espec\u00edficas, como base para plantear y analizar los principales problemas territoriales y urbanos,<\/p>\n<p><strong>EJES Y GRUPOS TEM\u00c1TICOS<\/strong><\/p>\n<p><strong>Primer grupo:<\/strong><\/p>\n<p><strong>Restructuraci\u00f3n econ\u00f3mica global y transformaciones productivas: impactos territoriales y ambientales<\/strong><\/p>\n<ul>\n<li>Re-primarizaci\u00f3n econ\u00f3mica y territorio. El rol de los recursos naturales en la dimensi\u00f3n territorial del desarrollo.<\/li>\n<li>Inserci\u00f3n de los territorios en las cadenas de valor globales.<\/li>\n<li>Nuevos escenarios productivos vinculados a la re-industrializaci\u00f3n, modernizaci\u00f3n manufacturera y tecnol\u00f3gica.<\/li>\n<li>Impactos territoriales de la reestructuraci\u00f3n financiera y nuevas estrategias organizativas y espaciales de las empresas industriales.<\/li>\n<\/ul>\n<p><strong>Segundo grupo:<\/strong><\/p>\n<p><strong>Globalizaci\u00f3n, financiarizaci\u00f3n, crisis global, nueva geograf\u00eda de la urbanizaci\u00f3n y metamorfosis urbana<\/strong><\/p>\n<ul>\n<li>Globalizaci\u00f3n, financiarizaci\u00f3n, crisis global y metamorfosis urbana.<\/li>\n<li>Conectividad y movilidad, redes urbanas, competitividad urbana, acumulaci\u00f3n y crecimiento urbano.<\/li>\n<li>Inversiones, negocios inmobiliarios y mercantilizaci\u00f3n de la producci\u00f3n del espacio urbano.<\/li>\n<li>Nuevas modalidades de planificaci\u00f3n, gesti\u00f3n y\/o gobernanza urbana.<\/li>\n<\/ul>\n<p><strong>Tercer grupo:<\/strong><\/p>\n<p><strong>Desigualdades socio \u2013 territoriales en el proceso de urbanizaci\u00f3n. \u00bfNuevos enfoques para viejos temas?<\/strong><\/p>\n<ul>\n<li>Desigualdades, violencia urbana, fragmentaci\u00f3n y segregaci\u00f3n urbanas.<\/li>\n<li>Transformaci\u00f3n del mercado del trabajo urbano y sus efectos socio \u2013 territoriales.<\/li>\n<li>Migraciones, culturas urbanas, convivencia y exclusi\u00f3n socio-territorial.<\/li>\n<li>Derecho a la ciudad, movimientos sociales y grupos reivindicativos.<\/li>\n<\/ul>\n<p>&nbsp;<\/p>\n<p><strong>FECHAS IMPORTANTES<\/strong><\/p>\n<p>Plazo para la presentaci\u00f3n de res\u00famenes: <strong>15 de enero de 2018.<\/strong><\/p>\n<p>Realizaci\u00f3n del Seminario: del 28 al 30 de noviembre de 2018.<\/p>\n<p>&nbsp;<\/p>\n<h4><strong>CONTACTO<\/strong><\/h4>\n<h4>Mayor Informaci\u00f3n, env\u00edo de propuestas e inscripciones:<\/h4>\n<h4>Correo electr\u00f3nico: <a href=\"mailto:contacto@seminariorii.com\">contacto@seminariorii.com<\/a><\/h4>\n<h4>Sitio: <a href=\"http:\/\/www.seminariorii.com\/\" target=\"_blank\" rel=\"noopener\">www.seminariorii.com<\/a><\/h4>\n<h4>Convocatoria: <a href=\"http:\/\/cebem.org\/wp-content\/uploads\/2017\/12\/RII-Santiago-2018-Convocatoria-Extensa.pdf\" target=\"_blank\" rel=\"noopener\">Descargar en PDF<\/a><\/h4>\n","protected":false},"excerpt":{"rendered":"<p>Santiago, Chile. 28 &#8211; 30 de noviembre de 2018 ANTECEDENTES La Red Iberoamericana de Investigadores sobre Globalizaci\u00f3n y Territorio (RII) fue creada por un grupo de investigadores participantes en un seminario realizado en 1994 en la Ciudad de Pereira (Colombia), animados por el prop\u00f3sito de dar continuidad y ampliar el estudio y el an\u00e1lisis de &hellip; <\/p>\n<p><a class=\"more-link btn\" href=\"https:\/\/cebem.org\/?p=2956\">Seguir leyendo<\/a><\/p>\n","protected":false},"author":2,"featured_media":2957,"comment_status":"closed","ping_status":"closed","sticky":false,"template":"","format":"standard","meta":{"_jetpack_memberships_contains_paid_content":false,"footnotes":"","jetpack_publicize_message":"XV #Seminario Internacional de la RII: \u201cCrisis y Desigualdad: Impactos Urbanos y Territoriales en Iberoam\u00e9rica\u201d\r\n\r\nSantiago, #Chile. 28 - 30 de noviembre de 2018","jetpack_publicize_feature_enabled":true,"jetpack_social_post_already_shared":true,"jetpack_social_options":{"image_generator_settings":{"template":"highway","default_image_id":0,"font":"","enabled":false},"version":2}},"categories":[8,34],"tags":[142,13,19],"class_list":["post-2956","post","type-post","status-publish","format-standard","has-post-thumbnail","hentry","category-convocatorias","category-eventos","tag-boletin-9-2017","tag-evento","tag-seminario","item-wrap"],"jetpack_publicize_connections":[],"jetpack_featured_media_url":"https:\/\/i0.wp.com\/cebem.org\/wp-content\/uploads\/2017\/12\/Imagen-RII-web-v3.jpg?fit=1024%2C461&ssl=1","jetpack_sharing_enabled":true,"_links":{"self":[{"href":"https:\/\/cebem.org\/index.php?rest_route=\/wp\/v2\/posts\/2956","targetHints":{"allow":["GET"]}}],"collection":[{"href":"https:\/\/cebem.org\/index.php?rest_route=\/wp\/v2\/posts"}],"about":[{"href":"https:\/\/cebem.org\/index.php?rest_route=\/wp\/v2\/types\/post"}],"author":[{"embeddable":true,"href":"https:\/\/cebem.org\/index.php?rest_route=\/wp\/v2\/users\/2"}],"replies":[{"embeddable":true,"href":"https:\/\/cebem.org\/index.php?rest_route=%2Fwp%2Fv2%2Fcomments&post=2956"}],"version-history":[{"count":3,"href":"https:\/\/cebem.org\/index.php?rest_route=\/wp\/v2\/posts\/2956\/revisions"}],"predecessor-version":[{"id":2961,"href":"https:\/\/cebem.org\/index.php?rest_route=\/wp\/v2\/posts\/2956\/revisions\/2961"}],"wp:featuredmedia":[{"embeddable":true,"href":"https:\/\/cebem.org\/index.php?rest_route=\/wp\/v2\/media\/2957"}],"wp:attachment":[{"href":"https:\/\/cebem.org\/index.php?rest_route=%2Fwp%2Fv2%2Fmedia&parent=2956"}],"wp:term":[{"taxonomy":"category","embeddable":true,"href":"https:\/\/cebem.org\/index.php?rest_route=%2Fwp%2Fv2%2Fcategories&post=2956"},{"taxonomy":"post_tag","embeddable":true,"href":"https:\/\/cebem.org\/index.php?rest_route=%2Fwp%2Fv2%2Ftags&post=2956"}],"curies":[{"name":"wp","href":"https:\/\/api.w.org\/{rel}","templated":true}]}}