
{"id":2948,"date":"2017-12-11T17:43:59","date_gmt":"2017-12-11T21:43:59","guid":{"rendered":"http:\/\/cebem.org\/?p=2948"},"modified":"2017-12-11T17:43:59","modified_gmt":"2017-12-11T21:43:59","slug":"presentacion-de-ciudadatos-n1","status":"publish","type":"post","link":"https:\/\/cebem.org\/?p=2948","title":{"rendered":"Presentaci\u00f3n de CIUDADATOS N\u00b01"},"content":{"rendered":"<p><a href=\"https:\/\/i0.wp.com\/cebem.org\/wp-content\/uploads\/2017\/12\/INVITACI%C3%93N-CIUDADATOS.png\"><img data-recalc-dims=\"1\" fetchpriority=\"high\" decoding=\"async\" class=\"aligncenter size-medium wp-image-2949\" src=\"https:\/\/i0.wp.com\/cebem.org\/wp-content\/uploads\/2017\/12\/INVITACI%C3%93N-CIUDADATOS-300x189.png?resize=300%2C189\" alt=\"\" width=\"300\" height=\"189\" srcset=\"https:\/\/i0.wp.com\/cebem.org\/wp-content\/uploads\/2017\/12\/INVITACI%C3%93N-CIUDADATOS.png?resize=300%2C189&amp;ssl=1 300w, https:\/\/i0.wp.com\/cebem.org\/wp-content\/uploads\/2017\/12\/INVITACI%C3%93N-CIUDADATOS.png?resize=768%2C485&amp;ssl=1 768w, https:\/\/i0.wp.com\/cebem.org\/wp-content\/uploads\/2017\/12\/INVITACI%C3%93N-CIUDADATOS.png?resize=1024%2C647&amp;ssl=1 1024w, https:\/\/i0.wp.com\/cebem.org\/wp-content\/uploads\/2017\/12\/INVITACI%C3%93N-CIUDADATOS.png?resize=600%2C379&amp;ssl=1 600w, https:\/\/i0.wp.com\/cebem.org\/wp-content\/uploads\/2017\/12\/INVITACI%C3%93N-CIUDADATOS.png?w=1772&amp;ssl=1 1772w, https:\/\/i0.wp.com\/cebem.org\/wp-content\/uploads\/2017\/12\/INVITACI%C3%93N-CIUDADATOS.png?w=1500&amp;ssl=1 1500w\" sizes=\"(max-width: 300px) 100vw, 300px\" \/><\/a>Bolet\u00edn trimestral de datos de CIUDADAN\u00cdA, Comunidad de Estudios Sociales y Acci\u00f3n Publica<\/p>\n<p>Numero 1: Cultura pol\u00edtica de la democracia en Bolivia, con datos de la \u00faltima encuesta de LAPOP, el Proyecto de Opini\u00f3n Publica de Am\u00e9rica Latina en Bolivia (2017).<\/p>\n<p>La presentaci\u00f3n ser\u00e1 el jueves 14 de diciembre Hrs. 19:00, Auditorio Demetrio Canelas del peri\u00f3dico Los Tiempos, plaza Quintanilla, Cochabamba &#8211; Bolivia.<\/p>\n<h4><a href=\"http:\/\/www.ciudadaniabolivia.org\/es\" target=\"_blank\" rel=\"noopener\"><strong>M\u00e1s informaci\u00f3n<\/strong><\/a><\/h4>\n","protected":false},"excerpt":{"rendered":"<p>Bolet\u00edn trimestral de datos de CIUDADAN\u00cdA, Comunidad de Estudios Sociales y Acci\u00f3n Publica Numero 1: Cultura pol\u00edtica de la democracia en Bolivia, con datos de la \u00faltima encuesta de LAPOP, el Proyecto de Opini\u00f3n Publica de Am\u00e9rica Latina en Bolivia (2017). La presentaci\u00f3n ser\u00e1 el jueves 14 de diciembre Hrs. 19:00, Auditorio Demetrio Canelas del &hellip; <\/p>\n<p><a class=\"more-link btn\" href=\"https:\/\/cebem.org\/?p=2948\">Seguir leyendo<\/a><\/p>\n","protected":false},"author":2,"featured_media":2949,"comment_status":"closed","ping_status":"closed","sticky":false,"template":"","format":"standard","meta":{"_jetpack_memberships_contains_paid_content":false,"footnotes":"","jetpack_publicize_message":"Presentaci\u00f3n de CIUDADATOS N\u00b01\r\n\r\nJueves 14 de diciembre Hrs. 19:00, Auditorio Demetrio Canelas del peri\u00f3dico Los Tiempos, plaza Quintanilla, #Cochabamba - #Bolivia","jetpack_publicize_feature_enabled":true,"jetpack_social_post_already_shared":true,"jetpack_social_options":{"image_generator_settings":{"template":"highway","default_image_id":0,"font":"","enabled":false},"version":2}},"categories":[34],"tags":[142,13],"class_list":["post-2948","post","type-post","status-publish","format-standard","has-post-thumbnail","hentry","category-eventos","tag-boletin-9-2017","tag-evento","item-wrap"],"jetpack_publicize_connections":[],"jetpack_featured_media_url":"https:\/\/i0.wp.com\/cebem.org\/wp-content\/uploads\/2017\/12\/INVITACI%C3%93N-CIUDADATOS.png?fit=1772%2C1119&ssl=1","jetpack_sharing_enabled":true,"_links":{"self":[{"href":"https:\/\/cebem.org\/index.php?rest_route=\/wp\/v2\/posts\/2948","targetHints":{"allow":["GET"]}}],"collection":[{"href":"https:\/\/cebem.org\/index.php?rest_route=\/wp\/v2\/posts"}],"about":[{"href":"https:\/\/cebem.org\/index.php?rest_route=\/wp\/v2\/types\/post"}],"author":[{"embeddable":true,"href":"https:\/\/cebem.org\/index.php?rest_route=\/wp\/v2\/users\/2"}],"replies":[{"embeddable":true,"href":"https:\/\/cebem.org\/index.php?rest_route=%2Fwp%2Fv2%2Fcomments&post=2948"}],"version-history":[{"count":1,"href":"https:\/\/cebem.org\/index.php?rest_route=\/wp\/v2\/posts\/2948\/revisions"}],"predecessor-version":[{"id":2950,"href":"https:\/\/cebem.org\/index.php?rest_route=\/wp\/v2\/posts\/2948\/revisions\/2950"}],"wp:featuredmedia":[{"embeddable":true,"href":"https:\/\/cebem.org\/index.php?rest_route=\/wp\/v2\/media\/2949"}],"wp:attachment":[{"href":"https:\/\/cebem.org\/index.php?rest_route=%2Fwp%2Fv2%2Fmedia&parent=2948"}],"wp:term":[{"taxonomy":"category","embeddable":true,"href":"https:\/\/cebem.org\/index.php?rest_route=%2Fwp%2Fv2%2Fcategories&post=2948"},{"taxonomy":"post_tag","embeddable":true,"href":"https:\/\/cebem.org\/index.php?rest_route=%2Fwp%2Fv2%2Ftags&post=2948"}],"curies":[{"name":"wp","href":"https:\/\/api.w.org\/{rel}","templated":true}]}}