
{"id":2843,"date":"2017-11-06T06:41:41","date_gmt":"2017-11-06T10:41:41","guid":{"rendered":"http:\/\/cebem.org\/?p=2843"},"modified":"2017-11-06T06:41:41","modified_gmt":"2017-11-06T10:41:41","slug":"iii-seminario-cientifico-internacional-de-cooperacion-universitaria-para-el-desarrollo-sostenible-ecuador-2017","status":"publish","type":"post","link":"https:\/\/cebem.org\/?p=2843","title":{"rendered":"III Seminario Cient\u00edfico Internacional de Cooperaci\u00f3n Universitaria para el Desarrollo Sostenible &#8211; Ecuador 2017"},"content":{"rendered":"<p><a href=\"https:\/\/i0.wp.com\/cebem.org\/wp-content\/uploads\/2017\/11\/III-SCICUDS.-Afiche.-Tercera-versi%C3%B3n.jpg\" target=\"_blank\" rel=\"noopener\"><img data-recalc-dims=\"1\" fetchpriority=\"high\" decoding=\"async\" class=\"alignleft wp-image-2844 size-medium\" src=\"https:\/\/i0.wp.com\/cebem.org\/wp-content\/uploads\/2017\/11\/III-SCICUDS.-Afiche.-Tercera-versi%C3%B3n-212x300.jpg?resize=212%2C300\" alt=\"\" width=\"212\" height=\"300\" srcset=\"https:\/\/i0.wp.com\/cebem.org\/wp-content\/uploads\/2017\/11\/III-SCICUDS.-Afiche.-Tercera-versi%C3%B3n.jpg?resize=212%2C300&amp;ssl=1 212w, https:\/\/i0.wp.com\/cebem.org\/wp-content\/uploads\/2017\/11\/III-SCICUDS.-Afiche.-Tercera-versi%C3%B3n.jpg?resize=768%2C1086&amp;ssl=1 768w, https:\/\/i0.wp.com\/cebem.org\/wp-content\/uploads\/2017\/11\/III-SCICUDS.-Afiche.-Tercera-versi%C3%B3n.jpg?resize=724%2C1024&amp;ssl=1 724w, https:\/\/i0.wp.com\/cebem.org\/wp-content\/uploads\/2017\/11\/III-SCICUDS.-Afiche.-Tercera-versi%C3%B3n.jpg?resize=600%2C848&amp;ssl=1 600w, https:\/\/i0.wp.com\/cebem.org\/wp-content\/uploads\/2017\/11\/III-SCICUDS.-Afiche.-Tercera-versi%C3%B3n.jpg?w=800&amp;ssl=1 800w\" sizes=\"(max-width: 212px) 100vw, 212px\" \/><\/a>Del 22 al 24 noviembre de 2017, Universidad T\u00e9cnica de Cotopaxi<\/p>\n<p>El III Seminario Cient\u00edfico Internacional de Cooperaci\u00f3n Universitaria para el Desarrollo Sostenible &#8211; Ecuador 2017; es resultado de un proceso de articulaci\u00f3n entre las instituciones que integran la Red Iberoamericana de Medio Ambiente (REIMA, A.C.) en m\u00e1s de 30 pa\u00edses de Am\u00e9rica Latina, el Caribe y Europa.<\/p>\n<p>La primera edici\u00f3n de este evento promovido por la REIMA, A.C. tuvo lugar en la Universidad Estatal del Sur de Manab\u00ed en el a\u00f1o 2015 y la Universidad Nacional Aut\u00f3noma de Honduras organiz\u00f3 la edici\u00f3n de 2016.<\/p>\n<p>La sede de 2018 fue asignada a la Universidad Tecnol\u00f3gica \u00abLa Salle\u00bb (Nicaragua) y la de 2019 a la Universidad Tecnol\u00f3gica de Pereira (Colombia).<\/p>\n<p><strong>Objetivo general:<\/strong><\/p>\n<ul>\n<li>Promover la cooperaci\u00f3n entre las instituciones que integran la REIMA, A.C en funci\u00f3n del desarrollo sostenible en Iberoam\u00e9rica.<\/li>\n<\/ul>\n<p><strong>Objetivos espec\u00edficos:<\/strong><\/p>\n<ul>\n<li>Propiciar el intercambio de experiencias entre docentes, investigadores y estudiantes de las diferentes instituciones de educaci\u00f3n superior que integran la REIMA, A.C.<\/li>\n<li>Contribuir a la formaci\u00f3n ambiental de la comunidad iberoamericana.<\/li>\n<li>Promover la firma de convenios\/acuerdos de cooperaci\u00f3n entre las instituciones participantes.<\/li>\n<li>Fortalecer el movimiento ambiental iberoamericano.<\/li>\n<\/ul>\n<h4><a href=\"https:\/\/www.reima-ec.org\/tercerscicuds2017\" target=\"_blank\" rel=\"noopener\"><strong>M\u00e1s informaci\u00f3n<\/strong><\/a><\/h4>\n","protected":false},"excerpt":{"rendered":"<p>Del 22 al 24 noviembre de 2017, Universidad T\u00e9cnica de Cotopaxi El III Seminario Cient\u00edfico Internacional de Cooperaci\u00f3n Universitaria para el Desarrollo Sostenible &#8211; Ecuador 2017; es resultado de un proceso de articulaci\u00f3n entre las instituciones que integran la Red Iberoamericana de Medio Ambiente (REIMA, A.C.) en m\u00e1s de 30 pa\u00edses de Am\u00e9rica Latina, el &hellip; <\/p>\n<p><a class=\"more-link btn\" href=\"https:\/\/cebem.org\/?p=2843\">Seguir leyendo<\/a><\/p>\n","protected":false},"author":2,"featured_media":2844,"comment_status":"closed","ping_status":"closed","sticky":false,"template":"","format":"standard","meta":{"_jetpack_memberships_contains_paid_content":false,"footnotes":"","jetpack_publicize_message":"III Seminario Cient\u00edfico Internacional de Cooperaci\u00f3n Universitaria para el Desarrollo Sostenible - Ecuador 2017","jetpack_publicize_feature_enabled":true,"jetpack_social_post_already_shared":true,"jetpack_social_options":{"image_generator_settings":{"template":"highway","default_image_id":0,"font":"","enabled":false},"version":2}},"categories":[34],"tags":[140,19],"class_list":["post-2843","post","type-post","status-publish","format-standard","has-post-thumbnail","hentry","category-eventos","tag-boletin-8-2017","tag-seminario","item-wrap"],"jetpack_publicize_connections":[],"jetpack_featured_media_url":"https:\/\/i0.wp.com\/cebem.org\/wp-content\/uploads\/2017\/11\/III-SCICUDS.-Afiche.-Tercera-versi%C3%B3n.jpg?fit=800%2C1131&ssl=1","jetpack_sharing_enabled":true,"_links":{"self":[{"href":"https:\/\/cebem.org\/index.php?rest_route=\/wp\/v2\/posts\/2843","targetHints":{"allow":["GET"]}}],"collection":[{"href":"https:\/\/cebem.org\/index.php?rest_route=\/wp\/v2\/posts"}],"about":[{"href":"https:\/\/cebem.org\/index.php?rest_route=\/wp\/v2\/types\/post"}],"author":[{"embeddable":true,"href":"https:\/\/cebem.org\/index.php?rest_route=\/wp\/v2\/users\/2"}],"replies":[{"embeddable":true,"href":"https:\/\/cebem.org\/index.php?rest_route=%2Fwp%2Fv2%2Fcomments&post=2843"}],"version-history":[{"count":1,"href":"https:\/\/cebem.org\/index.php?rest_route=\/wp\/v2\/posts\/2843\/revisions"}],"predecessor-version":[{"id":2845,"href":"https:\/\/cebem.org\/index.php?rest_route=\/wp\/v2\/posts\/2843\/revisions\/2845"}],"wp:featuredmedia":[{"embeddable":true,"href":"https:\/\/cebem.org\/index.php?rest_route=\/wp\/v2\/media\/2844"}],"wp:attachment":[{"href":"https:\/\/cebem.org\/index.php?rest_route=%2Fwp%2Fv2%2Fmedia&parent=2843"}],"wp:term":[{"taxonomy":"category","embeddable":true,"href":"https:\/\/cebem.org\/index.php?rest_route=%2Fwp%2Fv2%2Fcategories&post=2843"},{"taxonomy":"post_tag","embeddable":true,"href":"https:\/\/cebem.org\/index.php?rest_route=%2Fwp%2Fv2%2Ftags&post=2843"}],"curies":[{"name":"wp","href":"https:\/\/api.w.org\/{rel}","templated":true}]}}