
{"id":2714,"date":"2017-10-11T12:08:29","date_gmt":"2017-10-11T16:08:29","guid":{"rendered":"http:\/\/cebem.org\/?p=2714"},"modified":"2017-10-26T16:09:47","modified_gmt":"2017-10-26T20:09:47","slug":"faltan-solo-tres-semanas-para-el-4to-foro-mundial-de-desarrollo-economico-local","status":"publish","type":"post","link":"https:\/\/cebem.org\/?p=2714","title":{"rendered":"Faltan solo pocos d\u00edas para el 4to Foro Mundial de Desarrollo Econ\u00f3mico Local"},"content":{"rendered":"<p><a href=\"https:\/\/i0.wp.com\/cebem.org\/wp-content\/uploads\/2017\/10\/EM-en-foro-economico.jpg\"><img data-recalc-dims=\"1\" fetchpriority=\"high\" decoding=\"async\" class=\"alignleft size-medium wp-image-2715\" src=\"https:\/\/i0.wp.com\/cebem.org\/wp-content\/uploads\/2017\/10\/EM-en-foro-economico-194x300.jpg?resize=194%2C300\" alt=\"\" width=\"194\" height=\"300\" srcset=\"https:\/\/i0.wp.com\/cebem.org\/wp-content\/uploads\/2017\/10\/EM-en-foro-economico.jpg?resize=194%2C300&amp;ssl=1 194w, https:\/\/i0.wp.com\/cebem.org\/wp-content\/uploads\/2017\/10\/EM-en-foro-economico.jpg?resize=600%2C930&amp;ssl=1 600w, https:\/\/i0.wp.com\/cebem.org\/wp-content\/uploads\/2017\/10\/EM-en-foro-economico.jpg?w=642&amp;ssl=1 642w\" sizes=\"(max-width: 194px) 100vw, 194px\" \/><\/a>El evento que se realizar\u00e1 del <strong>17 al 20 de octubre de 2017 en Praia, Cabo Verde<\/strong>, comprende 49 sesiones, incluyendo sesiones plenarias, di\u00e1logos de pol\u00edticas, paneles interactivos y sesiones de agenda de aprendizaje. Una ocasi\u00f3n excelente para revisar enfoques y experiencias sobre c\u00f3mo el desarrollo econ\u00f3mico local puede ser un veh\u00edculo para localizar los Objetivos de Desarrollo Sostenible y lograr igualdad, equidad y cohesi\u00f3n en nuestros territorios y comunidades.<\/p>\n<p>&nbsp;<\/p>\n<p>Puede obtener m\u00e1s informaci\u00f3n sobre el programa y los oradores <a href=\"http:\/\/ledworldforum.org\/the-forum\/the-agenda\/\" target=\"_blank\" rel=\"noopener\"><strong>aqu\u00ed<\/strong><\/a>. El evento reunir\u00e1 a representantes de gobiernos nacionales, regionales y locales, sector privado, academia, organizaciones de la sociedad civil de todos los continentes.<br \/>\nEl evento est\u00e1 abierto al p\u00fablico y la inscripci\u00f3n es gratuita. \u00a1No se olvide de <a href=\"http:\/\/ledworldforum.org\/get-involved\/register\/\" target=\"_blank\" rel=\"noopener\"><strong>registrarse<\/strong><\/a>!<\/p>\n<p>&nbsp;<\/p>\n<p><strong>INFORMACI\u00d3N IMPORTANTE<\/strong><br \/>\nTenga en cuenta que se expedir\u00e1n visados de cortes\u00eda a todos los participantes registrados a su llegada a Cabo Verde. Para ello, los participantes deber\u00e1n enviar una copia del pasaporte y su itinerario de vuelo al punto focal de la Secretar\u00eda de Relaciones Exteriores. Visite <a href=\"http:\/\/ledworldforum.org\/city-travel\/visas\/\" target=\"_blank\" rel=\"noopener\"><strong>esta p\u00e1gina web<\/strong><\/a> para obtener informaci\u00f3n m\u00e1s detallada.<\/p>\n<h4><a href=\"http:\/\/ledworldforum.org\/\" target=\"_blank\" rel=\"noopener\"><strong>M\u00e1s informaci\u00f3n<\/strong><\/a><\/h4>\n<p>&nbsp;<\/p>\n","protected":false},"excerpt":{"rendered":"<p>El evento que se realizar\u00e1 del 17 al 20 de octubre de 2017 en Praia, Cabo Verde, comprende 49 sesiones, incluyendo sesiones plenarias, di\u00e1logos de pol\u00edticas, paneles interactivos y sesiones de agenda de aprendizaje. Una ocasi\u00f3n excelente para revisar enfoques y experiencias sobre c\u00f3mo el desarrollo econ\u00f3mico local puede ser un veh\u00edculo para localizar los &hellip; <\/p>\n<p><a class=\"more-link btn\" href=\"https:\/\/cebem.org\/?p=2714\">Seguir leyendo<\/a><\/p>\n","protected":false},"author":2,"featured_media":2715,"comment_status":"closed","ping_status":"closed","sticky":false,"template":"","format":"standard","meta":{"_jetpack_memberships_contains_paid_content":false,"footnotes":"","jetpack_publicize_message":"Faltan solo tres semanas para el 4to Foro Mundial de Desarrollo Econ\u00f3mico Local","jetpack_publicize_feature_enabled":true,"jetpack_social_post_already_shared":true,"jetpack_social_options":{"image_generator_settings":{"template":"highway","default_image_id":0,"font":"","enabled":false},"version":2}},"categories":[34],"tags":[13,39],"class_list":["post-2714","post","type-post","status-publish","format-standard","has-post-thumbnail","hentry","category-eventos","tag-evento","tag-foro","item-wrap"],"jetpack_publicize_connections":[],"jetpack_featured_media_url":"https:\/\/i0.wp.com\/cebem.org\/wp-content\/uploads\/2017\/10\/EM-en-foro-economico.jpg?fit=642%2C995&ssl=1","jetpack_sharing_enabled":true,"_links":{"self":[{"href":"https:\/\/cebem.org\/index.php?rest_route=\/wp\/v2\/posts\/2714","targetHints":{"allow":["GET"]}}],"collection":[{"href":"https:\/\/cebem.org\/index.php?rest_route=\/wp\/v2\/posts"}],"about":[{"href":"https:\/\/cebem.org\/index.php?rest_route=\/wp\/v2\/types\/post"}],"author":[{"embeddable":true,"href":"https:\/\/cebem.org\/index.php?rest_route=\/wp\/v2\/users\/2"}],"replies":[{"embeddable":true,"href":"https:\/\/cebem.org\/index.php?rest_route=%2Fwp%2Fv2%2Fcomments&post=2714"}],"version-history":[{"count":2,"href":"https:\/\/cebem.org\/index.php?rest_route=\/wp\/v2\/posts\/2714\/revisions"}],"predecessor-version":[{"id":2717,"href":"https:\/\/cebem.org\/index.php?rest_route=\/wp\/v2\/posts\/2714\/revisions\/2717"}],"wp:featuredmedia":[{"embeddable":true,"href":"https:\/\/cebem.org\/index.php?rest_route=\/wp\/v2\/media\/2715"}],"wp:attachment":[{"href":"https:\/\/cebem.org\/index.php?rest_route=%2Fwp%2Fv2%2Fmedia&parent=2714"}],"wp:term":[{"taxonomy":"category","embeddable":true,"href":"https:\/\/cebem.org\/index.php?rest_route=%2Fwp%2Fv2%2Fcategories&post=2714"},{"taxonomy":"post_tag","embeddable":true,"href":"https:\/\/cebem.org\/index.php?rest_route=%2Fwp%2Fv2%2Ftags&post=2714"}],"curies":[{"name":"wp","href":"https:\/\/api.w.org\/{rel}","templated":true}]}}