
{"id":2638,"date":"2017-09-14T11:26:13","date_gmt":"2017-09-14T15:26:13","guid":{"rendered":"http:\/\/cebem.org\/?p=2638"},"modified":"2017-09-14T11:26:13","modified_gmt":"2017-09-14T15:26:13","slug":"periodismo-y-genero-como-informar-y-producir-contenidos-periodisticos-desde-una-perspectiva-de-derechos","status":"publish","type":"post","link":"https:\/\/cebem.org\/?p=2638","title":{"rendered":"Periodismo y G\u00e9nero: C\u00f3mo informar y producir contenidos period\u00edsticos desde una perspectiva de derechos"},"content":{"rendered":"<p><strong><a href=\"https:\/\/i0.wp.com\/cebem.org\/wp-content\/uploads\/2017\/09\/generoyperiodismo.jpg\"><img data-recalc-dims=\"1\" fetchpriority=\"high\" decoding=\"async\" class=\"aligncenter size-medium wp-image-2639\" src=\"https:\/\/i0.wp.com\/cebem.org\/wp-content\/uploads\/2017\/09\/generoyperiodismo-300x272.jpg?resize=300%2C272\" alt=\"\" width=\"300\" height=\"272\" srcset=\"https:\/\/i0.wp.com\/cebem.org\/wp-content\/uploads\/2017\/09\/generoyperiodismo.jpg?resize=300%2C272&amp;ssl=1 300w, https:\/\/i0.wp.com\/cebem.org\/wp-content\/uploads\/2017\/09\/generoyperiodismo.jpg?resize=600%2C543&amp;ssl=1 600w, https:\/\/i0.wp.com\/cebem.org\/wp-content\/uploads\/2017\/09\/generoyperiodismo.jpg?w=700&amp;ssl=1 700w\" sizes=\"(max-width: 300px) 100vw, 300px\" \/><\/a>Modalidad presencial &#8211; <\/strong><strong>Fecha de inicio mi\u00e9rcoles 11 de octubre de 2017<\/strong><\/p>\n<p><strong>Duraci\u00f3n:<\/strong> 2 meses. 8 clases de 2 hs.<br \/>\n<strong>Horario de cursada:<\/strong> mi\u00e9rcoles 18hs a 20hs.<br \/>\n<strong>Lugar:<\/strong> FLACSO, Tucum\u00e1n 1966, CABA.<\/p>\n<p><strong>Sobre el curso<\/strong><\/p>\n<p>La inequidad de g\u00e9nero y la violencia hacia las mujeres est\u00e1 tan naturalizada en la sociedad que en los medios de comunicaci\u00f3n se vuelve cotidiana. A partir de movimientos como Ni Una Menos y reclamos masivos, se exige al periodismo y a los medios de comunicaci\u00f3n que informen responsablemente y comprendan la complejidad de la violencia machista.<\/p>\n<p>La otra cara de la violencia de g\u00e9nero es la discriminaci\u00f3n hist\u00f3rica de las mujeres en la sociedad. La desigualdad no solo se expresa a trav\u00e9s de la violencia f\u00edsica, atraviesa todos los \u00e1mbitos y se ve con claridad en la divisi\u00f3n sexual de roles en nuestra sociedad, la brecha salarial entre varones y mujeres, la falta de igualdad de oportunidades y los estereotipos de g\u00e9nero.\u00a0 Los medios son espejo pero deber\u00edan recorrer otro camino.<\/p>\n<p>La culpabilizaci\u00f3n de las victimas de femicidios, la informaci\u00f3n incompleta sobre casos de abuso, la publicaci\u00f3n de fotos de mujeres mostrando su intimidad, su cosificaci\u00f3n, el no detectar en relatos de oyentes casos de violaci\u00f3n son ejemplos de pr\u00e1cticas que se replican en diferentes medios. El objetivo de este curso es brindar las herramientas necesarias para que los y las comunicadoras puedan contribuir a desarmar ese caldo de cultivo, cultural, que favorece las violencias machistas \u2013m\u00e1s y menos sutiles\u2014y puedan informar con mayor responsabilidad.<\/p>\n<p>En las clases se pondr\u00e1 la mirada en c\u00f3mo incorporar la perspectiva de g\u00e9nero en las coberturas period\u00edsticas sobre distintos temas: no solo cuando hablamos de violencia de g\u00e9nero, tambi\u00e9n en la econom\u00eda, la pol\u00edtica y el deporte. Adem\u00e1s, se dar\u00e1n herramientas para escribir y producir contenidos de radio y televisivos con enfoque de derechos, cuando se informe sobre femicidios, derechos sexuales y reproductivos, noticias vinculadas con la comunidad LGBT, con ni\u00f1ez y\u00a0 juventud. En definitiva, proponemos pensar el periodismo desde una perspectiva que sintonice con el fuerte reclamo social contra la inequidad de g\u00e9nero, en tiempos en que las audiencias est\u00e1n cada vez m\u00e1s cr\u00edticas frente a discursos que estigmatizan a las mujeres y a las personas con identidades sexuales disidentes.<\/p>\n<h4><a href=\"http:\/\/flacso.org.ar\/formacion-academica\/periodismo-y-genero\/\" target=\"_blank\" rel=\"noopener\"><strong>M\u00e1s informaci\u00f3n<\/strong><\/a><\/h4>\n","protected":false},"excerpt":{"rendered":"<p>Modalidad presencial &#8211; Fecha de inicio mi\u00e9rcoles 11 de octubre de 2017 Duraci\u00f3n: 2 meses. 8 clases de 2 hs. Horario de cursada: mi\u00e9rcoles 18hs a 20hs. Lugar: FLACSO, Tucum\u00e1n 1966, CABA. Sobre el curso La inequidad de g\u00e9nero y la violencia hacia las mujeres est\u00e1 tan naturalizada en la sociedad que en los medios &hellip; <\/p>\n<p><a class=\"more-link btn\" href=\"https:\/\/cebem.org\/?p=2638\">Seguir leyendo<\/a><\/p>\n","protected":false},"author":2,"featured_media":2639,"comment_status":"closed","ping_status":"closed","sticky":false,"template":"","format":"standard","meta":{"_jetpack_memberships_contains_paid_content":false,"footnotes":"","jetpack_publicize_message":"","jetpack_publicize_feature_enabled":true,"jetpack_social_post_already_shared":true,"jetpack_social_options":{"image_generator_settings":{"template":"highway","default_image_id":0,"font":"","enabled":false},"version":2}},"categories":[10],"tags":[138,38],"class_list":["post-2638","post","type-post","status-publish","format-standard","has-post-thumbnail","hentry","category-otros-cursos","tag-boletin-7-2017","tag-curso","item-wrap"],"jetpack_publicize_connections":[],"jetpack_featured_media_url":"https:\/\/i0.wp.com\/cebem.org\/wp-content\/uploads\/2017\/09\/generoyperiodismo.jpg?fit=700%2C634&ssl=1","jetpack_sharing_enabled":true,"_links":{"self":[{"href":"https:\/\/cebem.org\/index.php?rest_route=\/wp\/v2\/posts\/2638","targetHints":{"allow":["GET"]}}],"collection":[{"href":"https:\/\/cebem.org\/index.php?rest_route=\/wp\/v2\/posts"}],"about":[{"href":"https:\/\/cebem.org\/index.php?rest_route=\/wp\/v2\/types\/post"}],"author":[{"embeddable":true,"href":"https:\/\/cebem.org\/index.php?rest_route=\/wp\/v2\/users\/2"}],"replies":[{"embeddable":true,"href":"https:\/\/cebem.org\/index.php?rest_route=%2Fwp%2Fv2%2Fcomments&post=2638"}],"version-history":[{"count":1,"href":"https:\/\/cebem.org\/index.php?rest_route=\/wp\/v2\/posts\/2638\/revisions"}],"predecessor-version":[{"id":2640,"href":"https:\/\/cebem.org\/index.php?rest_route=\/wp\/v2\/posts\/2638\/revisions\/2640"}],"wp:featuredmedia":[{"embeddable":true,"href":"https:\/\/cebem.org\/index.php?rest_route=\/wp\/v2\/media\/2639"}],"wp:attachment":[{"href":"https:\/\/cebem.org\/index.php?rest_route=%2Fwp%2Fv2%2Fmedia&parent=2638"}],"wp:term":[{"taxonomy":"category","embeddable":true,"href":"https:\/\/cebem.org\/index.php?rest_route=%2Fwp%2Fv2%2Fcategories&post=2638"},{"taxonomy":"post_tag","embeddable":true,"href":"https:\/\/cebem.org\/index.php?rest_route=%2Fwp%2Fv2%2Ftags&post=2638"}],"curies":[{"name":"wp","href":"https:\/\/api.w.org\/{rel}","templated":true}]}}