
{"id":2635,"date":"2017-09-14T11:01:38","date_gmt":"2017-09-14T15:01:38","guid":{"rendered":"http:\/\/cebem.org\/?p=2635"},"modified":"2017-09-14T11:01:38","modified_gmt":"2017-09-14T15:01:38","slug":"xii-congreso-iberoamericano-de-municipalistas","status":"publish","type":"post","link":"https:\/\/cebem.org\/?p=2635","title":{"rendered":"XII Congreso Iberoamericano de Municipalistas"},"content":{"rendered":"<p><a href=\"https:\/\/i0.wp.com\/cebem.org\/wp-content\/uploads\/2017\/09\/UIMcongreso.jpg\"><img data-recalc-dims=\"1\" fetchpriority=\"high\" decoding=\"async\" class=\"aligncenter wp-image-2636\" src=\"https:\/\/i0.wp.com\/cebem.org\/wp-content\/uploads\/2017\/09\/UIMcongreso-300x159.jpg?resize=349%2C185\" alt=\"\" width=\"349\" height=\"185\" srcset=\"https:\/\/i0.wp.com\/cebem.org\/wp-content\/uploads\/2017\/09\/UIMcongreso.jpg?resize=300%2C159&amp;ssl=1 300w, https:\/\/i0.wp.com\/cebem.org\/wp-content\/uploads\/2017\/09\/UIMcongreso.jpg?resize=768%2C407&amp;ssl=1 768w, https:\/\/i0.wp.com\/cebem.org\/wp-content\/uploads\/2017\/09\/UIMcongreso.jpg?resize=600%2C318&amp;ssl=1 600w, https:\/\/i0.wp.com\/cebem.org\/wp-content\/uploads\/2017\/09\/UIMcongreso.jpg?w=850&amp;ssl=1 850w\" sizes=\"(max-width: 349px) 100vw, 349px\" \/><\/a>Manizales \u00b7 Caldas \u00b7 Colombia \u2013 Del 24 al 28 de septiembre de 2017<\/p>\n<p>El XII Congreso Iberoamericano de Municipalistas, organizado por la Gobernaci\u00f3n de Caldas (Colombia), la UIM, y PNUD, constituye el encuentro iberoamericano m\u00e1s relevante e influyente de municipalistas, autoridades locales (alcaldes\/as, concejales\/as), personal directivo y t\u00e9cnico de gobiernos locales, regionales y sus asociaciones, redes de cooperaci\u00f3n, centros de formaci\u00f3n, sector empresarial y de los socios y socias UIM.<\/p>\n<p>En tan solo un a\u00f1o, la comunidad internacional ha adoptado tres ambiciosas agendas: la Agenda 2030 para el Desarrollo Sostenible, el Acuerdo de Par\u00eds sobre el Cambio Clim\u00e1tico y la nueva Agenda Urbana. Los Gobiernos Locales y Regionales han demostrado ser fundamentales para la consecuci\u00f3n de dichas agendas, sin embargo, es necesario redefinir su rol, para poder asegurar la puesta en marcha de mecanismos de gobernanza y seguimiento tanto a nivel local, nacional como global.<\/p>\n<p>La XII edici\u00f3n de este Congreso, abordar\u00e1 los temas prioritarios de la agenda de los Gobiernos Locales y Regionales, los cuales guiar\u00e1n su acci\u00f3n durante los pr\u00f3ximos a\u00f1os.<\/p>\n<h4><a href=\"http:\/\/congresocaldas.eventosuim.org\/\" target=\"_blank\" rel=\"noopener\"><strong>M\u00e1s informaci\u00f3n<\/strong><\/a><\/h4>\n","protected":false},"excerpt":{"rendered":"<p>Manizales \u00b7 Caldas \u00b7 Colombia \u2013 Del 24 al 28 de septiembre de 2017 El XII Congreso Iberoamericano de Municipalistas, organizado por la Gobernaci\u00f3n de Caldas (Colombia), la UIM, y PNUD, constituye el encuentro iberoamericano m\u00e1s relevante e influyente de municipalistas, autoridades locales (alcaldes\/as, concejales\/as), personal directivo y t\u00e9cnico de gobiernos locales, regionales y sus &hellip; <\/p>\n<p><a class=\"more-link btn\" href=\"https:\/\/cebem.org\/?p=2635\">Seguir leyendo<\/a><\/p>\n","protected":false},"author":2,"featured_media":2636,"comment_status":"closed","ping_status":"closed","sticky":false,"template":"","format":"standard","meta":{"_jetpack_memberships_contains_paid_content":false,"footnotes":"","jetpack_publicize_message":"","jetpack_publicize_feature_enabled":true,"jetpack_social_post_already_shared":true,"jetpack_social_options":{"image_generator_settings":{"template":"highway","default_image_id":0,"font":"","enabled":false},"version":2}},"categories":[34],"tags":[138,13],"class_list":["post-2635","post","type-post","status-publish","format-standard","has-post-thumbnail","hentry","category-eventos","tag-boletin-7-2017","tag-evento","item-wrap"],"jetpack_publicize_connections":[],"jetpack_featured_media_url":"https:\/\/i0.wp.com\/cebem.org\/wp-content\/uploads\/2017\/09\/UIMcongreso.jpg?fit=850%2C450&ssl=1","jetpack_sharing_enabled":true,"_links":{"self":[{"href":"https:\/\/cebem.org\/index.php?rest_route=\/wp\/v2\/posts\/2635","targetHints":{"allow":["GET"]}}],"collection":[{"href":"https:\/\/cebem.org\/index.php?rest_route=\/wp\/v2\/posts"}],"about":[{"href":"https:\/\/cebem.org\/index.php?rest_route=\/wp\/v2\/types\/post"}],"author":[{"embeddable":true,"href":"https:\/\/cebem.org\/index.php?rest_route=\/wp\/v2\/users\/2"}],"replies":[{"embeddable":true,"href":"https:\/\/cebem.org\/index.php?rest_route=%2Fwp%2Fv2%2Fcomments&post=2635"}],"version-history":[{"count":1,"href":"https:\/\/cebem.org\/index.php?rest_route=\/wp\/v2\/posts\/2635\/revisions"}],"predecessor-version":[{"id":2637,"href":"https:\/\/cebem.org\/index.php?rest_route=\/wp\/v2\/posts\/2635\/revisions\/2637"}],"wp:featuredmedia":[{"embeddable":true,"href":"https:\/\/cebem.org\/index.php?rest_route=\/wp\/v2\/media\/2636"}],"wp:attachment":[{"href":"https:\/\/cebem.org\/index.php?rest_route=%2Fwp%2Fv2%2Fmedia&parent=2635"}],"wp:term":[{"taxonomy":"category","embeddable":true,"href":"https:\/\/cebem.org\/index.php?rest_route=%2Fwp%2Fv2%2Fcategories&post=2635"},{"taxonomy":"post_tag","embeddable":true,"href":"https:\/\/cebem.org\/index.php?rest_route=%2Fwp%2Fv2%2Ftags&post=2635"}],"curies":[{"name":"wp","href":"https:\/\/api.w.org\/{rel}","templated":true}]}}