
{"id":2593,"date":"2017-09-06T11:54:20","date_gmt":"2017-09-06T15:54:20","guid":{"rendered":"http:\/\/cebem.org\/?p=2593"},"modified":"2017-09-06T11:54:20","modified_gmt":"2017-09-06T15:54:20","slug":"proceso-selectivo-2018-programa-de-posgrado-en-desarrollo-economico-del-instituto-de-economia-de-unicamp-brasil","status":"publish","type":"post","link":"https:\/\/cebem.org\/?p=2593","title":{"rendered":"Proceso Selectivo 2018 &#8211; Programa de Posgrado en Desarrollo Econ\u00f3mico del Instituto de Econom\u00eda de Unicamp, Brasil"},"content":{"rendered":"<p><a href=\"https:\/\/i0.wp.com\/cebem.org\/wp-content\/uploads\/2017\/09\/unicamp.jpg\"><img data-recalc-dims=\"1\" decoding=\"async\" class=\"aligncenter size-medium wp-image-2594\" src=\"https:\/\/i0.wp.com\/cebem.org\/wp-content\/uploads\/2017\/09\/unicamp-300x144.jpg?resize=300%2C144\" alt=\"\" width=\"300\" height=\"144\" srcset=\"https:\/\/i0.wp.com\/cebem.org\/wp-content\/uploads\/2017\/09\/unicamp.jpg?resize=300%2C144&amp;ssl=1 300w, https:\/\/i0.wp.com\/cebem.org\/wp-content\/uploads\/2017\/09\/unicamp.jpg?resize=768%2C368&amp;ssl=1 768w, https:\/\/i0.wp.com\/cebem.org\/wp-content\/uploads\/2017\/09\/unicamp.jpg?w=1024&amp;ssl=1 1024w, https:\/\/i0.wp.com\/cebem.org\/wp-content\/uploads\/2017\/09\/unicamp.jpg?resize=600%2C288&amp;ssl=1 600w\" sizes=\"(max-width: 300px) 100vw, 300px\" \/><\/a>Se encuentra abierto el Proceso Selectivo 2018 del Programa de Posgrado en Desarrollo Econ\u00f3mico del Instituto de Econom\u00eda de Unicamp (Campinas, San Pablo).<\/p>\n<p>Es destinado a los alumnos de Graduaci\u00f3n y Pos Graduaci\u00f3n interesados en hacer su inscripci\u00f3n en nuestra Maestr\u00eda y Doctorado. Es exclusivamente de la sub-\u00e1rea de ECONOM\u00cdA REGIONAL Y URBANA. Esta sub-\u00e1rea est\u00e1 vinculada al Centro de Estudios de Desarrollo Econ\u00f3mico &#8211; CEDE, cuyos estudios e investigaciones tratan la problem\u00e1tica del desarrollo econ\u00f3mico en sus determinaciones o dimensiones espaciales en Brasil y Am\u00e9rica Latina.<\/p>\n<p>Para m\u00e1s informaciones sobre el proceso selectivo para brasile\u00f1os y extranjeros, consultar la p\u00e1gina de:<\/p>\n<h4><strong>Pos-Graduaci\u00f3n del IE: <a href=\"http:\/\/www3.eco.unicamp.br\/posgraduacao\/\" target=\"_blank\" rel=\"noopener\">http:\/\/www3.eco.unicamp.br\/posgraduacao\/<\/a><\/strong><\/h4>\n","protected":false},"excerpt":{"rendered":"<p>Se encuentra abierto el Proceso Selectivo 2018 del Programa de Posgrado en Desarrollo Econ\u00f3mico del Instituto de Econom\u00eda de Unicamp (Campinas, San Pablo). Es destinado a los alumnos de Graduaci\u00f3n y Pos Graduaci\u00f3n interesados en hacer su inscripci\u00f3n en nuestra Maestr\u00eda y Doctorado. Es exclusivamente de la sub-\u00e1rea de ECONOM\u00cdA REGIONAL Y URBANA. Esta sub-\u00e1rea &hellip; <\/p>\n<p><a class=\"more-link btn\" href=\"https:\/\/cebem.org\/?p=2593\">Seguir leyendo<\/a><\/p>\n","protected":false},"author":2,"featured_media":2594,"comment_status":"closed","ping_status":"closed","sticky":false,"template":"","format":"standard","meta":{"_jetpack_memberships_contains_paid_content":false,"footnotes":"","jetpack_publicize_message":"","jetpack_publicize_feature_enabled":true,"jetpack_social_post_already_shared":true,"jetpack_social_options":{"image_generator_settings":{"template":"highway","default_image_id":0,"font":"","enabled":false},"version":2}},"categories":[10],"tags":[138,139],"class_list":["post-2593","post","type-post","status-publish","format-standard","has-post-thumbnail","hentry","category-otros-cursos","tag-boletin-7-2017","tag-posgrado","item-wrap"],"jetpack_publicize_connections":[],"jetpack_featured_media_url":"https:\/\/i0.wp.com\/cebem.org\/wp-content\/uploads\/2017\/09\/unicamp.jpg?fit=1024%2C491&ssl=1","jetpack_sharing_enabled":true,"_links":{"self":[{"href":"https:\/\/cebem.org\/index.php?rest_route=\/wp\/v2\/posts\/2593","targetHints":{"allow":["GET"]}}],"collection":[{"href":"https:\/\/cebem.org\/index.php?rest_route=\/wp\/v2\/posts"}],"about":[{"href":"https:\/\/cebem.org\/index.php?rest_route=\/wp\/v2\/types\/post"}],"author":[{"embeddable":true,"href":"https:\/\/cebem.org\/index.php?rest_route=\/wp\/v2\/users\/2"}],"replies":[{"embeddable":true,"href":"https:\/\/cebem.org\/index.php?rest_route=%2Fwp%2Fv2%2Fcomments&post=2593"}],"version-history":[{"count":1,"href":"https:\/\/cebem.org\/index.php?rest_route=\/wp\/v2\/posts\/2593\/revisions"}],"predecessor-version":[{"id":2595,"href":"https:\/\/cebem.org\/index.php?rest_route=\/wp\/v2\/posts\/2593\/revisions\/2595"}],"wp:featuredmedia":[{"embeddable":true,"href":"https:\/\/cebem.org\/index.php?rest_route=\/wp\/v2\/media\/2594"}],"wp:attachment":[{"href":"https:\/\/cebem.org\/index.php?rest_route=%2Fwp%2Fv2%2Fmedia&parent=2593"}],"wp:term":[{"taxonomy":"category","embeddable":true,"href":"https:\/\/cebem.org\/index.php?rest_route=%2Fwp%2Fv2%2Fcategories&post=2593"},{"taxonomy":"post_tag","embeddable":true,"href":"https:\/\/cebem.org\/index.php?rest_route=%2Fwp%2Fv2%2Ftags&post=2593"}],"curies":[{"name":"wp","href":"https:\/\/api.w.org\/{rel}","templated":true}]}}