
{"id":2582,"date":"2017-09-05T19:08:31","date_gmt":"2017-09-05T23:08:31","guid":{"rendered":"http:\/\/cebem.org\/?p=2582"},"modified":"2017-09-05T19:08:31","modified_gmt":"2017-09-05T23:08:31","slug":"xiv-curso-internacional-de-posgrado-de-evaluacion-de-impacto-ambiental","status":"publish","type":"post","link":"https:\/\/cebem.org\/?p=2582","title":{"rendered":"XIV Curso Internacional de Posgrado de Evaluaci\u00f3n de Impacto Ambiental"},"content":{"rendered":"<p><em><strong>Fundaci\u00f3n de Estudios Avanzados de Buenos Aires (FUNDABAIRES)<\/strong><\/em><br \/>\n<em><strong>PROGRAMA AMBIENTE, ECONOM\u00cdA Y SOCIEDAD<\/strong><\/em><br \/>\n<em><strong>XIV Curso Internacional de Posgrado de Evaluaci\u00f3n de Impacto Ambiental (edici\u00f3n revisada y actualizada)<\/strong><\/em><br \/>\n<em><strong>(trimestral a distancia del 5 de septiembre al 3 de noviembre de 2017)<\/strong><\/em><\/p>\n<p><a href=\"https:\/\/i0.wp.com\/cebem.org\/wp-content\/uploads\/2017\/09\/earth-1149733_960_720.jpg\"><img data-recalc-dims=\"1\" fetchpriority=\"high\" decoding=\"async\" class=\"aligncenter size-medium wp-image-2587\" src=\"https:\/\/i0.wp.com\/cebem.org\/wp-content\/uploads\/2017\/09\/earth-1149733_960_720-300x199.jpg?resize=300%2C199\" alt=\"\" width=\"300\" height=\"199\" srcset=\"https:\/\/i0.wp.com\/cebem.org\/wp-content\/uploads\/2017\/09\/earth-1149733_960_720.jpg?resize=300%2C199&amp;ssl=1 300w, https:\/\/i0.wp.com\/cebem.org\/wp-content\/uploads\/2017\/09\/earth-1149733_960_720.jpg?resize=768%2C510&amp;ssl=1 768w, https:\/\/i0.wp.com\/cebem.org\/wp-content\/uploads\/2017\/09\/earth-1149733_960_720.jpg?resize=600%2C399&amp;ssl=1 600w, https:\/\/i0.wp.com\/cebem.org\/wp-content\/uploads\/2017\/09\/earth-1149733_960_720.jpg?w=960&amp;ssl=1 960w\" sizes=\"(max-width: 300px) 100vw, 300px\" \/><\/a><\/p>\n<p><strong>DIRIGIDO A:<\/strong> graduados universitarios interesados en una capacitaci\u00f3n, especializaci\u00f3n o perfeccionamiento en metodolog\u00eda y pr\u00e1ctica de la Evaluaci\u00f3n de Impacto Ambiental a nivel internacional con un enfoque interdisciplinario (ciencias b\u00e1sicas, aplicadas, sociales y humanas).<\/p>\n<p><strong>OBJETIVOS:<\/strong> se espera que a la finalizaci\u00f3n del curso, los participantes est\u00e9n en condiciones de elaborar profesionalmente un estudio de Evaluaci\u00f3n de Impacto Ambiental de acuerdo a las normativas nacionales e internacionales.<\/p>\n<p><strong>EQUIPO DOCENTE:<\/strong> DADON Jos\u00e9 (Univ. de Bs. As.); FAZIO Horacio (Univ. de Bs. As.); FERN\u00c1NDEZ Roberto (Univ. de Bs. As y Mar del Plata); FEVRE Roberto (Univ. de Bs. As.); GALLOPIN Gilberto (Univ. de Bs. As.); G\u00d3MEZ OREA Domingo y M. T. y A. G\u00d3MEZ VILLARINO (Univ. Polit\u00e9cnica Madrid); RODR\u00cdGUEZ Carlos (Univ. Nac. Nordeste).<\/p>\n<p><strong>PROGRAMA SINT\u00c9TICO:<\/strong> El impacto ambiental como problema interdisciplinario. EIA: origen, desarrollo, alcances y limitaciones. La EIA como instrumento de gesti\u00f3n integral. Marco legal de la EIA. Proyecto y ambiente. Impactos ambientales: an\u00e1lisis territorial y estimaci\u00f3n. El Plan de Gesti\u00f3n Ambiental (PGA). Procesos participativos. Evaluaci\u00f3n Ambiental Adaptativa. Cambio Clim\u00e1tico e Impacto ambiental en zonas costera. Adaptaci\u00f3n de las ciudades al Cambio Clim\u00e1tico: el caso Bs. As. Estudio de casos de EIA: Argentina, Espa\u00f1a y M\u00e9xico.<\/p>\n<p><strong>METODOLOG\u00cdA:<\/strong> El curso de 18 clases (incluye 5 ejemplos de casos de EIA) se dicta a distancia mediante nuestro Campus Virtual con 2 clases semanales.<\/p>\n<p><strong>CERTIFICACI\u00d3N:<\/strong> Para acceder a la certificaci\u00f3n de aprobaci\u00f3n del curso los participantes deber\u00e1n presentar para su evaluaci\u00f3n los res\u00famenes de clase y resolver un caso pr\u00e1ctico de Evaluaci\u00f3n de Impacto Ambiental.<\/p>\n<p><strong>CARGA HORARIA:<\/strong> 100 horas totales, calificables para acreditar en Universidades (maestr\u00edas y doctorados).<\/p>\n<p><strong>CONVENIOS DE FUNDABAIRES:<\/strong> Istituto di Studi Politici, Economici e Sociali (EURISPES) y Federazione Italiana Agricoltura Biologica e Biodinamica (FEDERBIO), Roma, Italia. Programa de las Naciones Unidas para el Medio Ambiente (PNUMA\/UNEP). Red de Posgrados del Instituto Nacional de la Administraci\u00f3n P\u00fablica Argentina (INAP). ); Revista Cient\u00edfica Internacional Monfrag\u00fce Desarrollo Resiliente (Universidad de Extremadura, Universidad de Lisboa y Universidad Nacional Aut\u00f3noma de M\u00e9xico).<\/p>\n<p><strong>INAP:<\/strong> El Curso integra la Red de Posgrados del Instituto Nacional de la Administraci\u00f3n P\u00fablica Argentina.<\/p>\n<p><strong>MEDIAS BECAS:<\/strong> disponibles para becarios de doctorado del CONICET de Argentina o similares de otros pa\u00edses.<\/p>\n<p><strong>COSTO:<\/strong> Argentina: un pago de $4.800 \u00f3 3 cuotas de $1.700 o hasta 12 cuotas con todas las tarjetas de todos los bancos; otros pa\u00edses: 400 d\u00f3lares.<\/p>\n<p><strong>PROGRAMA ANAL\u00cdTICO, INSCRIPCI\u00d3N Y CONSULTAS:<\/strong> <a href=\"http:\/\/www.programa-ambiente.com.ar\" target=\"_blank\" rel=\"noopener\"><strong>www.programa-ambiente.com.ar<\/strong><\/a><\/p>\n<p><strong>Facebook:<\/strong> <a href=\"http:\/\/www.facebook.com\/ambiente.fundabaires?ref=hl\" target=\"_blank\" rel=\"noopener\"><strong>http:\/\/www.facebook.com\/ambiente.fundabaires?ref=hl<\/strong><\/a><\/p>\n","protected":false},"excerpt":{"rendered":"<p>Fundaci\u00f3n de Estudios Avanzados de Buenos Aires (FUNDABAIRES) PROGRAMA AMBIENTE, ECONOM\u00cdA Y SOCIEDAD XIV Curso Internacional de Posgrado de Evaluaci\u00f3n de Impacto Ambiental (edici\u00f3n revisada y actualizada) (trimestral a distancia del 5 de septiembre al 3 de noviembre de 2017) DIRIGIDO A: graduados universitarios interesados en una capacitaci\u00f3n, especializaci\u00f3n o perfeccionamiento en metodolog\u00eda y pr\u00e1ctica &hellip; <\/p>\n<p><a class=\"more-link btn\" href=\"https:\/\/cebem.org\/?p=2582\">Seguir leyendo<\/a><\/p>\n","protected":false},"author":2,"featured_media":2587,"comment_status":"closed","ping_status":"closed","sticky":false,"template":"","format":"standard","meta":{"_jetpack_memberships_contains_paid_content":false,"footnotes":"","jetpack_publicize_message":"","jetpack_publicize_feature_enabled":true,"jetpack_social_post_already_shared":true,"jetpack_social_options":{"image_generator_settings":{"template":"highway","default_image_id":0,"font":"","enabled":false},"version":2}},"categories":[10],"tags":[54,138,38],"class_list":["post-2582","post","type-post","status-publish","format-standard","has-post-thumbnail","hentry","category-otros-cursos","tag-ambiental","tag-boletin-7-2017","tag-curso","item-wrap"],"jetpack_publicize_connections":[],"jetpack_featured_media_url":"https:\/\/i0.wp.com\/cebem.org\/wp-content\/uploads\/2017\/09\/earth-1149733_960_720.jpg?fit=960%2C638&ssl=1","jetpack_sharing_enabled":true,"_links":{"self":[{"href":"https:\/\/cebem.org\/index.php?rest_route=\/wp\/v2\/posts\/2582","targetHints":{"allow":["GET"]}}],"collection":[{"href":"https:\/\/cebem.org\/index.php?rest_route=\/wp\/v2\/posts"}],"about":[{"href":"https:\/\/cebem.org\/index.php?rest_route=\/wp\/v2\/types\/post"}],"author":[{"embeddable":true,"href":"https:\/\/cebem.org\/index.php?rest_route=\/wp\/v2\/users\/2"}],"replies":[{"embeddable":true,"href":"https:\/\/cebem.org\/index.php?rest_route=%2Fwp%2Fv2%2Fcomments&post=2582"}],"version-history":[{"count":3,"href":"https:\/\/cebem.org\/index.php?rest_route=\/wp\/v2\/posts\/2582\/revisions"}],"predecessor-version":[{"id":2588,"href":"https:\/\/cebem.org\/index.php?rest_route=\/wp\/v2\/posts\/2582\/revisions\/2588"}],"wp:featuredmedia":[{"embeddable":true,"href":"https:\/\/cebem.org\/index.php?rest_route=\/wp\/v2\/media\/2587"}],"wp:attachment":[{"href":"https:\/\/cebem.org\/index.php?rest_route=%2Fwp%2Fv2%2Fmedia&parent=2582"}],"wp:term":[{"taxonomy":"category","embeddable":true,"href":"https:\/\/cebem.org\/index.php?rest_route=%2Fwp%2Fv2%2Fcategories&post=2582"},{"taxonomy":"post_tag","embeddable":true,"href":"https:\/\/cebem.org\/index.php?rest_route=%2Fwp%2Fv2%2Ftags&post=2582"}],"curies":[{"name":"wp","href":"https:\/\/api.w.org\/{rel}","templated":true}]}}