
{"id":2578,"date":"2017-09-05T12:04:39","date_gmt":"2017-09-05T16:04:39","guid":{"rendered":"http:\/\/cebem.org\/?p=2578"},"modified":"2017-09-05T12:04:39","modified_gmt":"2017-09-05T16:04:39","slug":"serie-pensamientos-silenciados-clacso","status":"publish","type":"post","link":"https:\/\/cebem.org\/?p=2578","title":{"rendered":"Serie Pensamientos silenciados &#8211; CLACSO"},"content":{"rendered":"<p><a href=\"https:\/\/i0.wp.com\/cebem.org\/wp-content\/uploads\/2017\/09\/encabezado_antologia.jpg\"><img data-recalc-dims=\"1\" decoding=\"async\" class=\"aligncenter size-medium wp-image-2579\" src=\"https:\/\/i0.wp.com\/cebem.org\/wp-content\/uploads\/2017\/09\/encabezado_antologia-300x72.jpg?resize=300%2C72\" alt=\"\" width=\"300\" height=\"72\" srcset=\"https:\/\/i0.wp.com\/cebem.org\/wp-content\/uploads\/2017\/09\/encabezado_antologia.jpg?resize=300%2C72&amp;ssl=1 300w, https:\/\/i0.wp.com\/cebem.org\/wp-content\/uploads\/2017\/09\/encabezado_antologia.jpg?resize=768%2C185&amp;ssl=1 768w, https:\/\/i0.wp.com\/cebem.org\/wp-content\/uploads\/2017\/09\/encabezado_antologia.jpg?resize=600%2C145&amp;ssl=1 600w, https:\/\/i0.wp.com\/cebem.org\/wp-content\/uploads\/2017\/09\/encabezado_antologia.jpg?w=800&amp;ssl=1 800w\" sizes=\"(max-width: 300px) 100vw, 300px\" \/><\/a>La colecci\u00f3n\u00a0<strong>Antolog\u00edas del Pensamiento Social Latinoamericano y Caribe\u00f1o<\/strong>\u00a0es un emprendimiento editorial de CLACSO destinado a promover el acceso a la obra de algunos de los m\u00e1s destacados autores de las ciencias sociales de Am\u00e9rica Latina y el Caribe.<\/p>\n<p>En su primera etapa, la colecci\u00f3n constar\u00e1 de 50 t\u00edtulos, entre vol\u00famenes individuales y compilaciones, reuniendo el aporte de m\u00e1s de 350 autores y autoras de diversos campos disciplinarios, pa\u00edses y perspectivas te\u00f3ricas.<\/p>\n<p>Se trata de una iniciativa editorial sin precedentes por su magnitud y alcance. Todas las obras estar\u00e1n en acceso abierto y podr\u00e1n ser descargadas gratuitamente en la Librer\u00eda Latinoamericana y Caribe\u00f1a de Ciencias Sociales y en la Biblioteca Virtual de CLACSO, democratizando una producci\u00f3n acad\u00e9mica fundamental que, con el paso del tiempo y debido a las limitadas formas de distribuci\u00f3n editorial en nuestra regi\u00f3n, tiende a ser desconocida o inaccesible, especialmente para los m\u00e1s j\u00f3venes.<\/p>\n<p>Adem\u00e1s de su versi\u00f3n digital, la colecci\u00f3n\u00a0<strong>Antolog\u00edas del Pensamiento Social Latinoamericano y Caribe\u00f1o<\/strong>\u00a0ser\u00e1 publicada tambi\u00e9n en versi\u00f3n impresa. Como CLACSO siempre lo ha hecho, reconocemos la importancia del libro como uno de los medios fundamentales para la difusi\u00f3n del conocimiento acad\u00e9mico. Particularmente, enfatizamos la importancia de que ciertos libros de referencia, como los que constituyen esta colecci\u00f3n, formen parte de nuestras bibliotecas universitarias y p\u00fablicas, ampliando las oportunidades de acceso a la producci\u00f3n acad\u00e9mica rigurosa, cr\u00edtica y comprometida que se ha multiplicado a lo largo del \u00faltimo siglo por todos los pa\u00edses de Am\u00e9rica Latina y el Caribe.<\/p>\n<p>Poniendo a disposici\u00f3n de todos el principal acervo intelectual del continente, CLACSO ampl\u00eda su compromiso con la lucha por hacer del conocimiento un bien com\u00fan, y con la promoci\u00f3n del pensamiento cr\u00edtico como un aporte para hacer de las nuestras, sociedades m\u00e1s justas y democr\u00e1ticas.<\/p>\n<h4><a href=\"http:\/\/www.clacso.org.ar\/antologias\/index.php\" target=\"_blank\" rel=\"noopener\"><strong>M\u00e1s infromaci\u00f3n<\/strong><\/a><\/h4>\n","protected":false},"excerpt":{"rendered":"<p>La colecci\u00f3n\u00a0Antolog\u00edas del Pensamiento Social Latinoamericano y Caribe\u00f1o\u00a0es un emprendimiento editorial de CLACSO destinado a promover el acceso a la obra de algunos de los m\u00e1s destacados autores de las ciencias sociales de Am\u00e9rica Latina y el Caribe. En su primera etapa, la colecci\u00f3n constar\u00e1 de 50 t\u00edtulos, entre vol\u00famenes individuales y compilaciones, reuniendo el &hellip; <\/p>\n<p><a class=\"more-link btn\" href=\"https:\/\/cebem.org\/?p=2578\">Seguir leyendo<\/a><\/p>\n","protected":false},"author":2,"featured_media":2580,"comment_status":"closed","ping_status":"closed","sticky":false,"template":"","format":"standard","meta":{"_jetpack_memberships_contains_paid_content":false,"footnotes":"","jetpack_publicize_message":"","jetpack_publicize_feature_enabled":true,"jetpack_social_post_already_shared":true,"jetpack_social_options":{"image_generator_settings":{"template":"highway","default_image_id":0,"font":"","enabled":false},"version":2}},"categories":[7],"tags":[138,74],"class_list":["post-2578","post","type-post","status-publish","format-standard","has-post-thumbnail","hentry","category-otras-publicaciones","tag-boletin-7-2017","tag-libro","item-wrap"],"jetpack_publicize_connections":[],"jetpack_featured_media_url":"https:\/\/i0.wp.com\/cebem.org\/wp-content\/uploads\/2017\/09\/img_01.jpg?fit=659%2C434&ssl=1","jetpack_sharing_enabled":true,"_links":{"self":[{"href":"https:\/\/cebem.org\/index.php?rest_route=\/wp\/v2\/posts\/2578","targetHints":{"allow":["GET"]}}],"collection":[{"href":"https:\/\/cebem.org\/index.php?rest_route=\/wp\/v2\/posts"}],"about":[{"href":"https:\/\/cebem.org\/index.php?rest_route=\/wp\/v2\/types\/post"}],"author":[{"embeddable":true,"href":"https:\/\/cebem.org\/index.php?rest_route=\/wp\/v2\/users\/2"}],"replies":[{"embeddable":true,"href":"https:\/\/cebem.org\/index.php?rest_route=%2Fwp%2Fv2%2Fcomments&post=2578"}],"version-history":[{"count":1,"href":"https:\/\/cebem.org\/index.php?rest_route=\/wp\/v2\/posts\/2578\/revisions"}],"predecessor-version":[{"id":2581,"href":"https:\/\/cebem.org\/index.php?rest_route=\/wp\/v2\/posts\/2578\/revisions\/2581"}],"wp:featuredmedia":[{"embeddable":true,"href":"https:\/\/cebem.org\/index.php?rest_route=\/wp\/v2\/media\/2580"}],"wp:attachment":[{"href":"https:\/\/cebem.org\/index.php?rest_route=%2Fwp%2Fv2%2Fmedia&parent=2578"}],"wp:term":[{"taxonomy":"category","embeddable":true,"href":"https:\/\/cebem.org\/index.php?rest_route=%2Fwp%2Fv2%2Fcategories&post=2578"},{"taxonomy":"post_tag","embeddable":true,"href":"https:\/\/cebem.org\/index.php?rest_route=%2Fwp%2Fv2%2Ftags&post=2578"}],"curies":[{"name":"wp","href":"https:\/\/api.w.org\/{rel}","templated":true}]}}