
{"id":2570,"date":"2017-08-31T18:19:25","date_gmt":"2017-08-31T22:19:25","guid":{"rendered":"http:\/\/cebem.org\/?p=2570"},"modified":"2018-12-10T10:49:03","modified_gmt":"2018-12-10T14:49:03","slug":"presentacion-del-libro-el-subsistema-fronterizo-boliviano-en-la-globalizacion-de-los-mercados-ilegales","status":"publish","type":"post","link":"https:\/\/cebem.org\/?p=2570","title":{"rendered":"Presentaci\u00f3n del libro \u00abEl subsistema fronterizo boliviano en la globalizaci\u00f3n de los mercados ilegales\u00bb"},"content":{"rendered":"<p><img data-recalc-dims=\"1\" decoding=\"async\" class=\"aligncenter wp-image-2571 size-medium\" src=\"https:\/\/i0.wp.com\/cebem.org\/wp-content\/uploads\/2017\/08\/exposici%C3%B3n-300x136.jpg?resize=300%2C136\" alt=\"\" width=\"300\" height=\"136\" srcset=\"https:\/\/i0.wp.com\/cebem.org\/wp-content\/uploads\/2017\/08\/exposici%C3%B3n.jpg?resize=300%2C136&amp;ssl=1 300w, https:\/\/i0.wp.com\/cebem.org\/wp-content\/uploads\/2017\/08\/exposici%C3%B3n.jpg?resize=768%2C349&amp;ssl=1 768w, https:\/\/i0.wp.com\/cebem.org\/wp-content\/uploads\/2017\/08\/exposici%C3%B3n.jpg?resize=1024%2C465&amp;ssl=1 1024w, https:\/\/i0.wp.com\/cebem.org\/wp-content\/uploads\/2017\/08\/exposici%C3%B3n.jpg?resize=600%2C273&amp;ssl=1 600w, https:\/\/i0.wp.com\/cebem.org\/wp-content\/uploads\/2017\/08\/exposici%C3%B3n.jpg?w=1500&amp;ssl=1 1500w, https:\/\/i0.wp.com\/cebem.org\/wp-content\/uploads\/2017\/08\/exposici%C3%B3n.jpg?w=2250&amp;ssl=1 2250w\" sizes=\"(max-width: 300px) 100vw, 300px\" \/>El d\u00eda de hoy se realiz\u00f3 la presentaci\u00f3n del libro \u00abEl subsistema fronterizo boliviano en la globalizaci\u00f3n de los mercados ilegales\u00bb, de Jos\u00e9 Blanes Jim\u00e9nez, Director de Cebem. El mencionado volumen es la tercera parte de la obra \u00abEl sistema fronterizo global en Am\u00e9rica Latina: un estado del arte\u00bb, publicado por FLACSO Ecuador. En la ocasi\u00f3n, adem\u00e1s de una exposici\u00f3n sobre los contenidos del texto, se cont\u00f3 con los comentarios de los expertos Gustavo Fern\u00e1ndez, Jos\u00e9 Carlos Campero y Gabriela Reyes.<\/p>\n","protected":false},"excerpt":{"rendered":"<p>El d\u00eda de hoy se realiz\u00f3 la presentaci\u00f3n del libro \u00abEl subsistema fronterizo boliviano en la globalizaci\u00f3n de los mercados ilegales\u00bb, de Jos\u00e9 Blanes Jim\u00e9nez, Director de Cebem. El mencionado volumen es la tercera parte de la obra \u00abEl sistema fronterizo global en Am\u00e9rica Latina: un estado del arte\u00bb, publicado por FLACSO Ecuador. En la &hellip; <\/p>\n<p><a class=\"more-link btn\" href=\"https:\/\/cebem.org\/?p=2570\">Seguir leyendo<\/a><\/p>\n","protected":false},"author":13,"featured_media":2572,"comment_status":"open","ping_status":"closed","sticky":false,"template":"","format":"standard","meta":{"_jetpack_memberships_contains_paid_content":false,"footnotes":"","jetpack_publicize_message":"","jetpack_publicize_feature_enabled":true,"jetpack_social_post_already_shared":true,"jetpack_social_options":{"image_generator_settings":{"template":"highway","default_image_id":0,"font":"","enabled":false},"version":2}},"categories":[9,1],"tags":[74],"class_list":["post-2570","post","type-post","status-publish","format-standard","has-post-thumbnail","hentry","category-destacados","category-noticias","tag-libro","item-wrap"],"jetpack_publicize_connections":[],"jetpack_featured_media_url":"https:\/\/i0.wp.com\/cebem.org\/wp-content\/uploads\/2017\/08\/libro.jpg?fit=564%2C800&ssl=1","jetpack_sharing_enabled":true,"_links":{"self":[{"href":"https:\/\/cebem.org\/index.php?rest_route=\/wp\/v2\/posts\/2570","targetHints":{"allow":["GET"]}}],"collection":[{"href":"https:\/\/cebem.org\/index.php?rest_route=\/wp\/v2\/posts"}],"about":[{"href":"https:\/\/cebem.org\/index.php?rest_route=\/wp\/v2\/types\/post"}],"author":[{"embeddable":true,"href":"https:\/\/cebem.org\/index.php?rest_route=\/wp\/v2\/users\/13"}],"replies":[{"embeddable":true,"href":"https:\/\/cebem.org\/index.php?rest_route=%2Fwp%2Fv2%2Fcomments&post=2570"}],"version-history":[{"count":3,"href":"https:\/\/cebem.org\/index.php?rest_route=\/wp\/v2\/posts\/2570\/revisions"}],"predecessor-version":[{"id":2576,"href":"https:\/\/cebem.org\/index.php?rest_route=\/wp\/v2\/posts\/2570\/revisions\/2576"}],"wp:featuredmedia":[{"embeddable":true,"href":"https:\/\/cebem.org\/index.php?rest_route=\/wp\/v2\/media\/2572"}],"wp:attachment":[{"href":"https:\/\/cebem.org\/index.php?rest_route=%2Fwp%2Fv2%2Fmedia&parent=2570"}],"wp:term":[{"taxonomy":"category","embeddable":true,"href":"https:\/\/cebem.org\/index.php?rest_route=%2Fwp%2Fv2%2Fcategories&post=2570"},{"taxonomy":"post_tag","embeddable":true,"href":"https:\/\/cebem.org\/index.php?rest_route=%2Fwp%2Fv2%2Ftags&post=2570"}],"curies":[{"name":"wp","href":"https:\/\/api.w.org\/{rel}","templated":true}]}}