
{"id":2385,"date":"2017-06-27T21:30:03","date_gmt":"2017-06-28T01:30:03","guid":{"rendered":"http:\/\/cebem.org\/?p=2385"},"modified":"2018-12-10T10:51:21","modified_gmt":"2018-12-10T14:51:21","slug":"el-subsistema-fronterizo-boliviano-en-la-globalizacion-de-los-mercados-ilegales","status":"publish","type":"post","link":"https:\/\/cebem.org\/?p=2385","title":{"rendered":"El subsistema fronterizo boliviano en la globalizaci\u00f3n de los mercados ilegales."},"content":{"rendered":"<p><strong><a href=\"https:\/\/i0.wp.com\/cebem.org\/wp-content\/uploads\/2017\/06\/Tapa-del-libro-El-subsistema-fronterizo....jpg\"><img data-recalc-dims=\"1\" fetchpriority=\"high\" decoding=\"async\" class=\"alignleft size-medium wp-image-2386\" src=\"https:\/\/i0.wp.com\/cebem.org\/wp-content\/uploads\/2017\/06\/Tapa-del-libro-El-subsistema-fronterizo...-215x300.jpg?resize=215%2C300\" alt=\"\" width=\"215\" height=\"300\" srcset=\"https:\/\/i0.wp.com\/cebem.org\/wp-content\/uploads\/2017\/06\/Tapa-del-libro-El-subsistema-fronterizo....jpg?resize=215%2C300&amp;ssl=1 215w, https:\/\/i0.wp.com\/cebem.org\/wp-content\/uploads\/2017\/06\/Tapa-del-libro-El-subsistema-fronterizo....jpg?resize=768%2C1073&amp;ssl=1 768w, https:\/\/i0.wp.com\/cebem.org\/wp-content\/uploads\/2017\/06\/Tapa-del-libro-El-subsistema-fronterizo....jpg?resize=733%2C1024&amp;ssl=1 733w, https:\/\/i0.wp.com\/cebem.org\/wp-content\/uploads\/2017\/06\/Tapa-del-libro-El-subsistema-fronterizo....jpg?resize=600%2C839&amp;ssl=1 600w, https:\/\/i0.wp.com\/cebem.org\/wp-content\/uploads\/2017\/06\/Tapa-del-libro-El-subsistema-fronterizo....jpg?w=840&amp;ssl=1 840w\" sizes=\"(max-width: 215px) 100vw, 215px\" \/><\/a>Autor:<\/strong> Jos\u00e9 Blanes Jim\u00e9nez &#8211; Director del CEBEM<\/p>\n<p><strong>Presentaci\u00f3n:<\/strong> Nuestras fronteras no se definen por las l\u00edneas que nos separan de los pa\u00edses vecinos. Es necesario reconocer los campos de fuerzas econ\u00f3micas y pol\u00edticas, que constituyen regiones transfronterizas, con sistemas de acci\u00f3n y actores globales, cada d\u00eda m\u00e1s lejanos y diversos, que marcan cambios, tensiones y desaf\u00edos en estos tiempos de la globalizaci\u00f3n. En esta, los mercados ilegales se constituyen en el principal factor estructurante de estas relaciones globales y de las formas de incidencia en la vida del pa\u00eds. El crimen global que rige los mercados ilegales, estructura espacios de fuerzas transfronterizas en los que nuestros pa\u00edses se encuentran involucrados, que inciden en los actores locales p\u00fablicos y privados, y condicionan la soberan\u00eda de los Estados y la eficiencia de las pol\u00edticas locales relacionadas con temas como seguridad ciudadana, entre otros, que hacen a la vida nacional.<\/p>\n<p>Este trabajo sobre el subsistema fronterizo boliviano, muestra c\u00f3mo es que Bolivia forma parte de un sistema fronterizo regional, y se propone contribuir a las pol\u00edticas p\u00fablicas relacionadas con la violencia y las distorsiones que provienen de los mercados ilegales globales, en especial en poblaciones en situaci\u00f3n particularmente vulnerable. Por la condici\u00f3n en que se inserta Bolivia en el sistema global de los mercados ilegales, se generan escenarios cr\u00edticos para varios estratos y grupos sociales como ni\u00f1os y ni\u00f1as j\u00f3venes, pueblos ind\u00edgenas y sectores pobres de \u00e1reas fronterizas y de las principales ciudades. A su vez, las pol\u00edticas nacionales enfrentan l\u00edmites para abordar problemas que son globales en campos del contrabando y el narcotr\u00e1fico.<\/p>\n<p>Si desea adquirir el libro, apersonarse a nuestra oficina en la Calle Pinilla #291, Zona San Jorge, La Paz, Bolivia<\/p>\n<p>O escr\u00edbenos a <a href=\"mailto:beatriz@cebem.org\">beatriz@cebem.org<\/a> para m\u00e1s informaci\u00f3n<\/p>\n<p>&nbsp;<\/p>\n","protected":false},"excerpt":{"rendered":"<p>Autor: Jos\u00e9 Blanes Jim\u00e9nez &#8211; Director del CEBEM Presentaci\u00f3n: Nuestras fronteras no se definen por las l\u00edneas que nos separan de los pa\u00edses vecinos. Es necesario reconocer los campos de fuerzas econ\u00f3micas y pol\u00edticas, que constituyen regiones transfronterizas, con sistemas de acci\u00f3n y actores globales, cada d\u00eda m\u00e1s lejanos y diversos, que marcan cambios, tensiones &hellip; <\/p>\n<p><a class=\"more-link btn\" href=\"https:\/\/cebem.org\/?p=2385\">Seguir leyendo<\/a><\/p>\n","protected":false},"author":2,"featured_media":2386,"comment_status":"closed","ping_status":"closed","sticky":false,"template":"","format":"standard","meta":{"_jetpack_memberships_contains_paid_content":false,"footnotes":"","jetpack_publicize_message":"","jetpack_publicize_feature_enabled":true,"jetpack_social_post_already_shared":true,"jetpack_social_options":{"image_generator_settings":{"template":"highway","default_image_id":0,"font":"","enabled":false},"version":2}},"categories":[9,1],"tags":[135,134,74],"class_list":["post-2385","post","type-post","status-publish","format-standard","has-post-thumbnail","hentry","category-destacados","category-noticias","tag-bolet","tag-boletin-5-mayo-2017","tag-libro","item-wrap"],"jetpack_publicize_connections":[],"jetpack_featured_media_url":"https:\/\/i0.wp.com\/cebem.org\/wp-content\/uploads\/2017\/06\/Tapa-del-libro-El-subsistema-fronterizo....jpg?fit=840%2C1174&ssl=1","jetpack_sharing_enabled":true,"_links":{"self":[{"href":"https:\/\/cebem.org\/index.php?rest_route=\/wp\/v2\/posts\/2385","targetHints":{"allow":["GET"]}}],"collection":[{"href":"https:\/\/cebem.org\/index.php?rest_route=\/wp\/v2\/posts"}],"about":[{"href":"https:\/\/cebem.org\/index.php?rest_route=\/wp\/v2\/types\/post"}],"author":[{"embeddable":true,"href":"https:\/\/cebem.org\/index.php?rest_route=\/wp\/v2\/users\/2"}],"replies":[{"embeddable":true,"href":"https:\/\/cebem.org\/index.php?rest_route=%2Fwp%2Fv2%2Fcomments&post=2385"}],"version-history":[{"count":3,"href":"https:\/\/cebem.org\/index.php?rest_route=\/wp\/v2\/posts\/2385\/revisions"}],"predecessor-version":[{"id":4258,"href":"https:\/\/cebem.org\/index.php?rest_route=\/wp\/v2\/posts\/2385\/revisions\/4258"}],"wp:featuredmedia":[{"embeddable":true,"href":"https:\/\/cebem.org\/index.php?rest_route=\/wp\/v2\/media\/2386"}],"wp:attachment":[{"href":"https:\/\/cebem.org\/index.php?rest_route=%2Fwp%2Fv2%2Fmedia&parent=2385"}],"wp:term":[{"taxonomy":"category","embeddable":true,"href":"https:\/\/cebem.org\/index.php?rest_route=%2Fwp%2Fv2%2Fcategories&post=2385"},{"taxonomy":"post_tag","embeddable":true,"href":"https:\/\/cebem.org\/index.php?rest_route=%2Fwp%2Fv2%2Ftags&post=2385"}],"curies":[{"name":"wp","href":"https:\/\/api.w.org\/{rel}","templated":true}]}}