
{"id":2376,"date":"2017-06-27T12:05:55","date_gmt":"2017-06-27T16:05:55","guid":{"rendered":"http:\/\/cebem.org\/?p=2376"},"modified":"2017-06-27T12:05:55","modified_gmt":"2017-06-27T16:05:55","slug":"boletin-ribei-no17-de-31-de-mayo-de-2017","status":"publish","type":"post","link":"https:\/\/cebem.org\/?p=2376","title":{"rendered":"Bolet\u00edn RIBEI N\u00ba17 de 31 de mayo de 2017"},"content":{"rendered":"<p><a href=\"https:\/\/i0.wp.com\/cebem.org\/wp-content\/uploads\/2017\/06\/Boletin17.jpg\"><img data-recalc-dims=\"1\" decoding=\"async\" class=\"aligncenter size-medium wp-image-2377\" src=\"https:\/\/i0.wp.com\/cebem.org\/wp-content\/uploads\/2017\/06\/Boletin17-300x75.jpg?resize=300%2C75\" alt=\"\" width=\"300\" height=\"75\" srcset=\"https:\/\/i0.wp.com\/cebem.org\/wp-content\/uploads\/2017\/06\/Boletin17.jpg?resize=300%2C75&amp;ssl=1 300w, https:\/\/i0.wp.com\/cebem.org\/wp-content\/uploads\/2017\/06\/Boletin17.jpg?resize=768%2C192&amp;ssl=1 768w, https:\/\/i0.wp.com\/cebem.org\/wp-content\/uploads\/2017\/06\/Boletin17.jpg?resize=600%2C150&amp;ssl=1 600w, https:\/\/i0.wp.com\/cebem.org\/wp-content\/uploads\/2017\/06\/Boletin17.jpg?w=801&amp;ssl=1 801w\" sizes=\"(max-width: 300px) 100vw, 300px\" \/><\/a>Las pol\u00edticas econ\u00f3micas contin\u00faan debati\u00e9ndose en los diferentes foros de Am\u00e9rica Latina. Las pol\u00edticas tributarias, financieras o el sistema bancario siguen en la agenda tanto de los asociados de la red, como de las instituciones internacionales y regionales que durante el mes de mayo han publicado diferentes an\u00e1lisis resultado de los datos macroecon\u00f3micos de la regi\u00f3n en 2016.<\/p>\n<p>Tanto la Comisi\u00f3n Econ\u00f3mica para Am\u00e9rica Latina, como la OCDE han hecho p\u00fablicos sendos informes que analizan las recientes tendencias en la financiaci\u00f3n de las pol\u00edticas sociales y que tienen como objetivo hacer frente a la pobreza,\u00a0la desigualdad y reactivar el crecimiento econ\u00f3mico y el progreso social de Am\u00e9rica Latina y el Caribe.<\/p>\n<p>En el plano pol\u00edtico, la situaci\u00f3n interna de Brasil, as\u00ed como sus relaciones con Argentina\u00a0y la crisis socio pol\u00edtica de\u00a0Venezuela han generado diferentes discursos que, junto a los temas migratorios, se han visto reflejados en los distintos an\u00e1lisis.<\/p>\n<h4><a href=\"http:\/\/www.ribei.org\/es\/node\/242\" target=\"_blank\" rel=\"noopener\"><strong>Ver bolet\u00edn<\/strong><\/a><\/h4>\n","protected":false},"excerpt":{"rendered":"<p>Las pol\u00edticas econ\u00f3micas contin\u00faan debati\u00e9ndose en los diferentes foros de Am\u00e9rica Latina. Las pol\u00edticas tributarias, financieras o el sistema bancario siguen en la agenda tanto de los asociados de la red, como de las instituciones internacionales y regionales que durante el mes de mayo han publicado diferentes an\u00e1lisis resultado de los datos macroecon\u00f3micos de la &hellip; <\/p>\n<p><a class=\"more-link btn\" href=\"https:\/\/cebem.org\/?p=2376\">Seguir leyendo<\/a><\/p>\n","protected":false},"author":2,"featured_media":2377,"comment_status":"closed","ping_status":"closed","sticky":false,"template":"","format":"standard","meta":{"_jetpack_memberships_contains_paid_content":false,"footnotes":"","jetpack_publicize_message":"","jetpack_publicize_feature_enabled":true,"jetpack_social_post_already_shared":true,"jetpack_social_options":{"image_generator_settings":{"template":"highway","default_image_id":0,"font":"","enabled":false},"version":2}},"categories":[7],"tags":[17,134],"class_list":["post-2376","post","type-post","status-publish","format-standard","has-post-thumbnail","hentry","category-otras-publicaciones","tag-boletin","tag-boletin-5-mayo-2017","item-wrap"],"jetpack_publicize_connections":[],"jetpack_featured_media_url":"https:\/\/i0.wp.com\/cebem.org\/wp-content\/uploads\/2017\/06\/Boletin17.jpg?fit=801%2C200&ssl=1","jetpack_sharing_enabled":true,"_links":{"self":[{"href":"https:\/\/cebem.org\/index.php?rest_route=\/wp\/v2\/posts\/2376","targetHints":{"allow":["GET"]}}],"collection":[{"href":"https:\/\/cebem.org\/index.php?rest_route=\/wp\/v2\/posts"}],"about":[{"href":"https:\/\/cebem.org\/index.php?rest_route=\/wp\/v2\/types\/post"}],"author":[{"embeddable":true,"href":"https:\/\/cebem.org\/index.php?rest_route=\/wp\/v2\/users\/2"}],"replies":[{"embeddable":true,"href":"https:\/\/cebem.org\/index.php?rest_route=%2Fwp%2Fv2%2Fcomments&post=2376"}],"version-history":[{"count":1,"href":"https:\/\/cebem.org\/index.php?rest_route=\/wp\/v2\/posts\/2376\/revisions"}],"predecessor-version":[{"id":2378,"href":"https:\/\/cebem.org\/index.php?rest_route=\/wp\/v2\/posts\/2376\/revisions\/2378"}],"wp:featuredmedia":[{"embeddable":true,"href":"https:\/\/cebem.org\/index.php?rest_route=\/wp\/v2\/media\/2377"}],"wp:attachment":[{"href":"https:\/\/cebem.org\/index.php?rest_route=%2Fwp%2Fv2%2Fmedia&parent=2376"}],"wp:term":[{"taxonomy":"category","embeddable":true,"href":"https:\/\/cebem.org\/index.php?rest_route=%2Fwp%2Fv2%2Fcategories&post=2376"},{"taxonomy":"post_tag","embeddable":true,"href":"https:\/\/cebem.org\/index.php?rest_route=%2Fwp%2Fv2%2Ftags&post=2376"}],"curies":[{"name":"wp","href":"https:\/\/api.w.org\/{rel}","templated":true}]}}