
{"id":2370,"date":"2017-06-27T11:44:53","date_gmt":"2017-06-27T15:44:53","guid":{"rendered":"http:\/\/cebem.org\/?p=2370"},"modified":"2017-06-27T11:44:53","modified_gmt":"2017-06-27T15:44:53","slug":"cacao-y-campesinos-experiencias-de-produccion-e-investigacion","status":"publish","type":"post","link":"https:\/\/cebem.org\/?p=2370","title":{"rendered":"Cacao y Campesinos: experiencias de producci\u00f3n e investigaci\u00f3n"},"content":{"rendered":"<p><a href=\"https:\/\/i0.wp.com\/cebem.org\/wp-content\/uploads\/2017\/06\/cacao-y-campesinos.jpg\"><img data-recalc-dims=\"1\" fetchpriority=\"high\" decoding=\"async\" class=\"alignleft size-medium wp-image-2371\" src=\"https:\/\/i0.wp.com\/cebem.org\/wp-content\/uploads\/2017\/06\/cacao-y-campesinos-300x300.jpg?resize=300%2C300\" alt=\"\" width=\"300\" height=\"300\" srcset=\"https:\/\/i0.wp.com\/cebem.org\/wp-content\/uploads\/2017\/06\/cacao-y-campesinos.jpg?resize=300%2C300&amp;ssl=1 300w, https:\/\/i0.wp.com\/cebem.org\/wp-content\/uploads\/2017\/06\/cacao-y-campesinos.jpg?resize=150%2C150&amp;ssl=1 150w, https:\/\/i0.wp.com\/cebem.org\/wp-content\/uploads\/2017\/06\/cacao-y-campesinos.jpg?resize=768%2C767&amp;ssl=1 768w, https:\/\/i0.wp.com\/cebem.org\/wp-content\/uploads\/2017\/06\/cacao-y-campesinos.jpg?resize=600%2C599&amp;ssl=1 600w, https:\/\/i0.wp.com\/cebem.org\/wp-content\/uploads\/2017\/06\/cacao-y-campesinos.jpg?w=904&amp;ssl=1 904w\" sizes=\"(max-width: 300px) 100vw, 300px\" \/><\/a>Se inscribe en los empe\u00f1os del Sistema de Investigaci\u00f3n sobre la Problem\u00e1tica Agraria del Ecuador (SIPAE) por esclarecer las relaciones sociedad, pol\u00edtica, econom\u00eda, producci\u00f3n y vida en el campo; para hacerlo, en esta ocasi\u00f3n ha contado con el apoyo y aporte de la Universidad Central (UCE), Escuela Polit\u00e9cnica del Litoral (ESPOL) y Universidad de Guayaquil (UG). Estudiar el tema del cacao en el contexto de estas relaciones, relaciones cambiantes a lo largo de la historia de construcci\u00f3n y desarrollo del pa\u00eds, ha concitado no poco inter\u00e9s, aunque centrado, por cierto, m\u00e1s en su dimensi\u00f3n econ\u00f3mica. Como se sabe, se trata del primer producto con que, desde la Real Audiencia de Quito empezar\u00eda a perfilarse un modo de producir \u201cespecializado\u201d que ir\u00eda tomando fuerza en torno al monocultivo, a trav\u00e9s del cual se establecer\u00eda m\u00e1s tarde, ya en \u00e9poca republicana, la principal forma de dependencia comercial de nuestro pa\u00eds.<\/p>\n<p>Desde la primera d\u00e9cada del siglo XVII se hab\u00eda iniciado en la costa la explotaci\u00f3n de cacao y ensayado su acaparamiento y comercio a cargo de dos codiciosos corregidores, hasta que sus embarques de Guayaquil a Acapulco fueran prohibidos por orden del reino. El mismo siglo, hacia 1665, otro reci\u00e9n posesionado y abusivo corregidor de Guayaquil se dedicar\u00eda a la compra fraudulenta del cacao y al intento de implementar su exportaci\u00f3n. Pero no ser\u00eda sino desde 1740 que la producci\u00f3n y exportaci\u00f3n de cacao iniciar\u00eda su alza lenta hasta que, luego de la consolidaci\u00f3n del Estado nacional, que tuviera lugar bajo el r\u00e9gimen garciano y justo en los a\u00f1os previos a la revoluci\u00f3n liberal, alcanzar\u00eda su posicionamiento como producto competitivo en el mercado mundial.<\/p>\n<h4><a href=\"https:\/\/es.scribd.com\/document\/342203260\/Cacao-y-Campesinos-Experiencias-de-Produccion-e-Investigacion\" target=\"_blank\" rel=\"noopener\"><strong>M\u00e1s informaci\u00f3n<\/strong><\/a><\/h4>\n","protected":false},"excerpt":{"rendered":"<p>Se inscribe en los empe\u00f1os del Sistema de Investigaci\u00f3n sobre la Problem\u00e1tica Agraria del Ecuador (SIPAE) por esclarecer las relaciones sociedad, pol\u00edtica, econom\u00eda, producci\u00f3n y vida en el campo; para hacerlo, en esta ocasi\u00f3n ha contado con el apoyo y aporte de la Universidad Central (UCE), Escuela Polit\u00e9cnica del Litoral (ESPOL) y Universidad de Guayaquil &hellip; <\/p>\n<p><a class=\"more-link btn\" href=\"https:\/\/cebem.org\/?p=2370\">Seguir leyendo<\/a><\/p>\n","protected":false},"author":2,"featured_media":2371,"comment_status":"closed","ping_status":"closed","sticky":false,"template":"","format":"standard","meta":{"_jetpack_memberships_contains_paid_content":false,"footnotes":"","jetpack_publicize_message":"","jetpack_publicize_feature_enabled":true,"jetpack_social_post_already_shared":true,"jetpack_social_options":{"image_generator_settings":{"template":"highway","default_image_id":0,"font":"","enabled":false},"version":2}},"categories":[7],"tags":[134,74],"class_list":["post-2370","post","type-post","status-publish","format-standard","has-post-thumbnail","hentry","category-otras-publicaciones","tag-boletin-5-mayo-2017","tag-libro","item-wrap"],"jetpack_publicize_connections":[],"jetpack_featured_media_url":"https:\/\/i0.wp.com\/cebem.org\/wp-content\/uploads\/2017\/06\/cacao-y-campesinos.jpg?fit=904%2C903&ssl=1","jetpack_sharing_enabled":true,"_links":{"self":[{"href":"https:\/\/cebem.org\/index.php?rest_route=\/wp\/v2\/posts\/2370","targetHints":{"allow":["GET"]}}],"collection":[{"href":"https:\/\/cebem.org\/index.php?rest_route=\/wp\/v2\/posts"}],"about":[{"href":"https:\/\/cebem.org\/index.php?rest_route=\/wp\/v2\/types\/post"}],"author":[{"embeddable":true,"href":"https:\/\/cebem.org\/index.php?rest_route=\/wp\/v2\/users\/2"}],"replies":[{"embeddable":true,"href":"https:\/\/cebem.org\/index.php?rest_route=%2Fwp%2Fv2%2Fcomments&post=2370"}],"version-history":[{"count":1,"href":"https:\/\/cebem.org\/index.php?rest_route=\/wp\/v2\/posts\/2370\/revisions"}],"predecessor-version":[{"id":2372,"href":"https:\/\/cebem.org\/index.php?rest_route=\/wp\/v2\/posts\/2370\/revisions\/2372"}],"wp:featuredmedia":[{"embeddable":true,"href":"https:\/\/cebem.org\/index.php?rest_route=\/wp\/v2\/media\/2371"}],"wp:attachment":[{"href":"https:\/\/cebem.org\/index.php?rest_route=%2Fwp%2Fv2%2Fmedia&parent=2370"}],"wp:term":[{"taxonomy":"category","embeddable":true,"href":"https:\/\/cebem.org\/index.php?rest_route=%2Fwp%2Fv2%2Fcategories&post=2370"},{"taxonomy":"post_tag","embeddable":true,"href":"https:\/\/cebem.org\/index.php?rest_route=%2Fwp%2Fv2%2Ftags&post=2370"}],"curies":[{"name":"wp","href":"https:\/\/api.w.org\/{rel}","templated":true}]}}