
{"id":2280,"date":"2017-04-28T12:12:10","date_gmt":"2017-04-28T16:12:10","guid":{"rendered":"http:\/\/cebem.org\/?p=2280"},"modified":"2017-04-28T12:12:10","modified_gmt":"2017-04-28T16:12:10","slug":"postgrado-iberoamericano-en-gobierno-y-politicas-publicas-locales","status":"publish","type":"post","link":"https:\/\/cebem.org\/?p=2280","title":{"rendered":"Postgrado Iberoamericano en gobierno y Pol\u00edticas Publicas Locales"},"content":{"rendered":"<p><em>La III Edici\u00f3n del Postgrado Iberoamericano en Gobiernos y Pol\u00edticas P\u00fablicas Locales (PIGPPL), tendr\u00e1 una duraci\u00f3n de tres semanas que comprender\u00e1n del 3 al 21 de julio de 2017.<\/em><\/p>\n<p><a href=\"https:\/\/i0.wp.com\/cebem.org\/wp-content\/uploads\/2017\/04\/Inicio-GOBLOCAL-CON-LOGO-UCCI-1.jpg\"><img data-recalc-dims=\"1\" fetchpriority=\"high\" decoding=\"async\" class=\"aligncenter size-medium wp-image-2281\" src=\"https:\/\/i0.wp.com\/cebem.org\/wp-content\/uploads\/2017\/04\/Inicio-GOBLOCAL-CON-LOGO-UCCI-1-300x185.jpg?resize=300%2C185\" alt=\"\" width=\"300\" height=\"185\" srcset=\"https:\/\/i0.wp.com\/cebem.org\/wp-content\/uploads\/2017\/04\/Inicio-GOBLOCAL-CON-LOGO-UCCI-1.jpg?resize=300%2C185&amp;ssl=1 300w, https:\/\/i0.wp.com\/cebem.org\/wp-content\/uploads\/2017\/04\/Inicio-GOBLOCAL-CON-LOGO-UCCI-1.jpg?resize=768%2C472&amp;ssl=1 768w, https:\/\/i0.wp.com\/cebem.org\/wp-content\/uploads\/2017\/04\/Inicio-GOBLOCAL-CON-LOGO-UCCI-1.jpg?resize=600%2C369&amp;ssl=1 600w, https:\/\/i0.wp.com\/cebem.org\/wp-content\/uploads\/2017\/04\/Inicio-GOBLOCAL-CON-LOGO-UCCI-1.jpg?w=813&amp;ssl=1 813w\" sizes=\"(max-width: 300px) 100vw, 300px\" \/><\/a><\/p>\n<p><strong>Presentaci\u00f3n<\/strong><\/p>\n<p>Los gobiernos municipales, y en general las pol\u00edticas locales, est\u00e1n experimentando hoy en d\u00eda una grand\u00edsima transformaci\u00f3n, derivada de los procesos de globalizaci\u00f3n, de los cambios constitucionales y en los derechos humanos, de los procesos de descentralizaci\u00f3n, de la revoluci\u00f3n tecnol\u00f3gica y de las comunicaciones, de las reformas en los modelos de gobernanza, y de las recientes tendencias en la participaci\u00f3n ciudadana y en la transparencia p\u00fablica. Y se trata de transformaciones que, con las caracter\u00edsticas propias de cada caso, se est\u00e1n produciendo de una u otra manera en todos los Estados.<\/p>\n<p>Espa\u00f1a es uno de los pa\u00edses que m\u00e1s ha experimentado todos estos procesos. No s\u00f3lo por la profund\u00edsima descentralizaci\u00f3n de sus estructuras pol\u00edticas que se ha llevado a cabo desde la Constituci\u00f3n de 1978, sino tambi\u00e9n por la integraci\u00f3n europea, por el enorme desarrollo pol\u00edtico, econ\u00f3mico y social, y por el dinamismo de la sociedad civil, entre otras circunstancias. En este sentido, Espa\u00f1a, como puente pol\u00edtico y cultural entre Europa y las Am\u00e9ricas, es un escenario inmejorable para el intercambio de conocimientos sobre las transformaciones en las pol\u00edticas municipales, y para el an\u00e1lisis de los escenarios de futuro que en torno a ellas se presentan.<\/p>\n<p>En este contexto, el postgrado pretende aproximar estas realidades a profesionales o expertos relacionados con los gobiernos locales latinoamericanos, constituyendo un foro de aprendizaje y de reflexi\u00f3n cr\u00edtica sobre distintos aspectos, tanto cl\u00e1sicos como novedosos, del municipalismo y de las pol\u00edticas p\u00fablicas locales. A trav\u00e9s de su participaci\u00f3n en actividades que les permitan adquirir destrezas y experiencias, se pretende establecer una plataforma de conexi\u00f3n entre expertos y acad\u00e9micos espa\u00f1oles, y expertos, pol\u00edticos, t\u00e9cnicos y profesionales latinoamericanos, estableciendo un intercambio no s\u00f3lo bidireccional sino sobre todo multidireccional de informaci\u00f3n, conocimientos y experiencias.<\/p>\n<p>Se pondr\u00e1 especial atenci\u00f3n en el an\u00e1lisis y debate de las m\u00e1s modernas tendencias en las nuevas f\u00f3rmulas de organizaci\u00f3n y gesti\u00f3n de los servicios p\u00fablicos a nivel municipal, que incorporan aspectos relacionados con el desarrollo sostenible, los impactos medioambientales, la ordenaci\u00f3n del territorio y la creaci\u00f3n de nuevos espacios urbanos, los esquemas de colaboraci\u00f3n p\u00fablico-privados, la participaci\u00f3n ciudadana, etc., as\u00ed como en aspectos transversales o m\u00e1s generales como el liderazgo, el dise\u00f1o de las pol\u00edticas p\u00fablicas, la gesti\u00f3n presupuestaria o la gobernanza global. Todo ello teniendo muy en cuenta que los municipios, como Administraciones de proximidad que son, representan el primer escal\u00f3n en la satisfacci\u00f3n de las necesidades b\u00e1sicas de los ciudadanos, y el nivel m\u00e1s inmediato de ejercicio de los derechos de sufragio y de participaci\u00f3n.<\/p>\n<p>As\u00ed pues, se ofrecer\u00e1 una radiograf\u00eda actual de cada tema, pero tambi\u00e9n un enfoque lo m\u00e1s pr\u00e1ctico posible y tendencialmente orientado a la resoluci\u00f3n profesional de problemas, de modo que resulte \u00fatil a los asistentes para su quehacer diario. Con este prop\u00f3sito, junto a destacados acad\u00e9micos, participan en el claustro docente reconocidos profesionales de los distintos sectores de las pol\u00edticas p\u00fablicas locales. Del mismo modo, una parte importante del curso est\u00e1 dedicada a actividades pr\u00e1cticas y de intercambio de experiencias y de buenas pr\u00e1cticas, talleres de formulaci\u00f3n y evaluaci\u00f3n de proyectos locales, presentaciones por los alumnos de un proyecto relacionado con su experiencia profesional, visitas institucionales, coloquio de Alcaldes, tutor\u00edas, etc. Esta diversidad de formatos pretende fomentar el di\u00e1logo, el debate y la interacci\u00f3n entre el claustro de profesores y los alumnos.<\/p>\n<p>Siendo del todo conscientes de que en las pol\u00edticas p\u00fablicas locales convergen realidades, experiencias y saberes muy heterog\u00e9neas, el enfoque de los contenidos pretende ser transdisciplinar, en un doble sentido: por un lado, el claustro docente est\u00e1 compuesto de acad\u00e9micos y profesionales de diverso origen (juristas, polit\u00f3logos, economistas, urbanistas, pol\u00edticos locales, etc.), y por otro se pretende que los alumnos tengan igualmente una proveniencia o especializaci\u00f3n diversificada. En este sentido, los destinatarios del curso son, indistintamente, pol\u00edticos del mundo municipal o incluso regional, expertos en pol\u00edticas p\u00fablicas, acad\u00e9micos, gestores locales, abogados, periodistas o analistas, etc. En definitiva, el curso pretende dirigirse a cualquier profesional o responsable p\u00fablico que de forma directo o indirecta pueda tomar parte en el dise\u00f1o o la implementaci\u00f3n de pol\u00edticas a nivel municipal o eventualmente regional.<\/p>\n<p>El objetivo de este postgrado es pues fortalecer y potenciar a los gestores y a los responsables de las administraciones p\u00fablicas descentralizadas latinoamericanas en sus niveles de cualificaci\u00f3n profesional, permiti\u00e9ndoles desarrollar habilidades directivas y ejecutivas<\/p>\n<p>En definitiva, el postgrado pretende ser una oferta formativa que, desde Espa\u00f1a, permita a profesionales, expertos, pol\u00edticos o gestores p\u00fablicos o privados del continente americano aproximarse a estos procesos de cambio en la realidad municipal.<\/p>\n<p>La Universidad de Castilla-La Mancha (UCLM), con sus m\u00e1s de treinta a\u00f1os de experiencia en la vanguardia de la formaci\u00f3n y la investigaci\u00f3n, se beneficia de su trayectoria en la organizaci\u00f3n de cursos de postgrado dirigidos al p\u00fablico latinoamericano, que comenz\u00f3 hace m\u00e1s de una d\u00e9cada y que hasta el momento ha formado a m\u00e1s de 3000 participantes de todos los pa\u00edses de las Am\u00e9ricas.<\/p>\n<h4><a href=\"https:\/\/sites.google.com\/site\/gpplpostgradoi\/home\" target=\"_blank\" rel=\"noopener noreferrer\"><strong>M\u00e1s informaci\u00f3n<\/strong><\/a><\/h4>\n","protected":false},"excerpt":{"rendered":"<p>La III Edici\u00f3n del Postgrado Iberoamericano en Gobiernos y Pol\u00edticas P\u00fablicas Locales (PIGPPL), tendr\u00e1 una duraci\u00f3n de tres semanas que comprender\u00e1n del 3 al 21 de julio de 2017. Presentaci\u00f3n Los gobiernos municipales, y en general las pol\u00edticas locales, est\u00e1n experimentando hoy en d\u00eda una grand\u00edsima transformaci\u00f3n, derivada de los procesos de globalizaci\u00f3n, de los &hellip; <\/p>\n<p><a class=\"more-link btn\" href=\"https:\/\/cebem.org\/?p=2280\">Seguir leyendo<\/a><\/p>\n","protected":false},"author":2,"featured_media":2281,"comment_status":"closed","ping_status":"closed","sticky":false,"template":"","format":"standard","meta":{"_jetpack_memberships_contains_paid_content":false,"footnotes":"","jetpack_publicize_message":"","jetpack_publicize_feature_enabled":true,"jetpack_social_post_already_shared":true,"jetpack_social_options":{"image_generator_settings":{"template":"highway","default_image_id":0,"font":"","enabled":false},"version":2}},"categories":[10],"tags":[133,38],"class_list":["post-2280","post","type-post","status-publish","format-standard","has-post-thumbnail","hentry","category-otros-cursos","tag-boletin-4-abril-2017","tag-curso","item-wrap"],"jetpack_publicize_connections":[],"jetpack_featured_media_url":"https:\/\/i0.wp.com\/cebem.org\/wp-content\/uploads\/2017\/04\/Inicio-GOBLOCAL-CON-LOGO-UCCI-1.jpg?fit=813%2C500&ssl=1","jetpack_sharing_enabled":true,"_links":{"self":[{"href":"https:\/\/cebem.org\/index.php?rest_route=\/wp\/v2\/posts\/2280","targetHints":{"allow":["GET"]}}],"collection":[{"href":"https:\/\/cebem.org\/index.php?rest_route=\/wp\/v2\/posts"}],"about":[{"href":"https:\/\/cebem.org\/index.php?rest_route=\/wp\/v2\/types\/post"}],"author":[{"embeddable":true,"href":"https:\/\/cebem.org\/index.php?rest_route=\/wp\/v2\/users\/2"}],"replies":[{"embeddable":true,"href":"https:\/\/cebem.org\/index.php?rest_route=%2Fwp%2Fv2%2Fcomments&post=2280"}],"version-history":[{"count":1,"href":"https:\/\/cebem.org\/index.php?rest_route=\/wp\/v2\/posts\/2280\/revisions"}],"predecessor-version":[{"id":2282,"href":"https:\/\/cebem.org\/index.php?rest_route=\/wp\/v2\/posts\/2280\/revisions\/2282"}],"wp:featuredmedia":[{"embeddable":true,"href":"https:\/\/cebem.org\/index.php?rest_route=\/wp\/v2\/media\/2281"}],"wp:attachment":[{"href":"https:\/\/cebem.org\/index.php?rest_route=%2Fwp%2Fv2%2Fmedia&parent=2280"}],"wp:term":[{"taxonomy":"category","embeddable":true,"href":"https:\/\/cebem.org\/index.php?rest_route=%2Fwp%2Fv2%2Fcategories&post=2280"},{"taxonomy":"post_tag","embeddable":true,"href":"https:\/\/cebem.org\/index.php?rest_route=%2Fwp%2Fv2%2Ftags&post=2280"}],"curies":[{"name":"wp","href":"https:\/\/api.w.org\/{rel}","templated":true}]}}