
{"id":227,"date":"2016-02-19T14:34:49","date_gmt":"2016-02-19T18:34:49","guid":{"rendered":"http:\/\/cebem.org\/?p=227"},"modified":"2016-02-19T14:45:17","modified_gmt":"2016-02-19T18:45:17","slug":"convocatoria-para-la-i-conferencia-sobre-el-estado-del-arte-de-la-economia-politica-internacional-en-latinoamerica","status":"publish","type":"post","link":"https:\/\/cebem.org\/?p=227","title":{"rendered":"Convocatoria para la I Conferencia sobre el estado del arte de la Econom\u00eda Pol\u00edtica Internacional en Latinoam\u00e9rica"},"content":{"rendered":"<p style=\"text-align: center;\"><strong>Convocatoria para la presentaci\u00f3n de ponencias<\/strong><\/p>\n<p style=\"text-align: center;\"><em>Estado del Arte de la Econom\u00eda Pol\u00edtica Internacional en Latinoam\u00e9rica<\/em><\/p>\n<p>El grupo de estudios sobre Econom\u00eda Pol\u00edtica Internacional de Colombia (EPIC) abre la convocatoria para la\u00a0<em>I Conferencia sobre el Estado del Arte de la Econom\u00eda Pol\u00edtica Internacional en Latinoam\u00e9rica<\/em>, que se llevar\u00e1 a cabo el d\u00eda jueves 13 de Octubre de 2016 en la Universidad del Rosario en Bogot\u00e1.<\/p>\n<p>EPIC es un grupo de estudios conformados por acad\u00e9micos de universidades colombianas (Universidad del Rosario, Universidad de los Andes) e internacionales (King\u00b4s College Londres), en torno de la naciente disciplina de la\u00a0<em>Econom\u00eda Pol\u00edtica Internacional\u00a0<\/em>(EPI). Nuestro prop\u00f3sito actual es ampliar la comunidad que hemos conformado hasta hoy.<\/p>\n<p>Para llevar a cabo dicho prop\u00f3sito queremos organizar una conferencia sobre el estado del arte de EPI en nuestra regi\u00f3n. La justificaci\u00f3n de esta consiste en que hemos encontrado un vac\u00edo en la literatura sobre los aspectos ontol\u00f3gicos, epistemol\u00f3gicos y metodol\u00f3gicos de la disciplina en castellano. Vale decir que los t<em>extbooks<\/em>\u00a0y principales art\u00edculos publicados se encuentran en ingl\u00e9s. En esa medida, uno de los objetivos del encuentro consiste en dar a conocer escritos sobre los temas generales de EPI en castellano y portugu\u00e9s, con el fin de publicar m\u00e1s adelante estos a manera de libro introductorio a la Econom\u00eda Pol\u00edtica Internacional para estudiantes en Latinoam\u00e9rica.<\/p>\n<p>Por otro lado, otro de los prop\u00f3sitos de la conferencia consiste en propiciar un espacio de encuentro entre acad\u00e9micos con miras a la\u00a0formaci\u00f3n de una comunidad latinoamericana de estudios sobre EPI, hacer networking, discutir proyectos de investigaci\u00f3n, y fomentar la colaboraci\u00f3n entre pares acad\u00e9micos cuyo inter\u00e9s investigativo es principalmente la EPI.<\/p>\n<p><strong>Sobre las propuestas de ponencia<\/strong><\/p>\n<p>Idioma: en castellano o portugu\u00e9s (se aceptan textos excepcionalmente en ingl\u00e9s)<\/p>\n<p>Temas: Estado del arte de los temas relevantes en la disciplina, con \u00e9nfasis en una aproximaci\u00f3n desde Latinoam\u00e9rica:<\/p>\n<ul>\n<li>\u00bfQu\u00e9 es la EPI?<\/li>\n<li>Comercio exterior<\/li>\n<li>Pol\u00edtica monetaria<\/li>\n<li>Pol\u00edtica cambiaria<\/li>\n<li>Finanzas internacionales<\/li>\n<li>Crisis econ\u00f3micas<\/li>\n<li>Desarrollo<\/li>\n<li>Diplomacia econ\u00f3mica<\/li>\n<\/ul>\n<p>Extensi\u00f3n: m\u00e1ximo 500 palabras<\/p>\n<p>Nota aclaratoria: se reciben propuestas tambi\u00e9n sobre temas relacionados con la econom\u00eda pol\u00edtica internacional en general, con \u00e9nfasis en o estudios de caso de pa\u00edses latinoamericanos.<\/p>\n<p>Fecha l\u00edmite para el env\u00edo de las propuestas:\u00a0<strong><u>1 de marzo de 2016<\/u><\/strong>. Por favor enviarlas al correo electr\u00f3nico:\u00a0<a href=\"mailto:coral.horacio@urosario.edu.com\">coral.horacio@urosario.edu.co<\/a><\/p>\n","protected":false},"excerpt":{"rendered":"<p>Convocatoria para la presentaci\u00f3n de ponencias Estado del Arte de la Econom\u00eda Pol\u00edtica Internacional en Latinoam\u00e9rica El grupo de estudios sobre Econom\u00eda Pol\u00edtica Internacional de Colombia (EPIC) abre la convocatoria para la\u00a0I Conferencia sobre el Estado del Arte de la Econom\u00eda Pol\u00edtica Internacional en Latinoam\u00e9rica, que se llevar\u00e1 a cabo el d\u00eda jueves 13 de &hellip; <\/p>\n<p><a class=\"more-link btn\" href=\"https:\/\/cebem.org\/?p=227\">Seguir leyendo<\/a><\/p>\n","protected":false},"author":2,"featured_media":229,"comment_status":"closed","ping_status":"closed","sticky":false,"template":"","format":"standard","meta":{"_jetpack_memberships_contains_paid_content":false,"footnotes":"","jetpack_publicize_message":"","jetpack_publicize_feature_enabled":true,"jetpack_social_post_already_shared":true,"jetpack_social_options":{"image_generator_settings":{"template":"highway","default_image_id":0,"font":"","enabled":false},"version":2}},"categories":[8],"tags":[16],"class_list":["post-227","post","type-post","status-publish","format-standard","has-post-thumbnail","hentry","category-convocatorias","tag-conferencia","item-wrap"],"jetpack_publicize_connections":[],"jetpack_featured_media_url":"https:\/\/i0.wp.com\/cebem.org\/wp-content\/uploads\/2016\/02\/universidad-del-rosario.jpg?fit=408%2C409&ssl=1","jetpack_sharing_enabled":true,"_links":{"self":[{"href":"https:\/\/cebem.org\/index.php?rest_route=\/wp\/v2\/posts\/227","targetHints":{"allow":["GET"]}}],"collection":[{"href":"https:\/\/cebem.org\/index.php?rest_route=\/wp\/v2\/posts"}],"about":[{"href":"https:\/\/cebem.org\/index.php?rest_route=\/wp\/v2\/types\/post"}],"author":[{"embeddable":true,"href":"https:\/\/cebem.org\/index.php?rest_route=\/wp\/v2\/users\/2"}],"replies":[{"embeddable":true,"href":"https:\/\/cebem.org\/index.php?rest_route=%2Fwp%2Fv2%2Fcomments&post=227"}],"version-history":[{"count":1,"href":"https:\/\/cebem.org\/index.php?rest_route=\/wp\/v2\/posts\/227\/revisions"}],"predecessor-version":[{"id":228,"href":"https:\/\/cebem.org\/index.php?rest_route=\/wp\/v2\/posts\/227\/revisions\/228"}],"wp:featuredmedia":[{"embeddable":true,"href":"https:\/\/cebem.org\/index.php?rest_route=\/wp\/v2\/media\/229"}],"wp:attachment":[{"href":"https:\/\/cebem.org\/index.php?rest_route=%2Fwp%2Fv2%2Fmedia&parent=227"}],"wp:term":[{"taxonomy":"category","embeddable":true,"href":"https:\/\/cebem.org\/index.php?rest_route=%2Fwp%2Fv2%2Fcategories&post=227"},{"taxonomy":"post_tag","embeddable":true,"href":"https:\/\/cebem.org\/index.php?rest_route=%2Fwp%2Fv2%2Ftags&post=227"}],"curies":[{"name":"wp","href":"https:\/\/api.w.org\/{rel}","templated":true}]}}