
{"id":2180,"date":"2017-03-31T11:53:16","date_gmt":"2017-03-31T15:53:16","guid":{"rendered":"http:\/\/cebem.org\/?p=2180"},"modified":"2017-03-31T11:53:16","modified_gmt":"2017-03-31T15:53:16","slug":"mas-alla-del-carbono-salvar-los-bosques-para-no-quedarnos-sin-agua","status":"publish","type":"post","link":"https:\/\/cebem.org\/?p=2180","title":{"rendered":"M\u00e1s all\u00e1 del carbono: Salvar los bosques para no quedarnos sin agua"},"content":{"rendered":"<blockquote><p>En el D\u00eda Internacional de los Bosques, un grupo de cient\u00edficos aboga por una nueva forma de ver los bosques que d\u00e9 prioridad a su contribuci\u00f3n con la provisi\u00f3n de agua del mundo.<\/p><\/blockquote>\n<p>Una nueva <a href=\"http:\/\/www.sciencedirect.com\/science\/article\/pii\/S0959378017300134\" target=\"_blank\">investigaci\u00f3n<\/a> revela las numerosas formas en que los bosques contribuyen a la creaci\u00f3n de lluvia y reducci\u00f3n de la temperatura de los climas locales, y recomienda un an\u00e1lisis m\u00e1s profundo sobre las capacidades de los bosques m\u00e1s all\u00e1 de la simple mitigaci\u00f3n del cambio clim\u00e1tico.<\/p>\n<p>En un <a href=\"http:\/\/www.sciencedirect.com\/science\/article\/pii\/S0959378017300134\" target=\"_blank\">art\u00edculo<\/a> de publicaci\u00f3n reciente, 22 investigadores pertenecientes al mismo n\u00famero de instituciones diversas, <a href=\"http:\/\/www.sciencedirect.com\/science\/article\/pii\/S0959378017300134\" target=\"_blank\">hacen un llamado<\/a> por un cambio de paradigma en la forma en que la comunidad internacional ve los bosques y los \u00e1rboles, de un modelo centrado en el carbono a uno que reconozca su importancia en los ciclos transcontinentales del agua, as\u00ed como a escala local.<\/p>\n<p>\u201cLas personas est\u00e1n acostumbradas a escuchar la idea de que los bosques son realmente importantes, pero ahora contamos con un conocimiento mucho m\u00e1s profundo acerca de por qu\u00e9 la p\u00e9rdida de la cobertura forestal puede tener un impacto tan grande sobre la disponibilidad de agua, en especial para las personas que viven a favor del viento\u201d, se\u00f1ala uno de los coautores del estudio, Douglas Sheil de la Universidad Noruega de Ciencias de la Vida.<\/p>\n<p>\u201cLos v\u00ednculos son mucho m\u00e1s fuertes de lo que se pensaba anteriormente. Y si los formuladores de pol\u00edticas y los planificadores de uso de la tierra no toman conciencia de ello, es una enorme carencia para la toma de decisiones\u201d.<\/p>\n<p>Pero, entonces, \u00bfqu\u00e9 sabemos exactamente sobre los bosques y el agua?<\/p>\n<h4><a href=\"http:\/\/blog.cifor.org\/48968\/mas-alla-del-carbono-salvar-los-bosques-para-no-quedarnos-sin-agua?fnl=es\" target=\"_blank\"><strong>Seguir leyendo el art\u00edculo<\/strong><\/a><\/h4>\n","protected":false},"excerpt":{"rendered":"<p>En el D\u00eda Internacional de los Bosques, un grupo de cient\u00edficos aboga por una nueva forma de ver los bosques que d\u00e9 prioridad a su contribuci\u00f3n con la provisi\u00f3n de agua del mundo. Una nueva investigaci\u00f3n revela las numerosas formas en que los bosques contribuyen a la creaci\u00f3n de lluvia y reducci\u00f3n de la temperatura &hellip; <\/p>\n<p><a class=\"more-link btn\" href=\"https:\/\/cebem.org\/?p=2180\">Seguir leyendo<\/a><\/p>\n","protected":false},"author":2,"featured_media":2181,"comment_status":"closed","ping_status":"closed","sticky":false,"template":"","format":"standard","meta":{"_jetpack_memberships_contains_paid_content":false,"footnotes":"","jetpack_publicize_message":"","jetpack_publicize_feature_enabled":true,"jetpack_social_post_already_shared":true,"jetpack_social_options":{"image_generator_settings":{"template":"highway","default_image_id":0,"font":"","enabled":false},"version":2}},"categories":[7],"tags":[29,129],"class_list":["post-2180","post","type-post","status-publish","format-standard","has-post-thumbnail","hentry","category-otras-publicaciones","tag-articulo","tag-boletin-3-marzo-2017","item-wrap"],"jetpack_publicize_connections":[],"jetpack_featured_media_url":"https:\/\/i0.wp.com\/cebem.org\/wp-content\/uploads\/2017\/03\/5609723319_12f8d72d81_b-2.jpg?fit=1024%2C681&ssl=1","jetpack_sharing_enabled":true,"_links":{"self":[{"href":"https:\/\/cebem.org\/index.php?rest_route=\/wp\/v2\/posts\/2180","targetHints":{"allow":["GET"]}}],"collection":[{"href":"https:\/\/cebem.org\/index.php?rest_route=\/wp\/v2\/posts"}],"about":[{"href":"https:\/\/cebem.org\/index.php?rest_route=\/wp\/v2\/types\/post"}],"author":[{"embeddable":true,"href":"https:\/\/cebem.org\/index.php?rest_route=\/wp\/v2\/users\/2"}],"replies":[{"embeddable":true,"href":"https:\/\/cebem.org\/index.php?rest_route=%2Fwp%2Fv2%2Fcomments&post=2180"}],"version-history":[{"count":1,"href":"https:\/\/cebem.org\/index.php?rest_route=\/wp\/v2\/posts\/2180\/revisions"}],"predecessor-version":[{"id":2182,"href":"https:\/\/cebem.org\/index.php?rest_route=\/wp\/v2\/posts\/2180\/revisions\/2182"}],"wp:featuredmedia":[{"embeddable":true,"href":"https:\/\/cebem.org\/index.php?rest_route=\/wp\/v2\/media\/2181"}],"wp:attachment":[{"href":"https:\/\/cebem.org\/index.php?rest_route=%2Fwp%2Fv2%2Fmedia&parent=2180"}],"wp:term":[{"taxonomy":"category","embeddable":true,"href":"https:\/\/cebem.org\/index.php?rest_route=%2Fwp%2Fv2%2Fcategories&post=2180"},{"taxonomy":"post_tag","embeddable":true,"href":"https:\/\/cebem.org\/index.php?rest_route=%2Fwp%2Fv2%2Ftags&post=2180"}],"curies":[{"name":"wp","href":"https:\/\/api.w.org\/{rel}","templated":true}]}}