
{"id":2153,"date":"2017-03-31T10:16:35","date_gmt":"2017-03-31T14:16:35","guid":{"rendered":"http:\/\/cebem.org\/?p=2153"},"modified":"2017-03-31T10:16:35","modified_gmt":"2017-03-31T14:16:35","slug":"quien-gestiona-las-comunicaciones-cientificas-en-acceso-abierto-toward-the-internet-of-the-mind","status":"publish","type":"post","link":"https:\/\/cebem.org\/?p=2153","title":{"rendered":"\u00bfQuien gestiona las comunicaciones cient\u00edficas en acceso abierto? &#8211; Toward the Internet of the Mind"},"content":{"rendered":"<p>Con motivo de los 15 a\u00f1os de la\u00a0<a href=\"http:\/\/www.budapestopenaccessinitiative.org\/read\" target=\"_blank\">Declaraci\u00f3n de Budapest<\/a>\u00a0sobre acceso abierto, uno de los destacados especialistas internacionales que particip\u00f3 en el grupo que redact\u00f3 la declaraci\u00f3n internacional, el Prof. Jean-Claude Gu\u00e9don de la Universidad de Montreal, public\u00f3 la semana pasada\u00a0<a href=\"http:\/\/www.budapestopenaccessinitiative.org\/open-access-toward-the-internet-of-the-mind\" target=\"_blank\">una importante contribuci\u00f3n<\/a>\u00a0para ayudarnos a pensar en estos momentos en los cuales la apuesta por el acceso abierto est\u00e1 en juego.<\/p>\n<p>&nbsp;<\/p>\n<p><a href=\"http:\/\/www.budapestopenaccessinitiative.org\/open-access-toward-the-internet-of-the-mind\" target=\"_blank\">El texto de Jean-Claude Gu\u00e9don<\/a>\u00a0es una gran contribuci\u00f3n abriendo nuestros ojos y mentes a las consecuencias de este per\u00edodo donde pareciera que el control de las \u00a0comunicaciones cient\u00edficas escapa a las comunidades de investigadores y las estrategias de las grandes editoriales comerciales internacionales y algunos miembros de la comunidad del acceso abierto est\u00e1n orientadas a ajustarse a las necesidades de los editores comerciales internacionales, en lugar de orientarse a las necesidades de comunicaci\u00f3n de los investigadores que simplemente est\u00e1n haciendo todo lo posible para responder a un perverso sistema de evaluaci\u00f3n basado en un reducido n\u00famero de revistas del mundo.<\/p>\n<p>&nbsp;<\/p>\n<p>El texto del profesor Gu\u00e9don tambi\u00e9n nos alerta sobre el avance del modelo de pagar por publicar en acceso abierto (APC-article processing charges), con las grandes editoriales acad\u00e9micas comerciales internacionales ofreciendo nuevos \u201c<em>big deals<\/em>\u201d (grandes ofertas) para pagar por publicar art\u00edculos en acceso abierto en sus revistas, acuerdos que se suman a los \u201cbig deals\u201d que ya firman los pa\u00edses para la suscripci\u00f3n a grandes vol\u00famenes de revistas a nivel nacional.\u00a0 Los principales editores acad\u00e9micos comerciales internacionales y sus servicios de evaluaci\u00f3n se posicionan as\u00ed como \u00abel\u00bb sistema de comunicaci\u00f3n de la ciencia y est\u00e1n encontrando apoyo de algunos miembros de la comunidad de acceso abierto para asegurar un papel de liderazgo para los editores comerciales en el escenario del acceso abierto, cuando en realidad el acceso abierto brinda oportunidades para que sea la misma comunidad cient\u00edfica y acad\u00e9mica internacional quien se organice para controlar y gestionar las comunicaciones cient\u00edficas.<\/p>\n<p>&nbsp;<\/p>\n<p>Esta situaci\u00f3n plantea grandes desaf\u00edos para los repositorios del mundo y para las redes regionales de repositorios (ej.: OpenAIRE en Europa,\u00a0<a href=\"http:\/\/www.lareferencia.info\/\" target=\"_blank\">La Referencia<\/a>\u00a0en Am\u00e9rica Latina) para encontrar formas de desarrollar los procesos de certificaci\u00f3n de calidad de los contenidos dentro de repositorios y posicionarse como infraestructuras regionales de investigaci\u00f3n con las funciones y servicios de valor agregado necesarios, entre otros, para diversificar y enriquecer los indicadores utilizados en los procesos de evaluaci\u00f3n de los investigadores y las instituciones de investigaci\u00f3n. \u00a0 En este sentido, Am\u00e9rica Latina ya ha avanzado con el desarrollo de\u00a0<a href=\"http:\/\/biblioteca.clacso.edu.ar\/clacso\/se\/20141217052547\/Indicadores_de_acceso_abierto.pdf\" target=\"_blank\">indicadores para evaluaci\u00f3n aportados por portales como SciELO, Redalyc y CLACSO<\/a>.<\/p>\n<p>&nbsp;<\/p>\n<p>Recomendamos circular el texto de Jean-Claude Gu\u00e9don entre autoridades, investigadores, bibliotecas, \u00e1rea editorial y otras \u00e1reas vinculadas a la comunicaci\u00f3n cient\u00edfica en las instituciones.<\/p>\n<h4><strong><a href=\"http:\/\/cebem.org\/wp-content\/uploads\/2017\/03\/Jean-Claude-Guedon.pdf\" target=\"_blank\">DESCARGAR<\/a>\u00a0texto completo de Jean-Claude Gu\u00e9do<\/strong> (versi\u00f3n Ingles)<\/h4>\n","protected":false},"excerpt":{"rendered":"<p>Con motivo de los 15 a\u00f1os de la\u00a0Declaraci\u00f3n de Budapest\u00a0sobre acceso abierto, uno de los destacados especialistas internacionales que particip\u00f3 en el grupo que redact\u00f3 la declaraci\u00f3n internacional, el Prof. Jean-Claude Gu\u00e9don de la Universidad de Montreal, public\u00f3 la semana pasada\u00a0una importante contribuci\u00f3n\u00a0para ayudarnos a pensar en estos momentos en los cuales la apuesta por &hellip; <\/p>\n<p><a class=\"more-link btn\" href=\"https:\/\/cebem.org\/?p=2153\">Seguir leyendo<\/a><\/p>\n","protected":false},"author":2,"featured_media":2155,"comment_status":"closed","ping_status":"closed","sticky":false,"template":"","format":"standard","meta":{"_jetpack_memberships_contains_paid_content":false,"footnotes":"","jetpack_publicize_message":"","jetpack_publicize_feature_enabled":true,"jetpack_social_post_already_shared":true,"jetpack_social_options":{"image_generator_settings":{"template":"highway","default_image_id":0,"font":"","enabled":false},"version":2}},"categories":[7],"tags":[29,129],"class_list":["post-2153","post","type-post","status-publish","format-standard","has-post-thumbnail","hentry","category-otras-publicaciones","tag-articulo","tag-boletin-3-marzo-2017","item-wrap"],"jetpack_publicize_connections":[],"jetpack_featured_media_url":"https:\/\/i0.wp.com\/cebem.org\/wp-content\/uploads\/2017\/03\/JeanClaudeGuedon.jpg?fit=1280%2C720&ssl=1","jetpack_sharing_enabled":true,"_links":{"self":[{"href":"https:\/\/cebem.org\/index.php?rest_route=\/wp\/v2\/posts\/2153","targetHints":{"allow":["GET"]}}],"collection":[{"href":"https:\/\/cebem.org\/index.php?rest_route=\/wp\/v2\/posts"}],"about":[{"href":"https:\/\/cebem.org\/index.php?rest_route=\/wp\/v2\/types\/post"}],"author":[{"embeddable":true,"href":"https:\/\/cebem.org\/index.php?rest_route=\/wp\/v2\/users\/2"}],"replies":[{"embeddable":true,"href":"https:\/\/cebem.org\/index.php?rest_route=%2Fwp%2Fv2%2Fcomments&post=2153"}],"version-history":[{"count":1,"href":"https:\/\/cebem.org\/index.php?rest_route=\/wp\/v2\/posts\/2153\/revisions"}],"predecessor-version":[{"id":2156,"href":"https:\/\/cebem.org\/index.php?rest_route=\/wp\/v2\/posts\/2153\/revisions\/2156"}],"wp:featuredmedia":[{"embeddable":true,"href":"https:\/\/cebem.org\/index.php?rest_route=\/wp\/v2\/media\/2155"}],"wp:attachment":[{"href":"https:\/\/cebem.org\/index.php?rest_route=%2Fwp%2Fv2%2Fmedia&parent=2153"}],"wp:term":[{"taxonomy":"category","embeddable":true,"href":"https:\/\/cebem.org\/index.php?rest_route=%2Fwp%2Fv2%2Fcategories&post=2153"},{"taxonomy":"post_tag","embeddable":true,"href":"https:\/\/cebem.org\/index.php?rest_route=%2Fwp%2Fv2%2Ftags&post=2153"}],"curies":[{"name":"wp","href":"https:\/\/api.w.org\/{rel}","templated":true}]}}