
{"id":2148,"date":"2017-03-30T18:54:08","date_gmt":"2017-03-30T22:54:08","guid":{"rendered":"http:\/\/cebem.org\/?p=2148"},"modified":"2017-03-30T18:54:08","modified_gmt":"2017-03-30T22:54:08","slug":"curso-a-distancia-una-mirada-intercultural-y-decolonizadora-de-los-conflictos-socioambientales","status":"publish","type":"post","link":"https:\/\/cebem.org\/?p=2148","title":{"rendered":"Curso a distancia \u00abUna mirada intercultural y decolonizadora de los conflictos socioambientales\u00bb"},"content":{"rendered":"<p>Acci\u00f3n por la Biodiversidad \u2013 Instituto Superior La Fuente presentan el curso de formaci\u00f3n a distancia \u201cUna mirada intercultural y decolonizadora de los conflictos socioambientales\u201d.<\/p>\n<p>Los conflictos socioambientales que caracterizan la sociedad contempor\u00e1nea en particular, y en l\u00edneas generales, el modelo de sociedad que se fue gestando durante la modernidad, pueden ser le\u00eddos en t\u00e9rminos de una violencia epist\u00e9mica que dio como resultado la imposici\u00f3n hegem\u00f3nica de una cultura sobre las dem\u00e1s. El presente curso busca ofrecer elementos, te\u00f3ricos y pr\u00e1cticos, que permitan mirar dichos conflictos desde la perspectiva de la interculturalidad y la decolonialidad, creando as\u00ed las condiciones para la construcci\u00f3n de un di\u00e1logo de saberes que contribuya a la superaci\u00f3n de los mismos.<\/p>\n<p><strong>Destinatarios:<\/strong><\/p>\n<ul>\n<li>Docentes y estudiantes<\/li>\n<li>Integrantes de organizaciones y movimientos sociales<\/li>\n<li>Integrantes de ONGs<\/li>\n<li>Funcionarios p\u00fablicos<\/li>\n<li>P\u00fablico en general<\/li>\n<\/ul>\n<p><strong>Objetivos:<\/strong><\/p>\n<p>Al finalizar el curso se espera que lxs participantes hayan logrado:<\/p>\n<p>&#8211; Problematizar desde la mirada intercultural y decolonizadora nociones tales como multiculturalidad, diversidad cultural, democracia, desarrollo, sustentabilidad, emancipaci\u00f3n, autonom\u00eda, ciudadan\u00eda, g\u00e9nero y DD.HH.<\/p>\n<p>&#8211; Desarrollar la perspectiva intercultural y decolonizadora respecto de los conflictos socioambientales.<\/p>\n<p>&#8211; Adquirir elementos que lxs habiliten para la construcci\u00f3n del di\u00e1logo intercultural y la ecolog\u00eda de saberes en contextos de resoluci\u00f3n de conflictos socioambientales.<\/p>\n<p><strong>Duraci\u00f3n:<\/strong><\/p>\n<p>El curso consta de 8 m\u00f3dulos, desarrollado en 12 semanas, incluidos la introducci\u00f3n, la entrega del trabajo final y la evaluaci\u00f3n.<\/p>\n<p><strong>Fecha de desarrollo:<\/strong><\/p>\n<p>Del martes 25 de abril al 27 de junio de 2017 &#8211; Clases semanales.<\/p>\n<p>Tiempo estimado de dedicaci\u00f3n: 4 horas semanales y tiempo extra para trabajo final<\/p>\n<p><strong>Docente:<\/strong><\/p>\n<p>Dr. C\u00e9sar Marchesino <a href=\"http:\/\/institutolafuente.org\/index\/wp-content\/uploads\/2017\/03\/CV-Cesar-Marchesino.pdf\" target=\"_blank\">(ver Cv aqu\u00ed)<\/a><\/p>\n<p><strong>Costo:<\/strong><\/p>\n<p>El curso tiene un costo de $ 3450 (tres mil cuatrocientos cincuenta pesos argentinos) o U$S 215 ( doscientos quince d\u00f3lares estadounidenses). Se puede abonar en dos cuotas de $2000 y $1450 o U$S115 y U$S 90 respectivamente o mediante un \u00fanico pago bonificado de $3200 o U$S200 .<\/p>\n<p><em>M\u00e1s informaci\u00f3n: <\/em><a href=\"mailto:cursos@institutolafuente.org\"><em>cursos@institutolafuente.org<\/em><\/a><\/p>\n<p><em>Ver informaci\u00f3n detallada del curso:<\/em> <strong><a href=\"http:\/\/institutolafuente.org\/index\/una-mirada-intercultural-y-decolonizadora-de-los-conflictos-socioambientales\/\" target=\"_blank\">AQU\u00cd <\/a><\/strong><\/p>\n<p><strong>Para preinscribirse haga click aqu\u00ed: <\/strong><a href=\"https:\/\/docs.google.com\/forms\/d\/e\/1FAIpQLSfOK2bFoE2Sqd3Hlxw2QoFgTb9rlaMJePmr_NPVNXEv8Ir5tQ\/viewform\" target=\"_blank\"><strong>FORMULARIO DE PRE-INSCRIPCI\u00d3N<\/strong><\/a><\/p>\n","protected":false},"excerpt":{"rendered":"<p>Acci\u00f3n por la Biodiversidad \u2013 Instituto Superior La Fuente presentan el curso de formaci\u00f3n a distancia \u201cUna mirada intercultural y decolonizadora de los conflictos socioambientales\u201d. Los conflictos socioambientales que caracterizan la sociedad contempor\u00e1nea en particular, y en l\u00edneas generales, el modelo de sociedad que se fue gestando durante la modernidad, pueden ser le\u00eddos en t\u00e9rminos &hellip; <\/p>\n<p><a class=\"more-link btn\" href=\"https:\/\/cebem.org\/?p=2148\">Seguir leyendo<\/a><\/p>\n","protected":false},"author":2,"featured_media":1956,"comment_status":"closed","ping_status":"closed","sticky":false,"template":"","format":"standard","meta":{"_jetpack_memberships_contains_paid_content":false,"footnotes":"","jetpack_publicize_message":"","jetpack_publicize_feature_enabled":true,"jetpack_social_post_already_shared":true,"jetpack_social_options":{"image_generator_settings":{"template":"highway","default_image_id":0,"font":"","enabled":false},"version":2}},"categories":[10],"tags":[129,38],"class_list":["post-2148","post","type-post","status-publish","format-standard","has-post-thumbnail","hentry","category-otros-cursos","tag-boletin-3-marzo-2017","tag-curso","item-wrap"],"jetpack_publicize_connections":[],"jetpack_featured_media_url":"https:\/\/i0.wp.com\/cebem.org\/wp-content\/uploads\/2017\/02\/banner-La-Fuente.png?fit=784%2C295&ssl=1","jetpack_sharing_enabled":true,"_links":{"self":[{"href":"https:\/\/cebem.org\/index.php?rest_route=\/wp\/v2\/posts\/2148","targetHints":{"allow":["GET"]}}],"collection":[{"href":"https:\/\/cebem.org\/index.php?rest_route=\/wp\/v2\/posts"}],"about":[{"href":"https:\/\/cebem.org\/index.php?rest_route=\/wp\/v2\/types\/post"}],"author":[{"embeddable":true,"href":"https:\/\/cebem.org\/index.php?rest_route=\/wp\/v2\/users\/2"}],"replies":[{"embeddable":true,"href":"https:\/\/cebem.org\/index.php?rest_route=%2Fwp%2Fv2%2Fcomments&post=2148"}],"version-history":[{"count":1,"href":"https:\/\/cebem.org\/index.php?rest_route=\/wp\/v2\/posts\/2148\/revisions"}],"predecessor-version":[{"id":2149,"href":"https:\/\/cebem.org\/index.php?rest_route=\/wp\/v2\/posts\/2148\/revisions\/2149"}],"wp:featuredmedia":[{"embeddable":true,"href":"https:\/\/cebem.org\/index.php?rest_route=\/wp\/v2\/media\/1956"}],"wp:attachment":[{"href":"https:\/\/cebem.org\/index.php?rest_route=%2Fwp%2Fv2%2Fmedia&parent=2148"}],"wp:term":[{"taxonomy":"category","embeddable":true,"href":"https:\/\/cebem.org\/index.php?rest_route=%2Fwp%2Fv2%2Fcategories&post=2148"},{"taxonomy":"post_tag","embeddable":true,"href":"https:\/\/cebem.org\/index.php?rest_route=%2Fwp%2Fv2%2Ftags&post=2148"}],"curies":[{"name":"wp","href":"https:\/\/api.w.org\/{rel}","templated":true}]}}