
{"id":2013,"date":"2017-02-24T11:30:33","date_gmt":"2017-02-24T15:30:33","guid":{"rendered":"http:\/\/cebem.org\/?p=2013"},"modified":"2017-02-24T11:30:33","modified_gmt":"2017-02-24T15:30:33","slug":"rse-actualidad-infoboletin-no-54","status":"publish","type":"post","link":"https:\/\/cebem.org\/?p=2013","title":{"rendered":"RSE actualidad &#8211; infoBolet\u00edn N\u00ba 54"},"content":{"rendered":"<div><strong>InfoRSE. com.bo<\/strong> es el primer portal especializado en la difusi\u00f3n de noticias de Responsabilidad Social y Sustentabilidad Empresarial y Educaci\u00f3n en Sustentabilidad.<\/div>\n<p>Es un emprendimiento que busca atender la cada vez m\u00e1s\u00a0 creciente necesidad del sector empresarial de visibilizar las acciones que desarrollan en el campo de la RSE y la Sustentabilidad.<\/p>\n<p>Es una propuesta seria, \u00e9tica y plural y es un esfuerzo empresarial independiente que tiene como finalidad, contribuir a conocer, orientar, compartir y debatir sobre\u00a0 los esfuerzos que se realizan en este campo.<\/p>\n<p>Su objetivo es contribuir a la construcci\u00f3n de una sociedad sostenible, a partir de la producci\u00f3n y\u00a0 difusi\u00f3n\u00a0 de las acciones de RSE que desarrollan las empresas, sean estas p\u00fablicas o privadas, ONG\u00b4s y organismos de cooperaci\u00f3n.<\/p>\n<p>En el mediano plazo pretende constituirse en la principal base de datos y archivo de b\u00fasqueda electr\u00f3nica de noticias sobre temas referidos a la RSE que permitir\u00e1 hacer seguimiento a su evoluci\u00f3n y pr\u00e1ctica en Bolivia.<\/p>\n<h4><a href=\"http:\/\/www.inforse.com.bo\/?wysija-page=1&amp;controller=email&amp;action=view&amp;email_id=449&amp;wysijap=subscriptions\" target=\"_blank\"><strong>Ver Bolet\u00edn<\/strong><\/a><\/h4>\n","protected":false},"excerpt":{"rendered":"<p>InfoRSE. com.bo es el primer portal especializado en la difusi\u00f3n de noticias de Responsabilidad Social y Sustentabilidad Empresarial y Educaci\u00f3n en Sustentabilidad. Es un emprendimiento que busca atender la cada vez m\u00e1s\u00a0 creciente necesidad del sector empresarial de visibilizar las acciones que desarrollan en el campo de la RSE y la Sustentabilidad. Es una propuesta &hellip; <\/p>\n<p><a class=\"more-link btn\" href=\"https:\/\/cebem.org\/?p=2013\">Seguir leyendo<\/a><\/p>\n","protected":false},"author":2,"featured_media":2014,"comment_status":"closed","ping_status":"closed","sticky":false,"template":"","format":"standard","meta":{"_jetpack_memberships_contains_paid_content":false,"footnotes":"","jetpack_publicize_message":"","jetpack_publicize_feature_enabled":true,"jetpack_social_post_already_shared":true,"jetpack_social_options":{"image_generator_settings":{"template":"highway","default_image_id":0,"font":"","enabled":false},"version":2}},"categories":[7],"tags":[17,128],"class_list":["post-2013","post","type-post","status-publish","format-standard","has-post-thumbnail","hentry","category-otras-publicaciones","tag-boletin","tag-boletin-2-febrero-2017","item-wrap"],"jetpack_publicize_connections":[],"jetpack_featured_media_url":"https:\/\/i0.wp.com\/cebem.org\/wp-content\/uploads\/2017\/02\/v3_logo_RSE_51.png?fit=398%2C182&ssl=1","jetpack_sharing_enabled":true,"_links":{"self":[{"href":"https:\/\/cebem.org\/index.php?rest_route=\/wp\/v2\/posts\/2013","targetHints":{"allow":["GET"]}}],"collection":[{"href":"https:\/\/cebem.org\/index.php?rest_route=\/wp\/v2\/posts"}],"about":[{"href":"https:\/\/cebem.org\/index.php?rest_route=\/wp\/v2\/types\/post"}],"author":[{"embeddable":true,"href":"https:\/\/cebem.org\/index.php?rest_route=\/wp\/v2\/users\/2"}],"replies":[{"embeddable":true,"href":"https:\/\/cebem.org\/index.php?rest_route=%2Fwp%2Fv2%2Fcomments&post=2013"}],"version-history":[{"count":1,"href":"https:\/\/cebem.org\/index.php?rest_route=\/wp\/v2\/posts\/2013\/revisions"}],"predecessor-version":[{"id":2015,"href":"https:\/\/cebem.org\/index.php?rest_route=\/wp\/v2\/posts\/2013\/revisions\/2015"}],"wp:featuredmedia":[{"embeddable":true,"href":"https:\/\/cebem.org\/index.php?rest_route=\/wp\/v2\/media\/2014"}],"wp:attachment":[{"href":"https:\/\/cebem.org\/index.php?rest_route=%2Fwp%2Fv2%2Fmedia&parent=2013"}],"wp:term":[{"taxonomy":"category","embeddable":true,"href":"https:\/\/cebem.org\/index.php?rest_route=%2Fwp%2Fv2%2Fcategories&post=2013"},{"taxonomy":"post_tag","embeddable":true,"href":"https:\/\/cebem.org\/index.php?rest_route=%2Fwp%2Fv2%2Ftags&post=2013"}],"curies":[{"name":"wp","href":"https:\/\/api.w.org\/{rel}","templated":true}]}}