
{"id":197,"date":"2016-02-19T10:34:24","date_gmt":"2016-02-19T14:34:24","guid":{"rendered":"http:\/\/cebem.org\/?p=197"},"modified":"2016-02-19T10:36:13","modified_gmt":"2016-02-19T14:36:13","slug":"boletim-informativo-as-metropoles-e-o-direito-a-cidadethe-metropolises-and-the-right-to-the-city","status":"publish","type":"post","link":"https:\/\/cebem.org\/?p=197","title":{"rendered":"Boletim Informativo: As Metr\u00f3poles e o Direito \u00e0 Cidade\/The Metropolises and the Right to the City"},"content":{"rendered":"<p>Constitu\u00edmos hoje um grupo que funciona como um<span class=\"Apple-converted-space\">\u00a0<\/span><em>instituto virtual<\/em>, reunindo hoje 159 pesquisadores (dos quais 97 principais) e 59 institui\u00e7\u00f5es dos campos universit\u00e1rio (programas de p\u00f3s-gradua\u00e7\u00e3o), governamental (funda\u00e7\u00f5es estaduais e prefeitura) e n\u00e3o-governamental, sob a coordena\u00e7\u00e3o geral do IPPUR &#8211; Instituto de Pesquisa e Planejamento Urbano e Regional da Universidade Federal do Rio de Janeiro.<\/p>\n<p>As Institui\u00e7\u00f5es reunidas hoje no Observat\u00f3rio das Metr\u00f3poles v\u00eam trabalhando de maneira sistem\u00e1tica sobre 14 metr\u00f3poles e uma aglomera\u00e7\u00e3o urbana: Rio de Janeiro, S\u00e3o Paulo, Porto Alegre, Belo Horizonte, Curitiba, Goi\u00e2nia, Recife, Salvador, Natal, Fortaleza, Bel\u00e9m, Santos, Vit\u00f3ria, Bras\u00edlia e a aglomera\u00e7\u00e3o urbana de Maring\u00e1.<\/p>\n<p><strong><a href=\"http:\/\/observatoriodasmetropoles.net\/index.php?option=com_boletim&amp;action=view&amp;tmpl=component&amp;num=420&amp;lang=es\" target=\"_blank\">Boletim LINK<\/a><\/strong><\/p>\n","protected":false},"excerpt":{"rendered":"<p>Constitu\u00edmos hoje um grupo que funciona como um\u00a0instituto virtual, reunindo hoje 159 pesquisadores (dos quais 97 principais) e 59 institui\u00e7\u00f5es dos campos universit\u00e1rio (programas de p\u00f3s-gradua\u00e7\u00e3o), governamental (funda\u00e7\u00f5es estaduais e prefeitura) e n\u00e3o-governamental, sob a coordena\u00e7\u00e3o geral do IPPUR &#8211; Instituto de Pesquisa e Planejamento Urbano e Regional da Universidade Federal do Rio de Janeiro. &hellip; <\/p>\n<p><a class=\"more-link btn\" href=\"https:\/\/cebem.org\/?p=197\">Seguir leyendo<\/a><\/p>\n","protected":false},"author":2,"featured_media":199,"comment_status":"closed","ping_status":"closed","sticky":false,"template":"","format":"standard","meta":{"_jetpack_memberships_contains_paid_content":false,"footnotes":"","jetpack_publicize_message":"","jetpack_publicize_feature_enabled":true,"jetpack_social_post_already_shared":true,"jetpack_social_options":{"image_generator_settings":{"template":"highway","default_image_id":0,"font":"","enabled":false},"version":2}},"categories":[7],"tags":[],"class_list":["post-197","post","type-post","status-publish","format-standard","has-post-thumbnail","hentry","category-otras-publicaciones","item-wrap"],"jetpack_publicize_connections":[],"jetpack_featured_media_url":"https:\/\/i0.wp.com\/cebem.org\/wp-content\/uploads\/2016\/02\/logo_observatorio.jpg?fit=380%2C80&ssl=1","jetpack_sharing_enabled":true,"_links":{"self":[{"href":"https:\/\/cebem.org\/index.php?rest_route=\/wp\/v2\/posts\/197","targetHints":{"allow":["GET"]}}],"collection":[{"href":"https:\/\/cebem.org\/index.php?rest_route=\/wp\/v2\/posts"}],"about":[{"href":"https:\/\/cebem.org\/index.php?rest_route=\/wp\/v2\/types\/post"}],"author":[{"embeddable":true,"href":"https:\/\/cebem.org\/index.php?rest_route=\/wp\/v2\/users\/2"}],"replies":[{"embeddable":true,"href":"https:\/\/cebem.org\/index.php?rest_route=%2Fwp%2Fv2%2Fcomments&post=197"}],"version-history":[{"count":1,"href":"https:\/\/cebem.org\/index.php?rest_route=\/wp\/v2\/posts\/197\/revisions"}],"predecessor-version":[{"id":198,"href":"https:\/\/cebem.org\/index.php?rest_route=\/wp\/v2\/posts\/197\/revisions\/198"}],"wp:featuredmedia":[{"embeddable":true,"href":"https:\/\/cebem.org\/index.php?rest_route=\/wp\/v2\/media\/199"}],"wp:attachment":[{"href":"https:\/\/cebem.org\/index.php?rest_route=%2Fwp%2Fv2%2Fmedia&parent=197"}],"wp:term":[{"taxonomy":"category","embeddable":true,"href":"https:\/\/cebem.org\/index.php?rest_route=%2Fwp%2Fv2%2Fcategories&post=197"},{"taxonomy":"post_tag","embeddable":true,"href":"https:\/\/cebem.org\/index.php?rest_route=%2Fwp%2Fv2%2Ftags&post=197"}],"curies":[{"name":"wp","href":"https:\/\/api.w.org\/{rel}","templated":true}]}}