
{"id":1927,"date":"2017-02-16T16:21:49","date_gmt":"2017-02-16T20:21:49","guid":{"rendered":"http:\/\/cebem.org\/?p=1927"},"modified":"2017-03-15T19:47:43","modified_gmt":"2017-03-15T23:47:43","slug":"curso-virtual-violencias-y-genero-perspectivas-conceptuales-iniciativas-colectivas-y-aportes-a-la-gestion-diseno-y-evaluacion-de-politicas-publicas-2da-version","status":"publish","type":"post","link":"https:\/\/cebem.org\/?p=1927","title":{"rendered":"Curso Virtual: Violencias y G\u00e9nero. Perspectivas conceptuales, iniciativas colectivas y  aportes a la gesti\u00f3n, dise\u00f1o y evaluaci\u00f3n de pol\u00edticas p\u00fablicas (2da. Versi\u00f3n)"},"content":{"rendered":"<h4><strong>NUEVA FECHA DE INICIO: Del 20 de marzo al 7 de Mayo del 2017<\/strong><\/h4>\n<p><strong>Descripci\u00f3n del Curso.<\/strong><\/p>\n<div id=\"tabs_desc_2058_1\" class=\"tab-pane in active \">\n<p>\u00bfDe qu\u00e9 hablamos cuando nos referimos a violencia de g\u00e9nero? \u00bfQu\u00e9 aportes conceptuales encontramos en la teor\u00eda de g\u00e9nero para la construcci\u00f3n de esta noci\u00f3n? \u00bfCu\u00e1les son los tipos y modalidades de la violencia de g\u00e9nero? \u00bfQu\u00e9 expresi\u00f3n asume en los distintos espacios, p\u00fablico y privado? \u00bfCu\u00e1l es la situaci\u00f3n de nuestras ciudades y territorios en relaci\u00f3n a la violencia de g\u00e9nero? \u00bfQu\u00e9 estrategias se pueden realizar para prevenirla? \u00bfQu\u00e9 es el paradigma femicidio feminicidio? \u00bfCu\u00e1l ha sido su evoluci\u00f3n? \u00bfCu\u00e1les son las pol\u00edticas p\u00fablicas internacionales, nacionales y locales para afrontar la violencia de g\u00e9nero?\u00bfQu\u00e9 alcances y desaf\u00edos conllevan? \u00bfCu\u00e1l ha sido el rol del movimiento de mujeres y feminista como motor de cambios? \u00bfQu\u00e9 es el movimiento NI UNA MENOS?<\/p>\n<p>La violencia de g\u00e9nero es un flagelo desde el inicio de la historia de la humanidad hasta nuestro tiempo. En particular la violencia hacia las mujeres se vive en todos los espacios, en el \u00e1mbito p\u00fablico y privado y asume distintas formas, desde la violencia verbal hasta su forma m\u00e1s extrema, el femicidio. La violencia de g\u00e9nero parte de un conflicto construido a partir de la asimetr\u00eda en las relaciones de poder, basadas en el g\u00e9nero. Debe ser entendida desde las relaciones sociales que le dan su nacimiento. Es una relaci\u00f3n social plural e hist\u00f3rica.<\/p>\n<p>Si bien en los \u00faltimos tiempos existen avances en el reconocimiento de los derechos de las mujeres, observamos que contin\u00faan siendo constantes las violaciones a sus derechos humanos. La erradicaci\u00f3n de todas las violencias y de la violencia de g\u00e9nero es un reto urgente y necesario en todo el mundo.<\/p>\n<p>El curso est\u00e1 dise\u00f1ado para apoyar a sus participantes en su trabajo diario, a trav\u00e9s de la teor\u00eda, pero tambi\u00e9n de herramientas pr\u00e1cticas que puedan implementar de manera cotidiana.<\/p><\/div>\n\t\t\t\t\t\t<style>\r\n\t\t\t\t\r\n\t\t\t\t\t#tab_container_2058 {\r\n\toverflow:hidden;\r\n\tdisplay:block;\r\n\twidth:100%;\r\n\tborder:0px solid #ddd;\r\n\tmargin-bottom:30px;\r\n\t}\r\n\r\n#tab_container_2058 .tab-content{\r\n\tpadding:20px;\r\n\tborder: 1px solid #e6e6e6 !important;\r\n\tmargin-top: 0px;\r\n\tbackground-color:#ffffff !important;\r\n\tcolor: #000000 !important;\r\n\tfont-size:14px !important;\r\n\tfont-family: Arial !important;\r\n\t\r\n\t\tborder: 1px solid #e6e6e6 !important;\r\n\t}\r\n#tab_container_2058 .wpsm_nav-tabs {\r\n    border-bottom: 0px solid #ddd;\r\n}\r\n#tab_container_2058 .wpsm_nav-tabs > li.active > a, #tab_container_2058 .wpsm_nav-tabs > li.active > a:hover, #tab_container_2058 .wpsm_nav-tabs > li.active > a:focus {\r\n\tcolor: #000000 !important;\r\n\tcursor: default;\r\n\tbackground-color: #ffffff !important;\r\n\tborder: 1px solid #e6e6e6 !important;\r\n}\r\n\r\n#tab_container_2058 .wpsm_nav-tabs > li > a {\r\n    margin-right: 0px !important; \r\n    line-height: 1.42857143 !important;\r\n    border: 1px solid #d5d5d5 !important;\r\n    border-radius: 0px 0px 0 0 !important; \r\n\tbackground-color: #e8e8e8 !important;\r\n\tcolor: #000000 !important;\r\n\tpadding: 15px 18px 15px 18px !important;\r\n\ttext-decoration: none !important;\r\n\tfont-size: 16px !important;\r\n\ttext-align:center !important;\r\n\tfont-family: Arial !important;\r\n}\r\n#tab_container_2058 .wpsm_nav-tabs > li > a:focus {\r\noutline: 0px !important;\r\n}\r\n\r\n#tab_container_2058 .wpsm_nav-tabs > li > a:before {\r\n\tdisplay:none !important;\r\n}\r\n#tab_container_2058 .wpsm_nav-tabs > li > a:after {\r\n\tdisplay:none !important ;\r\n}\r\n#tab_container_2058 .wpsm_nav-tabs > li{\r\npadding:0px !important ;\r\nmargin:0px;\r\n}\r\n\r\n#tab_container_2058 .wpsm_nav-tabs > li > a:hover , #tab_container_2058 .wpsm_nav-tabs > li > a:focus {\r\n    color: #000000 !important;\r\n    background-color: #e8e8e8 !important;\r\n\tborder: 1px solid #d5d5d5 !important;\r\n\t\r\n}\r\n#tab_container_2058 .wpsm_nav-tabs > li > a .fa{\r\n\r\nmargin-right:5px !important;\r\n\r\nmargin-left:5px !important;\r\n\r\n\r\n}\r\n\r\n\t\t#tab_container_2058 .wpsm_nav-tabs a{\r\n\t\t\tbackground-image: none;\r\n\t\t\tbackground-position: 0 0;\r\n\t\t\tbackground-repeat: repeat-x;\r\n\t\t}\r\n\t\t\t\r\n\r\n\r\n#tab_container_2058 .wpsm_nav-tabs > li {\r\n    float: left;\r\n    margin-bottom: -1px !important;\r\n\tmargin-right:0px !important; \r\n}\r\n\r\n\r\n#tab_container_2058 .tab-content{\r\noverflow:hidden !important;\r\n}\r\n\r\n\r\n@media (min-width: 769px) {\r\n\r\n\t#tab_container_2058 .wpsm_nav-tabs > li{\r\n\t\tfloat:left !important ;\r\n\t\t\t\tmargin-right:-1px !important;\r\n\t\t\t\t\t}\r\n\t#tab_container_2058 .wpsm_nav-tabs{\r\n\t\tfloat:none !important;\r\n\t\tmargin:0px !important;\r\n\t}\r\n\r\n\t#tab_container_2058 .wpsm_nav-tabs > li {\r\n\t\t\t\t\r\n\t}\r\n\t#tab_container_2058 .wpsm_nav{\r\n\t\t\t}\r\n\r\n}\r\n\r\n\r\n\r\n@media (max-width: 768px) {\r\n\t#tab_container_2058 .wpsm_nav-tabs > li {\r\n\t\t\t\t\r\n\t}\r\n\t#tab_container_2058 .wpsm_nav{\r\n\t\t\t}\r\n}\r\n\r\n\r\n\t.wpsm_nav-tabs li:before{\r\n\t\tdisplay:none !important;\r\n\t}\r\n\r\n\t@media (max-width: 768px) {\r\n\t\t\t\t\r\n\t\t\t\t\t\r\n\t\t\t#tab_container_2058 .wpsm_nav-tabs  li  a  i{\r\n\t\t\t\tdisplay: none !important;\r\n\t\t\t}\r\n\t\t\t\r\n\t\t\t\t.wpsm_nav-tabs{\r\n\t\t\tmargin-left:0px !important;\r\n\t\t\tmargin-right:0px !important; \r\n\t\t\t\r\n\t\t}\r\n\t\t\t\t#tab_container_2058 .wpsm_nav-tabs > li{\r\n\t\t\tfloat:none !important;\r\n\t\t}\r\n\t\t\t\r\n\t}\t\t\t\t<\/style>\r\n\t\t\t\t<div id=\"tab_container_2058\" >\r\n\t \r\n\t\t\t\t\t<ul class=\"wpsm_nav wpsm_nav-tabs\" role=\"tablist\" id=\"myTab_2058\">\r\n\t\t\t\t\t\t\t\r\n\t\t\t\t\t\t\t<li role=\"presentation\"  class=\"active\"  onclick=\"do_resize()\">\r\n\t\t\t\t\t\t\t\t<a href=\"#tabs_desc_2058_1\" aria-controls=\"tabs_desc_2058_1\" role=\"tab\" data-toggle=\"tab\">\r\n\t\t\t\t\t\t\t\t\t\r\n\t\t\t\t\t\t\t\t\t\t\t\t\t\t\t\t\t\t\t\t\t\t\t\t\t\t\t\t\t\t\t<i class=\"fa fa-asterisk\"><\/i> \t\t\t\t\t\t\t\t\t\t\t\t\t\t\t\t\t\t\t\r\n\t\t\t\t\t\t\t\t\t\t\t\t\t\t\t\t\t\t\r\n\t\t\t\t\t\t\t\t\t<span>Objetivo<\/span>\r\n\t\t\t\t\t\t\t\t\t\r\n\t\t\t\t\t\t\t\t\t\t\t\t\t\t\t\t\t\t\r\n\t\t\t\t\t\t\t\t\t\t\t\t\t\t\t\t\t\t\t\t\r\n\t\t\t\t\t\t\t\t\t\r\n\t\t\t\t\t\t\t\t<\/a>\r\n\t\t\t\t\t\t\t<\/li>\r\n\t\t\t\t\t\t\t\r\n\t\t\t\t\t\t\t<li role=\"presentation\"  onclick=\"do_resize()\">\r\n\t\t\t\t\t\t\t\t<a href=\"#tabs_desc_2058_2\" aria-controls=\"tabs_desc_2058_2\" role=\"tab\" data-toggle=\"tab\">\r\n\t\t\t\t\t\t\t\t\t\r\n\t\t\t\t\t\t\t\t\t\t\t\t\t\t\t\t\t\t\t\t\t\t\t\t\t\t\t\t\t\t\t<i class=\"fa fa-align-justify\"><\/i> \t\t\t\t\t\t\t\t\t\t\t\t\t\t\t\t\t\t\t\r\n\t\t\t\t\t\t\t\t\t\t\t\t\t\t\t\t\t\t\r\n\t\t\t\t\t\t\t\t\t<span>Contenido<\/span>\r\n\t\t\t\t\t\t\t\t\t\r\n\t\t\t\t\t\t\t\t\t\t\t\t\t\t\t\t\t\t\r\n\t\t\t\t\t\t\t\t\t\t\t\t\t\t\t\t\t\t\t\t\r\n\t\t\t\t\t\t\t\t\t\r\n\t\t\t\t\t\t\t\t<\/a>\r\n\t\t\t\t\t\t\t<\/li>\r\n\t\t\t\t\t\t\t\r\n\t\t\t\t\t\t\t<li role=\"presentation\"  onclick=\"do_resize()\">\r\n\t\t\t\t\t\t\t\t<a href=\"#tabs_desc_2058_3\" aria-controls=\"tabs_desc_2058_3\" role=\"tab\" data-toggle=\"tab\">\r\n\t\t\t\t\t\t\t\t\t\r\n\t\t\t\t\t\t\t\t\t\t\t\t\t\t\t\t\t\t\t\t\t\t\t\t\t\t\t\t\t\t\t<i class=\"fa fa-user\"><\/i> \t\t\t\t\t\t\t\t\t\t\t\t\t\t\t\t\t\t\t\r\n\t\t\t\t\t\t\t\t\t\t\t\t\t\t\t\t\t\t\r\n\t\t\t\t\t\t\t\t\t<span>Docente<\/span>\r\n\t\t\t\t\t\t\t\t\t\r\n\t\t\t\t\t\t\t\t\t\t\t\t\t\t\t\t\t\t\r\n\t\t\t\t\t\t\t\t\t\t\t\t\t\t\t\t\t\t\t\t\r\n\t\t\t\t\t\t\t\t\t\r\n\t\t\t\t\t\t\t\t<\/a>\r\n\t\t\t\t\t\t\t<\/li>\r\n\t\t\t\t\t\t\t\r\n\t\t\t\t\t\t\t<li role=\"presentation\"  onclick=\"do_resize()\">\r\n\t\t\t\t\t\t\t\t<a href=\"#tabs_desc_2058_4\" aria-controls=\"tabs_desc_2058_4\" role=\"tab\" data-toggle=\"tab\">\r\n\t\t\t\t\t\t\t\t\t\r\n\t\t\t\t\t\t\t\t\t\t\t\t\t\t\t\t\t\t\t\t\t\t\t\t\t\t\t\t\t\t\t<i class=\"fa fa-star\"><\/i> \t\t\t\t\t\t\t\t\t\t\t\t\t\t\t\t\t\t\t\r\n\t\t\t\t\t\t\t\t\t\t\t\t\t\t\t\t\t\t\r\n\t\t\t\t\t\t\t\t\t<span>Beneficio<\/span>\r\n\t\t\t\t\t\t\t\t\t\r\n\t\t\t\t\t\t\t\t\t\t\t\t\t\t\t\t\t\t\r\n\t\t\t\t\t\t\t\t\t\t\t\t\t\t\t\t\t\t\t\t\r\n\t\t\t\t\t\t\t\t\t\r\n\t\t\t\t\t\t\t\t<\/a>\r\n\t\t\t\t\t\t\t<\/li>\r\n\t\t\t\t\t\t\t\r\n\t\t\t\t\t\t\t<li role=\"presentation\"  onclick=\"do_resize()\">\r\n\t\t\t\t\t\t\t\t<a href=\"#tabs_desc_2058_5\" aria-controls=\"tabs_desc_2058_5\" role=\"tab\" data-toggle=\"tab\">\r\n\t\t\t\t\t\t\t\t\t\r\n\t\t\t\t\t\t\t\t\t\t\t\t\t\t\t\t\t\t\t\t\t\t\t\t\t\t\t\t\t\t\t<i class=\"fa fa-money\"><\/i> \t\t\t\t\t\t\t\t\t\t\t\t\t\t\t\t\t\t\t\r\n\t\t\t\t\t\t\t\t\t\t\t\t\t\t\t\t\t\t\r\n\t\t\t\t\t\t\t\t\t<span>Duraci\u00f3n\/Costo<\/span>\r\n\t\t\t\t\t\t\t\t\t\r\n\t\t\t\t\t\t\t\t\t\t\t\t\t\t\t\t\t\t\r\n\t\t\t\t\t\t\t\t\t\t\t\t\t\t\t\t\t\t\t\t\r\n\t\t\t\t\t\t\t\t\t\r\n\t\t\t\t\t\t\t\t<\/a>\r\n\t\t\t\t\t\t\t<\/li>\r\n\t\t\t\t\t\t\t\t\t\t\t <\/ul>\r\n\r\n\t\t\t\t\t  <!-- Tab panes -->\r\n\t\t\t\t\t  <div class=\"tab-content\" id=\"tab-content_2058\">\r\n\t\t\t\t\t\t\t\t\t\t\t\t <div role=\"tabpanel\" class=\"tab-pane  in active \" id=\"tabs_desc_2058_1\">\r\n\t\t\t\t\t\t\t\t<ul>\r\n \t<li>Reconocer el problema de la violencia de g\u00e9nero en el marco de la teor\u00eda de g\u00e9nero.<\/li>\r\n \t<li>Conocer y analizar las m\u00faltiples manifestaciones y modalidades de las violencias de g\u00e9nero\u00a0 en nuestras sociedades, a partir del an\u00e1lisis te\u00f3rico y pr\u00e1ctico.<\/li>\r\n \t<li>Reflexionar en torno a los territorios, urbano y rural, desde la situaci\u00f3n de la violencia de g\u00e9nero.<\/li>\r\n \t<li>Conocer y revisar los mandatos internacionales, los consensos regionales y legislaci\u00f3n nacional sobre violencia de g\u00e9nero.<\/li>\r\n \t<li>Entender y conocer el rol del movimiento de mujeres y feminista como motor de cambios.<\/li>\r\n \t<li>Definir y poner en pr\u00e1ctica \u00a0herramientas y metodolog\u00edas para incidir en planes, programas y pol\u00edticas de violencia de g\u00e9nero en sus territorios.<\/li>\r\n \t<li>Identificar acciones y buenas pr\u00e1cticas locales y regionales.<\/li>\r\n \t<li>Conocer herramientas para la acci\u00f3n como los aspectos educativos de la prevenci\u00f3n, indicadores de g\u00e9nero, campa\u00f1as de prevenci\u00f3n, recursero y mapa de actores.<\/li>\r\n \t<li>A lo largo del mismo se har\u00e1 referencia a herramientas y lecturas complementarias para dise\u00f1ar, implementar y acompa\u00f1ar pol\u00edticas p\u00fablicas de violencia de g\u00e9nero.<\/li>\r\n<\/ul>\t\t\t\t\t\t <\/div>\r\n\t\t\t\t\t\t\t\t\t\t\t\t <div role=\"tabpanel\" class=\"tab-pane \" id=\"tabs_desc_2058_2\">\r\n\t\t\t\t\t\t\t\t<p><span style=\"color: #5c3a97;\"><strong>Unidad 1.- Teor\u00eda de g\u00e9nero y violencia de g\u00e9nero<\/strong><\/span><br>\r\n\r\nConcepto de g\u00e9nero. Origen y desarrollo. Las relaciones de g\u00e9nero. Desigualdad de g\u00e9nero. Estereotipos. Colonialismo y cultura patriarcal. Violencia de g\u00e9nero.<\/p>\r\n\r\n<p><span style=\"color: #5c3a97;\"><strong>Unidad 2. Aproximaci\u00f3n a los distintos tipos y espacios de la violencia de g\u00e9nero. Prevenci\u00f3n.<\/strong><\/span><br>\r\n\r\nTipos de violencia. Psicol\u00f3gica. F\u00edsica. Sexual. Institucional y laboral. Econ\u00f3mica y patrimonial Obst\u00e9trica y reproductiva. Medi\u00e1tica. Pol\u00edtica. Transfronteriza, Trata de personas \u00c1mbitos en los que se desarrolla p\u00fablico, privado. El escenario urbano y el \u00e1mbito rural. Las ciudades y las mujeres. Homofobia y lesbofobia. Situaci\u00f3n de las mujeres ind\u00edgenas y rurales. Aspectos educativos de la prevenci\u00f3n.<\/p>\r\n\r\n<p><strong><span style=\"color: #5c3a97;\">Unidad 3. El paradigma femicidio y feminicidio.<\/span><\/strong><br>\r\n\r\nEvoluci\u00f3n del concepto. Situaci\u00f3n actual. Los travesticidios, conceptualizaci\u00f3n y situaci\u00f3n actual. Estad\u00edsticas. Propuesta de indicadores.<\/p>\r\n\r\n<p><span style=\"color: #5c3a97;\"><strong>Unidad 4. La sociedad civil organizada. Iniciativas colectivas.<\/strong><\/span><br>\r\n\r\nEl movimiento de mujeres y feminista como motor del cambio. El colectivo NI UNA MENOS, como fen\u00f3meno social. An\u00e1lisis y perspectivas. Estrategias para prevenir la violencia de g\u00e9nero en los distintos \u00e1mbitos.<\/p>\r\n\r\n<p><span style=\"color: #5c3a97;\"><strong>Unidad 5. Tratados internacionales, instrumentos regionales y legislaci\u00f3n nacional. Alcances y desaf\u00edos.<\/strong><\/span><br>\r\n\r\nLa Convenci\u00f3n sobre la Eliminaci\u00f3n de todas las formas de Discriminaci\u00f3n contra la Mujer (CEDAW). La Convenci\u00f3n Interamericana para prevenir, punir y erradicar la violencia contra la mujer, Convenci\u00f3n de Belem Do Para. Declaraci\u00f3n de Viena. Beijing. Legislaci\u00f3n nacional. Alcances y desaf\u00edos. Mecanismos de acceso a la justicia. An\u00e1lisis de instrumentos internacionales y legislaci\u00f3n nacionales desde una perspectiva de derechos humanos.<\/p>\r\n\r\n<p><span style=\"color: #5c3a97;\"><strong>Unidad 6. Intervenci\u00f3n, Prevenci\u00f3n. Experiencias de pol\u00edticas p\u00fablicas y buenas pr\u00e1cticas.<\/strong><\/span><br>\r\n\r\nRecursos institucionales. Planes, Programas gubernamentales y de la sociedad civil espec\u00edficos para la violencia de g\u00e9nero. Aspectos conceptuales. Campa\u00f1as de prevenci\u00f3n. Buenas pr\u00e1cticas. Recursero y mapa de actores.<\/p>\t\t\t\t\t\t <\/div>\r\n\t\t\t\t\t\t\t\t\t\t\t\t <div role=\"tabpanel\" class=\"tab-pane \" id=\"tabs_desc_2058_3\">\r\n\t\t\t\t\t\t\t\t<a href=\"https:\/\/i0.wp.com\/cebem.org\/wp-content\/uploads\/2018\/04\/perfil-mora.jpg\"><img data-recalc-dims=\"1\" decoding=\"async\" class=\"alignleft size-thumbnail wp-image-3291\" src=\"https:\/\/i0.wp.com\/cebem.org\/wp-content\/uploads\/2018\/04\/perfil-mora-150x150.jpg?resize=150%2C150\" alt=\"\" width=\"150\" height=\"150\" srcset=\"https:\/\/i0.wp.com\/cebem.org\/wp-content\/uploads\/2018\/04\/perfil-mora.jpg?resize=150%2C150&amp;ssl=1 150w, https:\/\/i0.wp.com\/cebem.org\/wp-content\/uploads\/2018\/04\/perfil-mora.jpg?resize=300%2C300&amp;ssl=1 300w, https:\/\/i0.wp.com\/cebem.org\/wp-content\/uploads\/2018\/04\/perfil-mora.jpg?w=600&amp;ssl=1 600w\" sizes=\"(max-width: 150px) 100vw, 150px\" \/><\/a><span style=\"color: #5c3a97;\"><strong>Mora Blaser<\/strong><\/span>, es investigadora y docente. Lic.y Prof. en Sociolog\u00eda (UBA), Diplomada en Ciencias Sociales con especializaci\u00f3n en G\u00e9nero y Pol\u00edticas P\u00fablicas (FLACSO), Maestranda en G\u00e9nero, Sociedad y Pol\u00edticas (FLACSO) y candidata a Doctora en Ciencias Sociales (UBA). Coordinadora del Observatorio Latinoamericano G\u00e9nero y Sociedad. Se ha desempe\u00f1ado profesionalmente en organismos internacionales, ongs y organismos del Estado.\t\t\t\t\t\t <\/div>\r\n\t\t\t\t\t\t\t\t\t\t\t\t <div role=\"tabpanel\" class=\"tab-pane \" id=\"tabs_desc_2058_4\">\r\n\t\t\t\t\t\t\t\t<p><span style=\"color: #5c3a97;\"><strong>LOS Y LAS PARTICIPANTES A PARTIR DE ESTE CURSO PODR\u00c1N:<\/strong><\/span><br>\r\n\r\nAdquirir e implementar elementos de an\u00e1lisis te\u00f3rico y pr\u00e1ctico sobre la violencia de g\u00e9nero y particularmente de los distintos tipos y manifestaciones territoriales en nuestras sociedades.\r\n\r\nConocer y poner en pr\u00e1ctica estrategias y metodolog\u00edas para la incidencia territorial en planes, proyectos y programas en contra de la violencia de g\u00e9nero.<\/p>\r\n\r\n<p><span style=\"color: #5c3a97;\"><strong>A QUI\u00c9NES EST\u00c1 DIRIGIDO<\/strong><\/span><\/p>\r\n<ul>\r\n \t<li>Trabajadoras\/es de diversas instancias de gobierno vinculadas con el tema.<\/li>\r\n \t<li>Activistas, estudiantes de grado y posgrado que incursionan en este campo o quieren ampliar su marco conceptual-anal\u00edtico como parte de su actualizaci\u00f3n profesional.<\/li>\r\n \t<li>Tomadoras\/es de decisi\u00f3n y personas vinculadas con la implementaci\u00f3n y desarrollo de programas en este campo.<\/li>\r\n \t<li>P\u00fablico en general interesado en introducirse a esta tem\u00e1tica.<\/li>\r\n<\/ul>\t\t\t\t\t\t <\/div>\r\n\t\t\t\t\t\t\t\t\t\t\t\t <div role=\"tabpanel\" class=\"tab-pane \" id=\"tabs_desc_2058_5\">\r\n\t\t\t\t\t\t\t\t<p><span style=\"color: #5c3a97;\"><strong>DURACI\u00d3N<\/strong><\/span><br>\r\n7 semanas. La primera semana se destinar\u00e1 al proceso de familiarizaci\u00f3n con la plataforma del campus virtual, las dem\u00e1s se ocupar\u00e1n para el desarrollo del curso.<\/p>\r\n\r\n<span style=\"color: #5c3a97;\"><strong>EL COSTO LE DA DERECHO A:<\/strong><\/span>\r\n<ul>\r\n \t<li>Curso introductorio para el manejo del Campus Virtual CEBEM que orienta al participante sobre el estudio dentro el modelo pedag\u00f3gico virtual.<\/li>\r\n \t<li>Todo el material did\u00e1ctico (obligatorio y adicional) ofrecido en forma electr\u00f3nica (para descargar) a trav\u00e9s del Campus Virtual.<\/li>\r\n \t<li>Tutor\u00eda permanente con un alto nivel acad\u00e9mico durante la duraci\u00f3n del curso.<\/li>\r\n \t<li>Un certificado que acredita que aprob\u00f3 o participo en el curso.<\/li>\r\n<\/ul>\r\n<p><span style=\"color: #5c3a97;\"><strong>COSTO:<\/strong><\/span><br>\r\n900 Bolivianos o su equivalente en d\u00f3lares(130 $us.)<\/p>\r\n\r\n<p><span style=\"color: #5c3a97;\"><strong>FORMAS DE PAGO:<\/strong><\/span><br>\r\nPara saber todos nuestros m\u00e9todos de pago, pedirle que descargue este <strong><a href=\"http:\/\/cebem.org\/wp-content\/uploads\/2017\/03\/INSTRUCCIONES_PARA_LA_INSCRIPCION-2017.pdf\" target=\"_blank\" rel=\"noopener\">DOCUMENTO PDF<\/a><\/strong> informativo.<\/p>\t\t\t\t\t\t <\/div>\r\n\t\t\t\t\t\t\t\r\n\t\t\t\t\t <\/div>\r\n\t\t\t\t\t \r\n\t\t\t\t <\/div>\r\n <script>\r\n\t\tjQuery(function () {\r\n\t\t\tjQuery('#myTab_2058 a:first').tab('show')\r\n\t\t});\r\n\t\t\r\n\t\t\t\tjQuery(function(){\r\n\t\t\tvar b=\"fadeIn\";\r\n\t\t\tvar c;\r\n\t\t\tvar a;\r\n\t\t\td(jQuery(\"#myTab_2058 a\"),jQuery(\"#tab-content_2058\"));function d(e,f,g){\r\n\t\t\t\te.click(function(i){\r\n\t\t\t\t\ti.preventDefault();\r\n\t\t\t\t\tjQuery(this).tab(\"show\");\r\n\t\t\t\t\tvar h=jQuery(this).data(\"easein\");\r\n\t\t\t\t\tif(c){c.removeClass(a);}\r\n\t\t\t\t\tif(h){f.find(\"div.active\").addClass(\"animated \"+h);a=h;}\r\n\t\t\t\t\telse{if(g){f.find(\"div.active\").addClass(\"animated \"+g);a=g;}else{f.find(\"div.active\").addClass(\"animated \"+b);a=b;}}c=f.find(\"div.active\");\r\n\t\t\t\t});\r\n\t\t\t}\r\n\t\t});\r\n\t\t\r\n\r\n\t\tfunction do_resize(){\r\n\r\n\t\t\tvar width=jQuery( '.tab-content .tab-pane iframe' ).width();\r\n\t\t\tvar height=jQuery( '.tab-content .tab-pane iframe' ).height();\r\n\r\n\t\t\tvar toggleSize = true;\r\n\t\t\tjQuery('iframe').animate({\r\n\t\t\t    width: toggleSize ? width : 640,\r\n\t\t\t    height: toggleSize ? height : 360\r\n\t\t\t  }, 250);\r\n\r\n\t\t\t  toggleSize = !toggleSize;\r\n\t\t}\r\n\r\n\r\n\t<\/script>\r\n\t\t\t\t\r\n\t\t\t\n<h3 style=\"text-align: center;\">Si te interesa el curso&#8230;<\/h3>\n<p style=\"text-align: center;\"><a href=\"http:\/\/cebem.org\/campus\/preinscribir\/c008v02.php\" target=\"_blank\"><input type=\"submit\" value=\"Preinscr\u00edbete AQU\u00cd\" \/><\/a><\/p>\n<p><strong>Contacto:<\/strong> Beatriz Herrera <strong><a href=\"mailto:beatriz@cebem.org\">beatriz@cebem.org<\/a><\/strong><\/p>\n","protected":false},"excerpt":{"rendered":"<p>NUEVA FECHA DE INICIO: Del 20 de marzo al 7 de Mayo del 2017 Descripci\u00f3n del Curso. \u00bfDe qu\u00e9 hablamos cuando nos referimos a violencia de g\u00e9nero? \u00bfQu\u00e9 aportes conceptuales encontramos en la teor\u00eda de g\u00e9nero para la construcci\u00f3n de esta noci\u00f3n? \u00bfCu\u00e1les son los tipos y modalidades de la violencia de g\u00e9nero? \u00bfQu\u00e9 expresi\u00f3n &hellip; <\/p>\n<p><a class=\"more-link btn\" href=\"https:\/\/cebem.org\/?p=2058\">Seguir leyendo<\/a><\/p>\n","protected":false},"author":2,"featured_media":1445,"comment_status":"open","ping_status":"closed","sticky":false,"template":"","format":"standard","meta":{"_jetpack_memberships_contains_paid_content":false,"footnotes":"","jetpack_publicize_message":"","jetpack_publicize_feature_enabled":true,"jetpack_social_post_already_shared":true,"jetpack_social_options":{"image_generator_settings":{"template":"highway","default_image_id":0,"font":"","enabled":false},"version":2}},"categories":[4],"tags":[128,38],"class_list":["post-1927","post","type-post","status-publish","format-standard","has-post-thumbnail","hentry","category-cursos-culminados-cebem","tag-boletin-2-febrero-2017","tag-curso","nodate","item-wrap"],"jetpack_publicize_connections":[],"jetpack_featured_media_url":"https:\/\/i0.wp.com\/cebem.org\/wp-content\/uploads\/2016\/09\/photo_1500_20120414.jpg?fit=800%2C414&ssl=1","jetpack_sharing_enabled":true,"_links":{"self":[{"href":"https:\/\/cebem.org\/index.php?rest_route=\/wp\/v2\/posts\/1927","targetHints":{"allow":["GET"]}}],"collection":[{"href":"https:\/\/cebem.org\/index.php?rest_route=\/wp\/v2\/posts"}],"about":[{"href":"https:\/\/cebem.org\/index.php?rest_route=\/wp\/v2\/types\/post"}],"author":[{"embeddable":true,"href":"https:\/\/cebem.org\/index.php?rest_route=\/wp\/v2\/users\/2"}],"replies":[{"embeddable":true,"href":"https:\/\/cebem.org\/index.php?rest_route=%2Fwp%2Fv2%2Fcomments&post=1927"}],"version-history":[{"count":19,"href":"https:\/\/cebem.org\/index.php?rest_route=\/wp\/v2\/posts\/1927\/revisions"}],"predecessor-version":[{"id":2063,"href":"https:\/\/cebem.org\/index.php?rest_route=\/wp\/v2\/posts\/1927\/revisions\/2063"}],"wp:featuredmedia":[{"embeddable":true,"href":"https:\/\/cebem.org\/index.php?rest_route=\/wp\/v2\/media\/1445"}],"wp:attachment":[{"href":"https:\/\/cebem.org\/index.php?rest_route=%2Fwp%2Fv2%2Fmedia&parent=1927"}],"wp:term":[{"taxonomy":"category","embeddable":true,"href":"https:\/\/cebem.org\/index.php?rest_route=%2Fwp%2Fv2%2Fcategories&post=1927"},{"taxonomy":"post_tag","embeddable":true,"href":"https:\/\/cebem.org\/index.php?rest_route=%2Fwp%2Fv2%2Ftags&post=1927"}],"curies":[{"name":"wp","href":"https:\/\/api.w.org\/{rel}","templated":true}]}}