
{"id":187,"date":"2016-02-19T07:08:43","date_gmt":"2016-02-19T11:08:43","guid":{"rendered":"http:\/\/cebem.org\/?p=187"},"modified":"2016-02-19T07:11:15","modified_gmt":"2016-02-19T11:11:15","slug":"diplomado-en-divulgacion-de-la-ciencia","status":"publish","type":"post","link":"https:\/\/cebem.org\/?p=187","title":{"rendered":"Diplomado en Divulgaci\u00f3n de la Ciencia"},"content":{"rendered":"<p><b>Descripci\u00f3n:<\/b><\/p>\n<p>Este diplomado est\u00e1 dise\u00f1ado para mejorar las habilidades en la escritura cient\u00edfica y la transmisi\u00f3n de conocimiento de investigadores y periodistas, utilizando ejemplos pr\u00e1cticos y ejercicios que se aplica a la publicaci\u00f3n de art\u00edculos cient\u00edficos claros y efectivos.<\/p>\n<p>Los participantes adquirir\u00e1n habilidades en: manejo de lenguaje especializado, dise\u00f1o y\u00a0liderazgo de estrategias innovadoras\u00a0para la divulgaci\u00f3n y apropiaci\u00f3n social en CT&amp;I, conocimiento de estructuras narrativas para diferentes plataformas comunicativas y\u00a0en la socializaci\u00f3n y redacci\u00f3n de temas de ciencia.<\/p>\n<p><b>Modalidad:<\/b><\/p>\n<p>Virtual, conferencias on line y videos de apoyo. Sustentada en materiales did\u00e1cticos de aprendizaje (OVA).<\/p>\n<p>El estudiante podr\u00e1 acceder al programa de estudio durante las 24 horas del d\u00eda y contar\u00e1 con asesor\u00eda personalizada.\u00a0 Individualmente se concretar\u00e1 una propuesta de difusi\u00f3n para realizar las pr\u00e1cticas que el programa establece.<\/p>\n<p><b>Dirigido a: <\/b>Periodistas, investigadores y todo aquel que tenga afinidad por la divulgaci\u00f3n de la ciencia.<\/p>\n<p><b>Fecha: <\/b>Abril 2 a junio 24 de 2016<\/p>\n<p><b>Duraci\u00f3n:<\/b><span class=\"Apple-converted-space\">\u00a0<\/span>100 horas<\/p>\n<p>&nbsp;<\/p>\n<p><strong>M\u00e1s informaci\u00f3n:<\/strong><\/p>\n<p><a href=\"http:\/\/www.uan.edu.co\/diplomado-en-divulgacion-de-la-ciencia\/como-se-comunica-la-ciencia-al-publico\" target=\"_blank\">http:\/\/www.uan.edu.co\/diplomado-en-divulgacion-de-la-ciencia\/como-se-comunica-la-ciencia-al-publico<\/a><\/p>\n<p><a href=\"https:\/\/www.facebook.com\/Diplomado-en-Divulgaci%C3%B3n-de-la-Ciencia-1522865691369185\/\" target=\"_blank\">https:\/\/www.facebook.com\/Diplomado-en-Divulgaci%C3%B3n-de-la-Ciencia-1522865691369185\/<\/a><\/p>\n<p><a href=\"http:\/\/www.accefyn.org.co\" target=\"_blank\">http:\/\/www.accefyn.org.co<\/a><\/p>\n","protected":false},"excerpt":{"rendered":"<p>Descripci\u00f3n: Este diplomado est\u00e1 dise\u00f1ado para mejorar las habilidades en la escritura cient\u00edfica y la transmisi\u00f3n de conocimiento de investigadores y periodistas, utilizando ejemplos pr\u00e1cticos y ejercicios que se aplica a la publicaci\u00f3n de art\u00edculos cient\u00edficos claros y efectivos. Los participantes adquirir\u00e1n habilidades en: manejo de lenguaje especializado, dise\u00f1o y\u00a0liderazgo de estrategias innovadoras\u00a0para la divulgaci\u00f3n &hellip; <\/p>\n<p><a class=\"more-link btn\" href=\"https:\/\/cebem.org\/?p=187\">Seguir leyendo<\/a><\/p>\n","protected":false},"author":2,"featured_media":188,"comment_status":"closed","ping_status":"closed","sticky":false,"template":"","format":"standard","meta":{"_jetpack_memberships_contains_paid_content":false,"footnotes":"","jetpack_publicize_message":"","jetpack_publicize_feature_enabled":true,"jetpack_social_post_already_shared":true,"jetpack_social_options":{"image_generator_settings":{"template":"highway","default_image_id":0,"font":"","enabled":false},"version":2}},"categories":[10],"tags":[],"class_list":["post-187","post","type-post","status-publish","format-standard","has-post-thumbnail","hentry","category-otros-cursos","item-wrap"],"jetpack_publicize_connections":[],"jetpack_featured_media_url":"https:\/\/i0.wp.com\/cebem.org\/wp-content\/uploads\/2016\/02\/BannerDiplomadoDivulgacionCiencia.jpg?fit=681%2C293&ssl=1","jetpack_sharing_enabled":true,"_links":{"self":[{"href":"https:\/\/cebem.org\/index.php?rest_route=\/wp\/v2\/posts\/187","targetHints":{"allow":["GET"]}}],"collection":[{"href":"https:\/\/cebem.org\/index.php?rest_route=\/wp\/v2\/posts"}],"about":[{"href":"https:\/\/cebem.org\/index.php?rest_route=\/wp\/v2\/types\/post"}],"author":[{"embeddable":true,"href":"https:\/\/cebem.org\/index.php?rest_route=\/wp\/v2\/users\/2"}],"replies":[{"embeddable":true,"href":"https:\/\/cebem.org\/index.php?rest_route=%2Fwp%2Fv2%2Fcomments&post=187"}],"version-history":[{"count":3,"href":"https:\/\/cebem.org\/index.php?rest_route=\/wp\/v2\/posts\/187\/revisions"}],"predecessor-version":[{"id":191,"href":"https:\/\/cebem.org\/index.php?rest_route=\/wp\/v2\/posts\/187\/revisions\/191"}],"wp:featuredmedia":[{"embeddable":true,"href":"https:\/\/cebem.org\/index.php?rest_route=\/wp\/v2\/media\/188"}],"wp:attachment":[{"href":"https:\/\/cebem.org\/index.php?rest_route=%2Fwp%2Fv2%2Fmedia&parent=187"}],"wp:term":[{"taxonomy":"category","embeddable":true,"href":"https:\/\/cebem.org\/index.php?rest_route=%2Fwp%2Fv2%2Fcategories&post=187"},{"taxonomy":"post_tag","embeddable":true,"href":"https:\/\/cebem.org\/index.php?rest_route=%2Fwp%2Fv2%2Ftags&post=187"}],"curies":[{"name":"wp","href":"https:\/\/api.w.org\/{rel}","templated":true}]}}