
{"id":1841,"date":"2017-02-02T12:30:38","date_gmt":"2017-02-02T16:30:38","guid":{"rendered":"http:\/\/cebem.org\/?p=1841"},"modified":"2017-02-02T12:30:38","modified_gmt":"2017-02-02T16:30:38","slug":"investigaciones-regionales-journal-of-regional-research-numero-36","status":"publish","type":"post","link":"https:\/\/cebem.org\/?p=1841","title":{"rendered":"Investigaciones Regionales &#8211; Journal of Regional Research- N\u00famero 36"},"content":{"rendered":"<p>El n\u00famero 36 de <em>Investigaciones Regionales&#8211; Journal of Regional Research<\/em> ya est\u00e1 disponible en su edici\u00f3n en papel as\u00ed como on-line en la web. Les adjuntamos link directo a todos los art\u00edculos.<\/p>\n<p>Este n\u00famero ha sido patrocinado por la Direcci\u00f3n General de Fondos Comunitarios y cofinanciado por el FEDER (Fondo Europeo de Desarrollo Regional).<\/p>\n<p><strong>Tema general: <\/strong><strong><em>New Frontiers of Regional and Urban Analysis<\/em><\/strong><\/p>\n<p><strong>Introducci\u00f3n:<\/strong><\/p>\n<ul>\n<li><a href=\"http:\/\/www.aecr.org\/images\/ImatgesArticles\/2016\/12\/00_Editorialboard1.pdf\" target=\"_blank\">New frontiers of regional and urban analysis. Why this special issue?<\/a>\u00a0&#8211; The Editorial Board<\/li>\n<\/ul>\n<p><strong>Art\u00edculos:<\/strong><\/p>\n<ul>\n<li><a href=\"http:\/\/www.aecr.org\/images\/ImatgesArticles\/2016\/12\/01_Stimson.pdf\" target=\"_blank\">Some Challenges for Regional Science Research<\/a>\u00a0&#8211; <strong>Robert J. Stimson<\/strong><\/li>\n<li><a href=\"http:\/\/www.aecr.org\/images\/ImatgesArticles\/2016\/12\/02_KourtitRoyuelareduc.pdf\" target=\"_blank\">Envisioning Experiments on Regional Science Frontiers<\/a>\u00a0&#8211; <strong>Karima Kourtit, Vicente Royuela, Tomaz Ponce-Dentinho, Peter Nijkamp<\/strong><\/li>\n<li><a href=\"http:\/\/www.aecr.org\/images\/ImatgesArticles\/2016\/12\/03_Poot.pdf\" target=\"_blank\">The gravity model of migration: the successful comeback of an ageing superstar in regional science<\/a>\u00a0&#8211; <strong>Jacques Poot, O. Alimi, M P. Cameron, D. C. Mar\u00e9<\/strong><\/li>\n<li><a href=\"http:\/\/www.aecr.org\/images\/ImatgesArticles\/2016\/12\/04_Camagni.pdf\" target=\"_blank\">Afterthoughts on urban economic theory and its focus<\/a>\u00a0<strong>&#8211; <\/strong><strong>Roberto Camagni<\/strong><\/li>\n<li><a href=\"http:\/\/www.aecr.org\/images\/ImatgesArticles\/2016\/12\/05_CuadradoRoura.pdf\" target=\"_blank\">Service industries and regional analysis. New directions and challenges<\/a>\u00a0&#8211; <strong>Juan R. Cuadrado-Roura<\/strong><\/li>\n<li><a href=\"http:\/\/www.aecr.org\/images\/ImatgesArticles\/2016\/12\/06_Stough.pdf\" target=\"_blank\">Entrepreneurship and Regional Economic Development: Some reflections<\/a>\u00a0&#8211;<strong>Roger R. Stough<\/strong><\/li>\n<li><a href=\"http:\/\/www.aecr.org\/images\/ImatgesArticles\/2016\/12\/07_Cooke.pdf\" target=\"_blank\">Dark and Light: Entrepreneurship and Innovation in New Technology Spaces<\/a>&#8211; <strong>Philip Cooke<\/strong><\/li>\n<li><a href=\"http:\/\/www.aecr.org\/images\/ImatgesArticles\/2016\/12\/08_VanDijk.pdf\" target=\"_blank\">Towards inclusive and resilient regional labour markets: challenges for research and policy<\/a>\u00a0&#8211; <strong>Jouke van Dijk, Arjen Edzes<\/strong><\/li>\n<li><a href=\"http:\/\/www.aecr.org\/images\/ImatgesArticles\/2016\/12\/09_Nijkamp.pdf\" target=\"_blank\">The \u00abresourceful region\u00bb. A new conceptualisation of regional development strategies<\/a>\u00a0&#8211; <strong>Peter Nijkamp<\/strong><\/li>\n<li><a href=\"http:\/\/www.aecr.org\/images\/ImatgesArticles\/2016\/12\/10_Kourtitreduc.pdf\" target=\"_blank\">Super-Proximity and Spatial Development<\/a>\u00a0&#8211; <strong>Karima Kourtit<\/strong><\/li>\n<li><a href=\"http:\/\/www.aecr.org\/images\/ImatgesArticles\/2016\/12\/11_ArocaAtienzareduc.pdf\" target=\"_blank\">Spatial concentration in Latin America and the role of institutions<\/a>\u00a0\u2013 <strong>Patricio Aroca, Miguel Atienza<\/strong><\/li>\n<li><a href=\"http:\/\/www.aecr.org\/images\/ImatgesArticles\/2016\/12\/12_Gl%C3%BCckler_Lenz.pdf\" target=\"_blank\">How institutions moderate the effectiveness of regional policy: A framework and research agenda<\/a>\u00a0<strong>&#8211; Johannes Gl\u00fcckler, Regina Lenz<\/strong><\/li>\n<li><a href=\"http:\/\/www.aecr.org\/images\/ImatgesArticles\/2016\/12\/13_McCann.pdf\" target=\"_blank\">Smart Specialisation: Insights from the EU Experience and Implications for Other Economies<\/a>\u00a0<strong>&#8211; Philip McCann, Raquel Ortega-Argil\u00e9s<\/strong><\/li>\n<\/ul>\n<p>&nbsp;<\/p>\n<p><strong>Investigaciones Regionales\/<em>Journal of Regional Research<\/em><\/strong>\u00a0est\u00e1 indexada en <em>Scopus<\/em>, donde figura en Q2 en <em>Economics, Econometrics and Finance<\/em>, as\u00ed como en otras bases cient\u00edficas y repositorios internacionales (Emerging Source Citation Index (ESCI), EBSCO, ProQuest, EconLit, RePec, DOAJ, Redalyc, Latindex,\u2026).<\/p>\n<p>Adem\u00e1s de su publicaci\u00f3n en papel, la revista est\u00e1 completamente en acceso libre en la web <a title=\"http:\/\/www.investigacionesregionales.org Ctrl+Haga clic o puntee para seguir el v\u00ednculo\" href=\"http:\/\/www.investigacionesregionales.org\/\">www.investigacionesregionales.org<\/a><\/p>\n<p>&nbsp;<\/p>\n<p><strong>Contacto y env\u00edo de art\u00edculos:<\/strong><\/p>\n<p><strong>Investigaciones Regionales \u2013 <em>Journal of Regional Research<\/em><\/strong><\/p>\n<p>Email: <a title=\"mailto:investig.regionales@uah.es Ctrl+Haga clic o puntee para seguir el v\u00ednculo\" href=\"mailto:investig.regionales@uah.es\">investig.regionales@uah.es<\/a><\/p>\n","protected":false},"excerpt":{"rendered":"<p>El n\u00famero 36 de Investigaciones Regionales&#8211; Journal of Regional Research ya est\u00e1 disponible en su edici\u00f3n en papel as\u00ed como on-line en la web. Les adjuntamos link directo a todos los art\u00edculos. Este n\u00famero ha sido patrocinado por la Direcci\u00f3n General de Fondos Comunitarios y cofinanciado por el FEDER (Fondo Europeo de Desarrollo Regional). Tema &hellip; <\/p>\n<p><a class=\"more-link btn\" href=\"https:\/\/cebem.org\/?p=1841\">Seguir leyendo<\/a><\/p>\n","protected":false},"author":2,"featured_media":1842,"comment_status":"closed","ping_status":"closed","sticky":false,"template":"","format":"standard","meta":{"_jetpack_memberships_contains_paid_content":false,"footnotes":"","jetpack_publicize_message":"","jetpack_publicize_feature_enabled":true,"jetpack_social_post_already_shared":true,"jetpack_social_options":{"image_generator_settings":{"template":"highway","default_image_id":0,"font":"","enabled":false},"version":2}},"categories":[7],"tags":[124,18],"class_list":["post-1841","post","type-post","status-publish","format-standard","has-post-thumbnail","hentry","category-otras-publicaciones","tag-boletin-1-enero-2017","tag-revista","item-wrap"],"jetpack_publicize_connections":[],"jetpack_featured_media_url":"https:\/\/i0.wp.com\/cebem.org\/wp-content\/uploads\/2017\/02\/IIRR_Dos_nombres.jpg?fit=573%2C144&ssl=1","jetpack_sharing_enabled":true,"_links":{"self":[{"href":"https:\/\/cebem.org\/index.php?rest_route=\/wp\/v2\/posts\/1841","targetHints":{"allow":["GET"]}}],"collection":[{"href":"https:\/\/cebem.org\/index.php?rest_route=\/wp\/v2\/posts"}],"about":[{"href":"https:\/\/cebem.org\/index.php?rest_route=\/wp\/v2\/types\/post"}],"author":[{"embeddable":true,"href":"https:\/\/cebem.org\/index.php?rest_route=\/wp\/v2\/users\/2"}],"replies":[{"embeddable":true,"href":"https:\/\/cebem.org\/index.php?rest_route=%2Fwp%2Fv2%2Fcomments&post=1841"}],"version-history":[{"count":1,"href":"https:\/\/cebem.org\/index.php?rest_route=\/wp\/v2\/posts\/1841\/revisions"}],"predecessor-version":[{"id":1843,"href":"https:\/\/cebem.org\/index.php?rest_route=\/wp\/v2\/posts\/1841\/revisions\/1843"}],"wp:featuredmedia":[{"embeddable":true,"href":"https:\/\/cebem.org\/index.php?rest_route=\/wp\/v2\/media\/1842"}],"wp:attachment":[{"href":"https:\/\/cebem.org\/index.php?rest_route=%2Fwp%2Fv2%2Fmedia&parent=1841"}],"wp:term":[{"taxonomy":"category","embeddable":true,"href":"https:\/\/cebem.org\/index.php?rest_route=%2Fwp%2Fv2%2Fcategories&post=1841"},{"taxonomy":"post_tag","embeddable":true,"href":"https:\/\/cebem.org\/index.php?rest_route=%2Fwp%2Fv2%2Ftags&post=1841"}],"curies":[{"name":"wp","href":"https:\/\/api.w.org\/{rel}","templated":true}]}}