
{"id":184,"date":"2016-02-19T06:56:03","date_gmt":"2016-02-19T10:56:03","guid":{"rendered":"http:\/\/cebem.org\/?p=184"},"modified":"2016-05-05T12:21:14","modified_gmt":"2016-05-05T16:21:14","slug":"xiv-seminario-internacional-de-la-rii-monterrey-mexico-3-a-7-de-octubre-de-2016","status":"publish","type":"post","link":"https:\/\/cebem.org\/?p=184","title":{"rendered":"XIV Seminario Internacional de la RII. Monterrey, M\u00e9xico, 3 a 7 de octubre de 2016"},"content":{"rendered":"<p style=\"text-align: center;\">Red Iberoamericana de Investigadores sobre Globalizaci\u00f3n y Territorio (RII)<br \/>\ny<br \/>\nFacultad de Ciencias Pol\u00edticas y Administraci\u00f3n P\u00fablica de la Universidad Aut\u00f3noma de Nuevo Le\u00f3n (UANL)<\/p>\n<p style=\"text-align: center;\">Convocan al<\/p>\n<p style=\"text-align: center;\"><strong>XIV Seminario Internacional de la RII: \u201c<\/strong><strong>Crisis mundial y financiarizaci\u00f3n: impactos urbanos y territoriales<\/strong><strong>\u201d <\/strong><\/p>\n<p style=\"text-align: center;\"><strong>Monterrey, M\u00e9xico. <\/strong><strong>3 a 7 de octubre<\/strong> <strong>de 2016<\/strong><\/p>\n<blockquote>\n<p style=\"text-align: center;\"><strong>\u00a0<\/strong>La fecha l\u00edmite para presentar propuestas de res\u00famenes de ponencias para el XIV Seminario Internacional de la RII es <strong>este jueves 31 de marzo.<\/strong><\/p>\n<p>Su propuesta la podr\u00e1n enviar al sitio: <a href=\"http:\/\/eventos.uanl.mx\/xiv_seminario_rii\/enviar_resumen.php\" target=\"_blank\">http:\/\/eventos.uanl.mx\/xiv_seminario_rii\/enviar_resumen.php<\/a><\/p><\/blockquote>\n<p><strong>ANTECEDENTES<\/strong><\/p>\n<p>La <strong>Red Iberoamericana de Investigadores sobre Globalizaci\u00f3n y Territorio<\/strong> (RII) fue creada por un grupo de investigadores participantes en un seminario realizado en 1994 en la Ciudad de Pereira (Colombia), animados por el prop\u00f3sito de dar continuidad y ampliar el estudio y el an\u00e1lisis de las transformaciones territoriales y urbanas que se estaban produciendo bajo el impacto del proceso de globalizaci\u00f3n en diversos pa\u00edses iberoamericanos.<\/p>\n<p>Desde entonces, incluyendo el evento fundacional, la RII ha realizado trece seminarios internacionales los cuales se llevaron a cabo en Pereira (Colombia, 1994); Santiago de Chile (Chile, 1995); La R\u00e1bida (Espa\u00f1a, 1996); Bogot\u00e1 (Colombia, 1998); Toluca (M\u00e9xico, 1999); Rosario (Argentina, 2001); Camag\u00fcey, (Cuba, 2002), R\u00edo de Janeiro (Brasil, 2004); Bah\u00eda Blanca (Argentina, 2006), Quer\u00e9taro (M\u00e9xico, 2008), Mendoza (Argentina, 2010), Belo Horizonte (Brasil, 2012) y Salvador de Bah\u00eda (Brasil, 2014).<\/p>\n<p>En estos seminarios se ha analizado y debatido con variados enfoques, un conjunto de temas relacionados con los principales impactos territoriales y urbanos de los procesos de restructuraci\u00f3n impulsados por diferentes gobiernos nacionales de diversos pa\u00edses iberoamericanos durante las \u00faltimas d\u00e9cadas. Como resultado los numerosos trabajos expuestos en los distintos seminarios han permitido realizar importantes avances en la identificaci\u00f3n, caracterizaci\u00f3n y an\u00e1lisis de las m\u00e1s importantes transformaciones territoriales y urbanas producidas durante las \u00faltimas d\u00e9cadas en esta parte del mundo.<\/p>\n<p><strong>CONVOCATORIA AL XIV SEMINARIO RII<\/strong><\/p>\n<p>Con el prop\u00f3sito de dar continuidad a este proceso, se decidi\u00f3 convocar al XIV Seminario Internacional de la RII, el cual tendr\u00e1 como sede la Facultad de Arquitectura de la Universidad Aut\u00f3noma de Nuevo Le\u00f3n, en Monterrey, M\u00e9xico, del 3 al 7 de octubre de 2016.<\/p>\n<p>Como resultado de la reuni\u00f3n del Comit\u00e9 Cient\u00edfico y de coordinadores de grupos de trabajo de la RII, que se realiz\u00f3 con oportunidad del XIII Seminario Internacional (Salvador, Brasil), el XIV Seminario Internacional de la RII tendr\u00e1 como objetivo el an\u00e1lisis cr\u00edtico y la discusi\u00f3n de las transformaciones estructurales urbanas y territoriales producidas bajo el efecto de las reformas y pol\u00edticas aplicadas bajo los criterios y prescripciones de la restructuraci\u00f3n neoliberal, considerando en particular, los impactos de la financiarizaci\u00f3n de la econom\u00eda mundial y los efectos de la actual crisis mundial, con \u00e9nfasis en las experiencias en diversos pa\u00edses iberoamericanos.<\/p>\n<p>Al mismo tiempo, en ese contexto se buscar\u00e1 identificar y analizar los cambios de mayor relevancia que han afectado a las agendas de investigaci\u00f3n en estos pa\u00edses durante los \u00faltimos veinte a\u00f1os, considerando aspectos tales como la nueva organizaci\u00f3n (o re-escalamiento) capitalista a escala mundial y sus implicaciones urbano-regionales, los nuevos paradigmas te\u00f3rico-metodol\u00f3gicos en elaboraci\u00f3n y los principales impactos y tendencias socio-territoriales derivadas de la actual crisis financiera mundial desde enfoques te\u00f3ricos cr\u00edticos.<\/p>\n<p>Privilegiando que los trabajos resalten escenarios futuros m\u00e1s que diagn\u00f3sticos; problematicen el caso te\u00f3ricamente y sus implicaciones socioterritoriales y sean congruentes con la posici\u00f3n te\u00f3rica que decidan asumir.<\/p>\n<p><strong>EJES Y GRUPOS TEM\u00c1TICOS<\/strong><\/p>\n<p>Los trabajos y las discusiones del XIV Seminario de la RII, ser\u00e1n estructurados en torno a los tres grupos tem\u00e1ticos que se detallan a continuaci\u00f3n:<\/p>\n<p><strong>Grupo Tem\u00e1tico 1 \u2013 Reestructuraci\u00f3n neoliberal y planteamientos alternativos: <\/strong><strong>Recursos naturales, actividades productivas y repercusiones sobre el desarrollo territorial<\/strong><\/p>\n<ol>\n<li>Reprimarizaci\u00f3n econ\u00f3mica, cadenas agroalimentarias y sistemas productivos locales. Su impacto en el desarrollo territorial<\/li>\n<li>Nueva organizaci\u00f3n productiva e impactos ambientales<\/li>\n<li>Infraestructuras productivas y pol\u00edticas territoriales<\/li>\n<\/ol>\n<p><strong>Grupo Tem\u00e1tico 2 &#8211; Urbanizaci\u00f3n planetaria, mercantilizaci\u00f3n y metamorfosis urbana<\/strong><\/p>\n<ol>\n<li>Cambios en la estructura y din\u00e1mica de los sistemas urbanos globales, nacionales y locales. El rol de la ciudad intermedia<\/li>\n<li>Conectividad y movilidad en la nueva organizaci\u00f3n multi-escalar<\/li>\n<li>Financiarizaci\u00f3n, negocios inmobiliarios y mercantilizaci\u00f3n del desarrollo urbano. Su impacto en la expansi\u00f3n y en las nuevas morfolog\u00edas urbanas.<\/li>\n<li>Formas de gesti\u00f3n urbana. Lo p\u00fablico, lo privado y la planificaci\u00f3n.<\/li>\n<\/ol>\n<p><strong>Grupo Tem\u00e1tico 3 &#8211; Desigualdades socio-territoriales: nuevos enfoques y respuestas<\/strong><\/p>\n<ol>\n<li>Impactos sociales de la restructuraci\u00f3n de los mercados de trabajo<\/li>\n<li>Gobernanza, vulnerabilidad y exclusi\u00f3n<\/li>\n<li>Fragmentaci\u00f3n urbana, p\u00e9rdida de cohesi\u00f3n social y segregaci\u00f3n residencial<\/li>\n<li>Movimientos sociales, participaci\u00f3n ciudadana y nuevas modalidades de gobernanza<\/li>\n<\/ol>\n<p>Todas las propuestas de ponencias deber\u00e1n enmarcarse en los ejes tem\u00e1ticos establecidos para cada grupo, con lo cual se buscar\u00e1 centralizar la discusi\u00f3n en problem\u00e1ticas afines aunque tengan perspectivas diferentes o est\u00e9n referidos a casos particulares.<\/p>\n<p><strong>FECHAS IMPORTANTES:<\/strong><\/p>\n<ul>\n<li>Plazo para la presentaci\u00f3n de res\u00famenes: <strong>31 de marzo de 2016;<\/strong><\/li>\n<li>Divulgaci\u00f3n de los resultados: <strong>29 de abril de 2016;<\/strong><\/li>\n<li>Plazo de presentaci\u00f3n de ponencias en extenso (para inclusi\u00f3n en CD y programaci\u00f3n para presentaci\u00f3n en el Seminario): <strong>14 de agosto de 2016;<\/strong><\/li>\n<li>Realizaci\u00f3n del Seminario: del<strong> 3 al 7 de octubre de 2016.<\/strong><\/li>\n<\/ul>\n<p><strong>CUOTAS DE INSCRIPCI\u00d3N:<\/strong><\/p>\n<table border=\"1\">\n<tbody>\n<tr>\n<td width=\"130\">100.00 US$<\/td>\n<td width=\"463\">Hasta 14 de julio de 2016.<\/td>\n<\/tr>\n<tr>\n<td width=\"130\">120.00 US$<\/td>\n<td width=\"463\">Desde 15 de julio hasta 31 de agosto de 2016.<\/td>\n<\/tr>\n<\/tbody>\n<\/table>\n<p>&nbsp;<\/p>\n<p><strong>Mayor Informaci\u00f3n, env\u00edo de propuestas e inscripciones<\/strong>:<\/p>\n<p>Juan Noyola, Coordinador general del XIV Seminario Internacional de la RII: <a href=\"mailto:xivseminariodelarii-mty2016@gmail.com\">xivseminariodelarii-mty2016@gmail.com<\/a><\/p>\n<p>Por Facebook, pueden seguirnos en: <strong><a href=\"https:\/\/www.facebook.com\/riimty2016\/\" target=\"_blank\">XIV Seminario de la RII Monterrey 2016<\/a><\/strong><\/p>\n<p><strong>Orientaciones generales para la elaboraci\u00f3n, presentaci\u00f3n y selecci\u00f3n de los trabajos<\/strong><\/p>\n<p>La selecci\u00f3n de los trabajos ser\u00e1 realizada por los coordinadores de los grupos tem\u00e1ticos, observando las siguientes orientaciones generales:<\/p>\n<ul>\n<li>Los trabajos deber\u00e1n tener una perspectiva hist\u00f3rica o, al menos, comprender un periodo que permita alcanzar un alto grado de validez en los an\u00e1lisis y conclusiones.<\/li>\n<li>Los trabajos de car\u00e1cter te\u00f3rico sobre el \u00e1rea o en su combinaci\u00f3n con resultados pr\u00e1cticos, deber\u00e1n permitir generalizaciones incluso cuando partan de aspectos particulares de pa\u00edses.<\/li>\n<li>Las ponencias que hayan sido presentadas en anteriores seminarios, s\u00f3lo ser\u00e1n aceptadas si incluyen avances sustanciales en los resultados obtenidos, y cumplen las condiciones generales y particulares establecidas por cada grupo tem\u00e1tico.<\/li>\n<li>La selecci\u00f3n de los trabajos se efectuar\u00e1 con base en la evaluaci\u00f3n de las propuestas (res\u00famenes). Las mismas deber\u00e1n mostrar, de forma precisa y organizada, el contenido y alcance de los trabajos.<\/li>\n<li>No ser\u00e1n aceptadas propuestas que no se ajusten a los prop\u00f3sitos y tem\u00e1ticas del Seminario.<\/li>\n<\/ul>\n<p><strong>Estructura de las propuestas<\/strong><\/p>\n<ul>\n<li>Grupo y eje tem\u00e1tica donde propone participar<\/li>\n<li>T\u00edtulo descriptivo del contenido<\/li>\n<li>Objetivos del trabajo<\/li>\n<li>Principales hip\u00f3tesis<\/li>\n<li>Metodolog\u00eda e informaci\u00f3n considerada en la investigaci\u00f3n.<\/li>\n<li>Descripci\u00f3n del contenido y resultados b\u00e1sicos del trabajo.<\/li>\n<li>Nombre, especialidad e inserci\u00f3n institucional del autor o autores y datos de contacto como correo electr\u00f3nico o direcci\u00f3n postal.<\/li>\n<\/ul>\n<p><strong>ASPECTOS FORMALES<\/strong><\/p>\n<ol>\n<li><strong>De la Propuesta<br \/>\n<\/strong>Esta presentaci\u00f3n deber\u00e1 tener una extensi\u00f3n m\u00e1xima de 3 p\u00e1ginas en formato A4, m\u00e1rgenes de 2.5 cm., letra Arial, tama\u00f1o 11, con espacio simple y con un espacio entre p\u00e1rrafos en formato de Word para Windows. Deber\u00e1 ser remitida al correo <a href=\"mailto:rii2012@cedeplar.ufmg.br\">rii2012@cedeplar.ufmg.br<\/a> \u00a0con copia para cada uno de los coordinadores del grupo tem\u00e1tico, antes de la fecha l\u00edmite de entrega de los res\u00famenes.Las propuestas deber\u00e1n acompa\u00f1arse de la ficha de preinscripci\u00f3n correspondiente, donde se se\u00f1alar\u00e1n los datos generales del autor o los autores.<\/li>\n<\/ol>\n<ol start=\"2\">\n<li><strong>De los trabajos finales<br \/>\n<\/strong>Una vez efectuada la selecci\u00f3n y habi\u00e9ndose comunicado a los autores, se deber\u00e1n entregar los trabajos completos en estricta correspondencia con la propuesta enviada. Deber\u00e1 remitirse al correo <a href=\"mailto:xivseminariodelarii-mty2016@gmail.com\">xivseminariodelarii-mty2016@gmail.com<\/a> antes del 14 de agosto de 2016, fecha l\u00edmite de entrega de los textos completos (los trabajos que lleguen despu\u00e9s de esa fecha, no podr\u00e1n ser incluidos en el CD de la publicaci\u00f3n correspondiente).Para ser editados, los trabajos deber\u00e1n respetar las siguientes pautas:<\/li>\n<\/ol>\n<ol>\n<li>Extensi\u00f3n de 20 p\u00e1ginas (incluidas bibliograf\u00eda, notas, cuadros, gr\u00e1ficos y anexos)<\/li>\n<li>Procesador compatible con Word 6.0<\/li>\n<li>P\u00e1ginas tama\u00f1o A4, espacio simple con un espacio entre p\u00e1rrafos, una columna, justificado, letra tipo Arial 11, todos los m\u00e1rgenes de 2,5 cm., no usar sangr\u00eda.<\/li>\n<li>Consignar nombre completo de autor\/es, pertenencia institucional y funci\u00f3n\/cargo, direcci\u00f3n postal, tel\u00e9fono, direcci\u00f3n electr\u00f3nica.<\/li>\n<li>Los t\u00edtulos en negrita min\u00fascula (Arial 11) siguiendo la forma:<\/li>\n<li>1., 1.1., 1.2.; 2.<\/li>\n<li>Los gr\u00e1ficos que se incorporen de Excel a Word se realizar\u00e1 con el comando: copiar-pegado especial. Los cuadros, gr\u00e1ficos, figuras y mapas, deben ir enumerados 1, 2, 3, etc. y siempre tener la misma fuente (Arial). Los cuadros, lo m\u00e1s simple posible, deben tener siempre el mismo formato (bordes, sombreado, etc.) al igual que los gr\u00e1ficos.<\/li>\n<li>Las notas deben realizarse a pie de p\u00e1gina y en forma correlativa. Tipo de letra Arial 10 normal, justificada y sin sangr\u00eda, con interlineado sencillo. Las notas al pie de p\u00e1gina deber\u00e1n reducirse a la cantidad m\u00ednima posible y su contenido limitarse a ampliaciones o precisiones de asuntos considerados en el texto principal del art\u00edculo.<\/li>\n<li>Las citas bibliogr\u00e1ficas deber\u00e1n estar contenidas en el cuerpo del art\u00edculo, respetando el siguiente formato: (autor\/es, a\u00f1o: p\u00e1gina). En el caso de varias referencias a los\/las mismos\/as autores\/as en el mismo a\u00f1o, identificarlos consecutivamente con letras (a, b,&#8230;) a continuaci\u00f3n del autor y orden\u00e1ndolas a partir de la fecha de edici\u00f3n m\u00e1s reciente.<\/li>\n<li>La bibliograf\u00eda deber\u00e1 contener \u00fanicamente aquellas referencias citadas en la ponencia, con el siguiente formato:<\/li>\n<\/ol>\n<ul>\n<li>Libros: APELLIDO, nombre del autor (a\u00f1o de publicaci\u00f3n); <em>T\u00edtulo<\/em>, lugar de edici\u00f3n, Editorial.<\/li>\n<li>Cap\u00edtulos de libros: APELLIDO, nombre del autor (a\u00f1o de publicaci\u00f3n); \u00abT\u00edtulo\u00bb, en (compilador\/es o editor\/es), <em>T\u00edtulo del libro, <\/em>lugar de edici\u00f3n, Editorial.<\/li>\n<li>Art\u00edculos en revistas: APELLIDO, nombre del autor (a\u00f1o de publicaci\u00f3n); \u00abT\u00edtulo\u00bb, <u>Nombre de la revista;<\/u> lugar de edici\u00f3n, volumen o tomo, n\u00famero, p\u00e1ginas del art\u00edculo.<\/li>\n<\/ul>\n","protected":false},"excerpt":{"rendered":"<p>Red Iberoamericana de Investigadores sobre Globalizaci\u00f3n y Territorio (RII) y Facultad de Ciencias Pol\u00edticas y Administraci\u00f3n P\u00fablica de la Universidad Aut\u00f3noma de Nuevo Le\u00f3n (UANL) Convocan al XIV Seminario Internacional de la RII: \u201cCrisis mundial y financiarizaci\u00f3n: impactos urbanos y territoriales\u201d Monterrey, M\u00e9xico. 3 a 7 de octubre de 2016 \u00a0La fecha l\u00edmite para presentar &hellip; <\/p>\n<p><a class=\"more-link btn\" href=\"https:\/\/cebem.org\/?p=184\">Seguir leyendo<\/a><\/p>\n","protected":false},"author":2,"featured_media":185,"comment_status":"closed","ping_status":"closed","sticky":false,"template":"","format":"standard","meta":{"_jetpack_memberships_contains_paid_content":false,"footnotes":"","jetpack_publicize_message":"","jetpack_publicize_feature_enabled":true,"jetpack_social_post_already_shared":true,"jetpack_social_options":{"image_generator_settings":{"template":"highway","default_image_id":0,"font":"","enabled":false},"version":2}},"categories":[9,34],"tags":[19],"class_list":["post-184","post","type-post","status-publish","format-standard","has-post-thumbnail","hentry","category-destacados","category-eventos","tag-seminario","item-wrap"],"jetpack_publicize_connections":[],"jetpack_featured_media_url":"https:\/\/i0.wp.com\/cebem.org\/wp-content\/uploads\/2016\/02\/12465823_1049335251784594_6431396541135259801_o.jpg?fit=2048%2C1641&ssl=1","jetpack_sharing_enabled":true,"_links":{"self":[{"href":"https:\/\/cebem.org\/index.php?rest_route=\/wp\/v2\/posts\/184","targetHints":{"allow":["GET"]}}],"collection":[{"href":"https:\/\/cebem.org\/index.php?rest_route=\/wp\/v2\/posts"}],"about":[{"href":"https:\/\/cebem.org\/index.php?rest_route=\/wp\/v2\/types\/post"}],"author":[{"embeddable":true,"href":"https:\/\/cebem.org\/index.php?rest_route=\/wp\/v2\/users\/2"}],"replies":[{"embeddable":true,"href":"https:\/\/cebem.org\/index.php?rest_route=%2Fwp%2Fv2%2Fcomments&post=184"}],"version-history":[{"count":4,"href":"https:\/\/cebem.org\/index.php?rest_route=\/wp\/v2\/posts\/184\/revisions"}],"predecessor-version":[{"id":503,"href":"https:\/\/cebem.org\/index.php?rest_route=\/wp\/v2\/posts\/184\/revisions\/503"}],"wp:featuredmedia":[{"embeddable":true,"href":"https:\/\/cebem.org\/index.php?rest_route=\/wp\/v2\/media\/185"}],"wp:attachment":[{"href":"https:\/\/cebem.org\/index.php?rest_route=%2Fwp%2Fv2%2Fmedia&parent=184"}],"wp:term":[{"taxonomy":"category","embeddable":true,"href":"https:\/\/cebem.org\/index.php?rest_route=%2Fwp%2Fv2%2Fcategories&post=184"},{"taxonomy":"post_tag","embeddable":true,"href":"https:\/\/cebem.org\/index.php?rest_route=%2Fwp%2Fv2%2Ftags&post=184"}],"curies":[{"name":"wp","href":"https:\/\/api.w.org\/{rel}","templated":true}]}}