
{"id":1650,"date":"2016-11-25T06:40:30","date_gmt":"2016-11-25T10:40:30","guid":{"rendered":"http:\/\/cebem.org\/?p=1650"},"modified":"2016-11-25T06:40:30","modified_gmt":"2016-11-25T10:40:30","slug":"encuentro-de-geografos-de-america-latina-2017-egal","status":"publish","type":"post","link":"https:\/\/cebem.org\/?p=1650","title":{"rendered":"Encuentro de Ge\u00f3grafos de America Latina 2017 EGAL"},"content":{"rendered":"<p><img data-recalc-dims=\"1\" fetchpriority=\"high\" decoding=\"async\" class=\"alignleft size-medium wp-image-1651\" src=\"https:\/\/i0.wp.com\/cebem.org\/wp-content\/uploads\/2016\/11\/AFICHE_EGAL_3-200x300.jpg?resize=200%2C300\" alt=\"afiche_egal_3\" width=\"200\" height=\"300\" srcset=\"https:\/\/i0.wp.com\/cebem.org\/wp-content\/uploads\/2016\/11\/AFICHE_EGAL_3.jpg?resize=200%2C300&amp;ssl=1 200w, https:\/\/i0.wp.com\/cebem.org\/wp-content\/uploads\/2016\/11\/AFICHE_EGAL_3.jpg?resize=768%2C1152&amp;ssl=1 768w, https:\/\/i0.wp.com\/cebem.org\/wp-content\/uploads\/2016\/11\/AFICHE_EGAL_3.jpg?resize=683%2C1024&amp;ssl=1 683w, https:\/\/i0.wp.com\/cebem.org\/wp-content\/uploads\/2016\/11\/AFICHE_EGAL_3.jpg?resize=600%2C900&amp;ssl=1 600w, https:\/\/i0.wp.com\/cebem.org\/wp-content\/uploads\/2016\/11\/AFICHE_EGAL_3.jpg?w=1512&amp;ssl=1 1512w\" sizes=\"(max-width: 200px) 100vw, 200px\" \/>Pasaron 30 a\u00f1os desde que un grupo de colegas brasile\u00f1os generaron la idea de encontrarnos como ge\u00f3grafos y durante 15 encuentros ininterrumpidos en diversas latitudes de nuestra Am\u00e9rica Latina y el Caribe, esta idea ha ido madurando como un espacio de discusi\u00f3n, reflexi\u00f3n y encuentro del papel que la Geograf\u00eda desempe\u00f1a como ciencia y apostolado.<\/p>\n<p>Y al igual que la geograf\u00eda, la regi\u00f3n latinoamericana se ha ido desarrollando en cuanto a pensamiento, pol\u00edtica, crecimiento y desarrollo de sus pa\u00edses, poblaci\u00f3n y recursos, aunque tambi\u00e9n se ha ido profundizando la problem\u00e1tica social, econ\u00f3mica, pol\u00edtica y ambiental, poniendo en riesgo el futuro de esta regi\u00f3n. Es esa diversidad de culturas, paisajes, pensamientos y naciones latinoamericanas, una de las razones que motiva a los ge\u00f3grafos a encontrarse cada dos a\u00f1os para hacer conocer los avances de sus estudios y del trabajo que realizan en los \u00e1mbitos de acci\u00f3n tan amplios que la geograf\u00eda permite realizar.<\/p>\n<p>Y que mejor lugar para realizar este encuentro que en la s\u00edntesis geogr\u00e1fica de la Am\u00e9rica Latina, en Bolivia, y en una de las siete ciudades maravilla del mundo, La Paz, que ser\u00e1 sede por primera vez sede del XVI EGAL 2017. Bajo el lema \u201cGeograf\u00eda viva desde el Coraz\u00f3n de Am\u00e9rica Latina\u201d, nos encontraremos para intercambiar nuestras experiencias y saberes geogr\u00e1ficos desde diversos enfoques y perspectivas con una visi\u00f3n transdisciplinaria y novedosa.<\/p>\n<p>En ese sentido, los invitamos fraternalmente a ser part\u00edcipes del XVI Encuentro de Ge\u00f3grafos de Am\u00e9rica Latina, que se llevar\u00e1 a cabo <strong>del 26 al 29 de Abril de 2017 en la ciudad de La Paz \u2013 Bolivia<\/strong>, donde podremos intercambiar experiencias y buenas pr\u00e1cticas de la geograf\u00eda, e incrementar los lazos de uni\u00f3n entre hermanos ge\u00f3grafos latinoamericanos.<\/p>\n<h4><strong>M\u00e1s informaci\u00f3n:<\/strong> <a href=\"mailto:info@egal2017.bo\">info@egal2017.bo<\/a> &#8211; <a href=\"http:\/\/www.egal2017.bo\" target=\"_blank\">www.egal2017.bo<\/a><\/h4>\n","protected":false},"excerpt":{"rendered":"<p>Pasaron 30 a\u00f1os desde que un grupo de colegas brasile\u00f1os generaron la idea de encontrarnos como ge\u00f3grafos y durante 15 encuentros ininterrumpidos en diversas latitudes de nuestra Am\u00e9rica Latina y el Caribe, esta idea ha ido madurando como un espacio de discusi\u00f3n, reflexi\u00f3n y encuentro del papel que la Geograf\u00eda desempe\u00f1a como ciencia y apostolado. &hellip; <\/p>\n<p><a class=\"more-link btn\" href=\"https:\/\/cebem.org\/?p=1650\">Seguir leyendo<\/a><\/p>\n","protected":false},"author":2,"featured_media":1652,"comment_status":"closed","ping_status":"closed","sticky":false,"template":"","format":"standard","meta":{"_jetpack_memberships_contains_paid_content":false,"footnotes":"","jetpack_publicize_message":"","jetpack_publicize_feature_enabled":true,"jetpack_social_post_already_shared":true,"jetpack_social_options":{"image_generator_settings":{"template":"highway","default_image_id":0,"font":"","enabled":false},"version":2}},"categories":[34],"tags":[118,35,120],"class_list":["post-1650","post","type-post","status-publish","format-standard","has-post-thumbnail","hentry","category-eventos","tag-boletin-9-octubre-2016","tag-bolivia","tag-encuentro","item-wrap"],"jetpack_publicize_connections":[],"jetpack_featured_media_url":"https:\/\/i0.wp.com\/cebem.org\/wp-content\/uploads\/2016\/11\/AFICHE_EGAL_3_2.jpg?fit=1499%2C1477&ssl=1","jetpack_sharing_enabled":true,"_links":{"self":[{"href":"https:\/\/cebem.org\/index.php?rest_route=\/wp\/v2\/posts\/1650","targetHints":{"allow":["GET"]}}],"collection":[{"href":"https:\/\/cebem.org\/index.php?rest_route=\/wp\/v2\/posts"}],"about":[{"href":"https:\/\/cebem.org\/index.php?rest_route=\/wp\/v2\/types\/post"}],"author":[{"embeddable":true,"href":"https:\/\/cebem.org\/index.php?rest_route=\/wp\/v2\/users\/2"}],"replies":[{"embeddable":true,"href":"https:\/\/cebem.org\/index.php?rest_route=%2Fwp%2Fv2%2Fcomments&post=1650"}],"version-history":[{"count":1,"href":"https:\/\/cebem.org\/index.php?rest_route=\/wp\/v2\/posts\/1650\/revisions"}],"predecessor-version":[{"id":1653,"href":"https:\/\/cebem.org\/index.php?rest_route=\/wp\/v2\/posts\/1650\/revisions\/1653"}],"wp:featuredmedia":[{"embeddable":true,"href":"https:\/\/cebem.org\/index.php?rest_route=\/wp\/v2\/media\/1652"}],"wp:attachment":[{"href":"https:\/\/cebem.org\/index.php?rest_route=%2Fwp%2Fv2%2Fmedia&parent=1650"}],"wp:term":[{"taxonomy":"category","embeddable":true,"href":"https:\/\/cebem.org\/index.php?rest_route=%2Fwp%2Fv2%2Fcategories&post=1650"},{"taxonomy":"post_tag","embeddable":true,"href":"https:\/\/cebem.org\/index.php?rest_route=%2Fwp%2Fv2%2Ftags&post=1650"}],"curies":[{"name":"wp","href":"https:\/\/api.w.org\/{rel}","templated":true}]}}