
{"id":16132,"date":"2026-04-21T10:31:24","date_gmt":"2026-04-21T14:31:24","guid":{"rendered":"https:\/\/cebem.org\/?p=16132"},"modified":"2026-04-21T10:37:27","modified_gmt":"2026-04-21T14:37:27","slug":"nota-breve-aclaratoria-119","status":"publish","type":"post","link":"https:\/\/cebem.org\/?p=16132","title":{"rendered":"Nota breve aclaratoria 119:"},"content":{"rendered":"\n<h3 class=\"wp-block-heading has-text-align-center\"><strong><strong><strong>\u00bfC\u00f3mo se puede plantear y utilizar el marco de paradigma de sostenibilidad falsa-paradigma de mercado tradicional para demostrar que el corregir las fallas externas del mercado de sostenibilidad falsa pasa la responsabilidad de dichas fallas de los productores\/consumidores del paradigma en el mercado de sostenibilidad falsa a los gobiernos, lo que los coloca en un conflicto de intereses directo con su funci\u00f3n de supervisores del mercado y correctores de fallas si la situaci\u00f3n se empeora?<\/strong><\/strong><\/strong><\/h3>\n\n\n\n<p><strong>Por Lucio Mu\u00f1oz:<\/strong> Investigador Independientes en Estudios Comparativos Cualitativo, Vancouver, BC, Canad\u00e1 <strong>Correo:<\/strong> munoz@interchange.ubc.ca<\/p>\n\n\n<div class=\"wp-block-image\">\n<figure class=\"aligncenter size-full is-resized\"><img data-recalc-dims=\"1\" fetchpriority=\"high\" decoding=\"async\" width=\"540\" height=\"523\" src=\"https:\/\/i0.wp.com\/cebem.org\/wp-content\/uploads\/2026\/04\/ART320F4SPANISH.jpg?resize=540%2C523&#038;ssl=1\" alt=\"\" class=\"wp-image-16133\" style=\"aspect-ratio:1.0325272923730393;width:499px;height:auto\" srcset=\"https:\/\/i0.wp.com\/cebem.org\/wp-content\/uploads\/2026\/04\/ART320F4SPANISH.jpg?w=540&amp;ssl=1 540w, https:\/\/i0.wp.com\/cebem.org\/wp-content\/uploads\/2026\/04\/ART320F4SPANISH.jpg?resize=300%2C291&amp;ssl=1 300w\" sizes=\"(max-width: 540px) 100vw, 540px\" \/><\/figure>\n<\/div>\n\n\n<p><strong>Res\u00famen<\/strong>:<\/p>\n\n\n\n<p class=\"has-text-align-justify\">Existe un problema de contaminaci\u00f3n socio-ambiental que separa los paradigmas de mercado tradicionales de los paradigmas de mercado de sostenibilidad falsa. En otras palabras, existe una falla de mercado socio-ambiental externa entre los paradigmas de mercado de sostenibilidad falsa y los paradigmas de mercado tradicionales, la cual debe corregirse. Es responsabilidad de los gobiernos abordar las fallas del mercado cuando los mercados libres las encuentran, para asegurar que las econom\u00edas funcionen de manera eficiente. El papel del gobierno es actuar como promotor, supervisor, regulador y ejecutor de pol\u00edticas de mercado, sin conflicto de intereses, ya que la responsabilidad del correcto funcionamiento del mercado y de sus fallas recae en los productores y consumidores del paradigma de mercado de verdadera sostenibilidad, y en los productores y consumidores del paradigma de mercado tradicional, respectivamente. Por lo tanto, si el gobierno corrige completamente la falla del mercado socio-ambiental externa mediante la transici\u00f3n total de los paradigmas de mercado tradicionales al paradigma de mercado de sostenibilidad verdadera, la responsabilidad de la falla del mercado pasa de los productores y consumidores del paradigma de mercado tradicional a los productores y consumidores del paradigma de mercado de sostenibilidad verdadera; y el gobierno intervendr\u00eda entonces solo si existen fallas internas del paradigma de mercado de sostenibilidad verdadera. Sin embargo, si el gobierno elige, a sabiendas o debido a lagunas de conocimiento sobre el verdadero cambio de paradigma del mercado de sostenibilidad, o simplemente por confiar en el supuesto de neutralidad de externalidades de fallas de mercado socio-ambientales externas para ignorar una falla de mercado socio-ambiental externa real, implementar paradigmas de mercado de sostenibilidad falsa para gestionar las consecuencias de la falla de mercado socio-ambiental externa, entonces la responsabilidad por la falla del paradigma de mercado de sostenibilidad falsa, a medida que las cosas se empeoran, recae ahora en los gobiernos, no en los productores y consumidores del paradigma de mercado de sostenibilidad falsa. Y esto hace que las siguientes preguntas sean relevantes: \u00bfC\u00f3mo se puede enunciar y utilizar el marco de sostenibilidad basado en el paradigma de mercado de sostenibilidad falsa- paradigma del mercado tradicional para demostrar que remendar las fallas del mercado externo traslada la responsabilidad de la falla del mercado de los productores\/consumidores del paradigma de mercado de sostenibilidad falsa a los gobiernos, colocando a los gobiernos en un conflicto de intereses directo con su papel como supervisores del mercado y corregidores parciales si las cosas empeoran? Dado que los mercados en estos casos est\u00e1n sometidos a intervenciones gubernamentales permanentes, \u00bfcu\u00e1les son las implicaciones de esta situaci\u00f3n para aquellos que quieren asegurarse que las soluciones a problemas socio-ambientales cr\u00edticos que el gobierno implementa sean apropiadas?<\/p>\n\n\n\n<div class=\"wp-block-file\"><a id=\"wp-block-file--media-ea2ebf74-5752-420b-8711-54b71aecc4e6\" href=\"https:\/\/cebem.org\/wp-content\/uploads\/2026\/04\/ART320.pdf\" target=\"_blank\" rel=\"noreferrer noopener\">Descarga el art\u00edculo completo (ingles)<\/a><a href=\"https:\/\/cebem.org\/wp-content\/uploads\/2026\/04\/ART320.pdf\" class=\"wp-block-file__button wp-element-button\" download aria-describedby=\"wp-block-file--media-ea2ebf74-5752-420b-8711-54b71aecc4e6\">Descarga<\/a><\/div>\n","protected":false},"excerpt":{"rendered":"<p>\u00bfC\u00f3mo se puede plantear y utilizar el marco de paradigma de sostenibilidad falsa-paradigma de mercado tradicional para demostrar que el corregir las fallas externas del mercado de sostenibilidad falsa pasa la responsabilidad de dichas fallas de los productores\/consumidores del paradigma en el mercado de sostenibilidad falsa a los gobiernos, lo que los coloca en un conflicto de intereses directo con su funci\u00f3n de supervisores del mercado y correctores de fallas si la situaci\u00f3n se empeora?<\/p>\n","protected":false},"author":15,"featured_media":16133,"comment_status":"closed","ping_status":"closed","sticky":false,"template":"","format":"standard","meta":{"_jetpack_memberships_contains_paid_content":false,"footnotes":"","jetpack_publicize_message":"","jetpack_publicize_feature_enabled":true,"jetpack_social_post_already_shared":true,"jetpack_social_options":{"image_generator_settings":{"template":"highway","default_image_id":0,"font":"","enabled":false},"version":2}},"categories":[9,7],"tags":[29,2365,74],"class_list":["post-16132","post","type-post","status-publish","format-standard","has-post-thumbnail","hentry","category-destacados","category-otras-publicaciones","tag-articulo","tag-boletin-5-mayo-2026","tag-libro","item-wrap"],"jetpack_publicize_connections":[],"jetpack_featured_media_url":"https:\/\/i0.wp.com\/cebem.org\/wp-content\/uploads\/2026\/04\/ART320F4SPANISH.jpg?fit=540%2C523&ssl=1","jetpack_sharing_enabled":true,"_links":{"self":[{"href":"https:\/\/cebem.org\/index.php?rest_route=\/wp\/v2\/posts\/16132","targetHints":{"allow":["GET"]}}],"collection":[{"href":"https:\/\/cebem.org\/index.php?rest_route=\/wp\/v2\/posts"}],"about":[{"href":"https:\/\/cebem.org\/index.php?rest_route=\/wp\/v2\/types\/post"}],"author":[{"embeddable":true,"href":"https:\/\/cebem.org\/index.php?rest_route=\/wp\/v2\/users\/15"}],"replies":[{"embeddable":true,"href":"https:\/\/cebem.org\/index.php?rest_route=%2Fwp%2Fv2%2Fcomments&post=16132"}],"version-history":[{"count":2,"href":"https:\/\/cebem.org\/index.php?rest_route=\/wp\/v2\/posts\/16132\/revisions"}],"predecessor-version":[{"id":16136,"href":"https:\/\/cebem.org\/index.php?rest_route=\/wp\/v2\/posts\/16132\/revisions\/16136"}],"wp:featuredmedia":[{"embeddable":true,"href":"https:\/\/cebem.org\/index.php?rest_route=\/wp\/v2\/media\/16133"}],"wp:attachment":[{"href":"https:\/\/cebem.org\/index.php?rest_route=%2Fwp%2Fv2%2Fmedia&parent=16132"}],"wp:term":[{"taxonomy":"category","embeddable":true,"href":"https:\/\/cebem.org\/index.php?rest_route=%2Fwp%2Fv2%2Fcategories&post=16132"},{"taxonomy":"post_tag","embeddable":true,"href":"https:\/\/cebem.org\/index.php?rest_route=%2Fwp%2Fv2%2Ftags&post=16132"}],"curies":[{"name":"wp","href":"https:\/\/api.w.org\/{rel}","templated":true}]}}