
{"id":15907,"date":"2025-12-15T16:36:07","date_gmt":"2025-12-15T20:36:07","guid":{"rendered":"https:\/\/cebem.org\/?p=15907"},"modified":"2025-12-15T16:42:22","modified_gmt":"2025-12-15T20:42:22","slug":"nota-breve-aclaratoria-107","status":"publish","type":"post","link":"https:\/\/cebem.org\/?p=15907","title":{"rendered":"Nota breve aclaratoria 107:"},"content":{"rendered":"\n<h3 class=\"wp-block-heading has-text-align-center\"><strong><strong>Uso de la tabla de verdad de causalidad coyuntural para definir paso a paso las posibles rutas de evoluci\u00f3n para los cambios y retrocesos de paradigmas de Pareto \u00f3ptimos profundos a profundos: El caso del mercado del capitalismo profundo, la evoluci\u00f3n horizontal, la evoluci\u00f3n vertical y la maldici\u00f3n de Thomas Kuhn.<\/strong><\/strong><\/h3>\n\n\n\n<p><strong>Por Lucio Mu\u00f1oz:<\/strong> Investigador Independientes en Estudios Comparativos Cualitativo, Vancouver, BC, Canad\u00e1 <strong>Correo:<\/strong> munoz@interchange.ubc.ca<\/p>\n\n\n<div class=\"wp-block-image\">\n<figure class=\"aligncenter size-full is-resized\"><img data-recalc-dims=\"1\" fetchpriority=\"high\" decoding=\"async\" width=\"625\" height=\"248\" src=\"https:\/\/i0.wp.com\/cebem.org\/wp-content\/uploads\/2025\/12\/ART308FFF1SPANISH.jpg?resize=625%2C248&#038;ssl=1\" alt=\"\" class=\"wp-image-15908\" style=\"aspect-ratio:2.5201997276441217;object-fit:cover;width:633px;height:auto\" srcset=\"https:\/\/i0.wp.com\/cebem.org\/wp-content\/uploads\/2025\/12\/ART308FFF1SPANISH.jpg?w=625&amp;ssl=1 625w, https:\/\/i0.wp.com\/cebem.org\/wp-content\/uploads\/2025\/12\/ART308FFF1SPANISH.jpg?resize=300%2C119&amp;ssl=1 300w\" sizes=\"(max-width: 625px) 100vw, 625px\" \/><\/figure>\n<\/div>\n\n\n<p><strong>Res\u00famen<\/strong>:<\/p>\n\n\n\n<p class=\"has-text-align-justify\">Si conocemos la estructura del modelo de paradigmas perfectos, podemos crear el estado coyuntural bajo el cual opera cada uno de ellos, creando en el proceso la estructura del modelo y las tablas de verdad del estado coyuntural. Conociendo tanto la estructura del modelo como el estado coyuntural, podemos establecer la estructura de los cambios y retrocesos de paradigmas profundos que ocurren en el mismo nivel de an\u00e1lisis, utilizando tanto la teor\u00eda de la variabilidad del modelo como la teor\u00eda de la variabilidad del estado coyuntural. Este documento trata sobre la formulaci\u00f3n del modelo y el estado coyuntural de inversi\u00f3n y reversi\u00f3n del paradigma del capitalismo profundo\/econom\u00eda profunda para expandir de esa manera el pensamiento de optimalidad de Pareto m\u00e1s all\u00e1 del pensamiento tradicional en t\u00e9rminos de la teor\u00eda de inversi\u00f3n y reversi\u00f3n para capturar la idea de la evoluci\u00f3n horizontal del paradigma del capitalismo profundo\/econom\u00eda profunda, donde se mantiene el mismo nivel de responsabilidad de externalidades donde el movimiento es horizontal, pero la naturaleza del problema de producci\u00f3n de contaminaci\u00f3n asociado con la forma en que funcionan los nuevos mercados profundos cambia, y donde la base de conocimiento del paradigma anterior se deja atr\u00e1s durante la inversi\u00f3n o se recupera durante la reinversi\u00f3n del paradigma. Luego se se\u00f1ala c\u00f3mo el paradigma del capitalismo profundo\/mercado profundo evoluciona verticalmente, como cuando est\u00e1 bajo presiones de externalidades socio-ambientales inescapables, se evoluciona hacia arriba para salvar sus valores centrales, responsabilidad econ\u00f3mica, dejando atr\u00e1s la base de conocimiento anterior a medida que adquiere niveles m\u00e1s altos de responsabilidad de externalidades.<\/p>\n\n\n\n<div data-wp-interactive=\"core\/file\" class=\"wp-block-file\"><object data-wp-bind--hidden=\"!state.hasPdfPreview\" hidden class=\"wp-block-file__embed\" data=\"https:\/\/cebem.org\/wp-content\/uploads\/2025\/12\/ART308.pdf\" type=\"application\/pdf\" style=\"width:100%;height:772px\" aria-label=\"Incrustado de Descarga el art\u00edculo completo (ingles).\"><\/object><a id=\"wp-block-file--media-7eabcb12-4492-47ec-be69-183ecec1220f\" href=\"https:\/\/cebem.org\/wp-content\/uploads\/2025\/12\/ART308.pdf\" target=\"_blank\" rel=\"noreferrer noopener\">Descarga el art\u00edculo completo (ingles)<\/a><a href=\"https:\/\/cebem.org\/wp-content\/uploads\/2025\/12\/ART308.pdf\" class=\"wp-block-file__button wp-element-button\" download aria-describedby=\"wp-block-file--media-7eabcb12-4492-47ec-be69-183ecec1220f\">Descarga<\/a><\/div>\n\n\n\n<p><\/p>\n","protected":false},"excerpt":{"rendered":"<p>Uso de la tabla de verdad de causalidad coyuntural para definir paso a paso las posibles rutas de evoluci\u00f3n para los cambios y retrocesos de paradigmas de Pareto \u00f3ptimos profundos a profundos: El caso del mercado del capitalismo profundo, la evoluci\u00f3n horizontal, la evoluci\u00f3n vertical y la maldici\u00f3n de Thomas Kuhn.<\/p>\n","protected":false},"author":15,"featured_media":15908,"comment_status":"closed","ping_status":"closed","sticky":false,"template":"","format":"standard","meta":{"_jetpack_memberships_contains_paid_content":false,"footnotes":"","jetpack_publicize_message":"","jetpack_publicize_feature_enabled":true,"jetpack_social_post_already_shared":true,"jetpack_social_options":{"image_generator_settings":{"template":"highway","default_image_id":0,"font":"","enabled":false},"version":2}},"categories":[7],"tags":[29,2334,74],"class_list":["post-15907","post","type-post","status-publish","format-standard","has-post-thumbnail","hentry","category-otras-publicaciones","tag-articulo","tag-boletin-1-enero-2026","tag-libro","item-wrap"],"jetpack_publicize_connections":[],"jetpack_featured_media_url":"https:\/\/i0.wp.com\/cebem.org\/wp-content\/uploads\/2025\/12\/ART308FFF1SPANISH.jpg?fit=625%2C248&ssl=1","jetpack_sharing_enabled":true,"_links":{"self":[{"href":"https:\/\/cebem.org\/index.php?rest_route=\/wp\/v2\/posts\/15907","targetHints":{"allow":["GET"]}}],"collection":[{"href":"https:\/\/cebem.org\/index.php?rest_route=\/wp\/v2\/posts"}],"about":[{"href":"https:\/\/cebem.org\/index.php?rest_route=\/wp\/v2\/types\/post"}],"author":[{"embeddable":true,"href":"https:\/\/cebem.org\/index.php?rest_route=\/wp\/v2\/users\/15"}],"replies":[{"embeddable":true,"href":"https:\/\/cebem.org\/index.php?rest_route=%2Fwp%2Fv2%2Fcomments&post=15907"}],"version-history":[{"count":1,"href":"https:\/\/cebem.org\/index.php?rest_route=\/wp\/v2\/posts\/15907\/revisions"}],"predecessor-version":[{"id":15910,"href":"https:\/\/cebem.org\/index.php?rest_route=\/wp\/v2\/posts\/15907\/revisions\/15910"}],"wp:featuredmedia":[{"embeddable":true,"href":"https:\/\/cebem.org\/index.php?rest_route=\/wp\/v2\/media\/15908"}],"wp:attachment":[{"href":"https:\/\/cebem.org\/index.php?rest_route=%2Fwp%2Fv2%2Fmedia&parent=15907"}],"wp:term":[{"taxonomy":"category","embeddable":true,"href":"https:\/\/cebem.org\/index.php?rest_route=%2Fwp%2Fv2%2Fcategories&post=15907"},{"taxonomy":"post_tag","embeddable":true,"href":"https:\/\/cebem.org\/index.php?rest_route=%2Fwp%2Fv2%2Ftags&post=15907"}],"curies":[{"name":"wp","href":"https:\/\/api.w.org\/{rel}","templated":true}]}}